{"id":2592,"date":"2020-01-08T13:37:44","date_gmt":"2020-01-08T13:37:44","guid":{"rendered":"https:\/\/www.greenpeace.org\/colombia\/?p=2592"},"modified":"2025-07-02T07:27:53","modified_gmt":"2025-07-02T07:27:53","slug":"australia-cambio-climatico-carbon-e-incendios-devastadores","status":"publish","type":"post","link":"https:\/\/www.greenpeace.org\/colombia\/blog\/campanas\/climayenergia\/australia-cambio-climatico-carbon-e-incendios-devastadores\/","title":{"rendered":"Australia: cambio clim\u00e1tico, carb\u00f3n e incendios devastadores"},"content":{"rendered":"\n<figure class=\"wp-block-image size-large  caption-style-medium caption-alignment-center\"><img loading=\"lazy\" decoding=\"async\" width=\"1024\" height=\"683\" src=\"https:\/\/www.greenpeace.org\/static\/planet4-colombia-stateless\/2020\/01\/f4c76e33-australia1.jpg\" alt=\"\" class=\"wp-image-2593\" srcset=\"https:\/\/www.greenpeace.org\/static\/planet4-colombia-stateless\/2020\/01\/f4c76e33-australia1.jpg 1024w, https:\/\/www.greenpeace.org\/static\/planet4-colombia-stateless\/2020\/01\/f4c76e33-australia1-300x200.jpg 300w, https:\/\/www.greenpeace.org\/static\/planet4-colombia-stateless\/2020\/01\/f4c76e33-australia1-768x512.jpg 768w, https:\/\/www.greenpeace.org\/static\/planet4-colombia-stateless\/2020\/01\/f4c76e33-australia1-510x340.jpg 510w\" sizes=\"auto, (max-width: 1024px) 100vw, 1024px\" \/><figcaption> Una mujer respira con m\u00e1scara en el centro de S\u00eddney debido a la neblina causada por los graves incendios de las \u00faltimas semanas en Australia. \u00a9 Cole Bennetts \/ Greenpeace <\/figcaption><\/figure>\n\n<p>Los<strong>&nbsp;grandes incendios que se est\u00e1n produciendo en Australia<\/strong>, agravados por condiciones catastr\u00f3ficas sin precedentes, convirtieron a <strong>Sidney<\/strong> en <strong>la ciudad con el aire m\u00e1s contaminado del mundo estos d\u00edas<\/strong>.  Hay m\u00e1s de 20 personas fallecidas, hay casas destruidas, murieron millones de animales y m\u00e1s de 6 millones de hect\u00e1reas fueron arrasadas.  Mientras tanto, contin\u00faa una grave sequ\u00eda que est\u00e1 dejando a las ciudades rurales sin agua.   <\/p>\n\n<p>Hay una sensaci\u00f3n de conmoci\u00f3n, tristeza e ira en el \u00e1mbito p\u00fablico que nunca antes se hab\u00eda visto en Australia. Las cosas no van a cambiar de la noche a la ma\u00f1ana porque&nbsp;<strong>Australia es una naci\u00f3n de combustibles f\u00f3siles<\/strong>.&nbsp;<strong>Es la mayor exportadora de carb\u00f3n del mundo y la tercera mayor exportadora de todos los combustibles f\u00f3siles<\/strong>.&nbsp;<strong>Las reservas de carb\u00f3n de Australia son la segunda bomba de CO2 m\u00e1s grande del planeta<\/strong>. <\/p>\n\n<figure class=\"wp-block-image size-large  caption-style-medium caption-alignment-center\"><img loading=\"lazy\" decoding=\"async\" width=\"1024\" height=\"629\" src=\"https:\/\/www.greenpeace.org\/static\/planet4-colombia-stateless\/2020\/01\/9e147639-australia2.jpg\" alt=\"\" class=\"wp-image-2598\" srcset=\"https:\/\/www.greenpeace.org\/static\/planet4-colombia-stateless\/2020\/01\/9e147639-australia2.jpg 1024w, https:\/\/www.greenpeace.org\/static\/planet4-colombia-stateless\/2020\/01\/9e147639-australia2-300x184.jpg 300w, https:\/\/www.greenpeace.org\/static\/planet4-colombia-stateless\/2020\/01\/9e147639-australia2-768x472.jpg 768w, https:\/\/www.greenpeace.org\/static\/planet4-colombia-stateless\/2020\/01\/9e147639-australia2-510x313.jpg 510w\" sizes=\"auto, (max-width: 1024px) 100vw, 1024px\" \/><figcaption> Bomberos combatiendo incendios en Australia \u2013<br>\u00a9 PETER PARKS \/ AFP via Getty Images <\/figcaption><\/figure>\n\n<p>As\u00ed que, mientras el Gobierno australiano redobla sus esfuerzos en defensa del carb\u00f3n, participando en \u201ctrucos\u201d de distracci\u00f3n, negaci\u00f3n y amenazas de represi\u00f3n,&nbsp;<strong>la mayor\u00eda de la poblaci\u00f3n ya sabe que la&nbsp;emergencia clim\u00e1tica&nbsp;es real<\/strong>, y est\u00e1 ejerciendo una presi\u00f3n sin precedentes sobre el sistema pol\u00edtico. <\/p>\n\n<figure class=\"wp-block-image size-large  caption-style-medium caption-alignment-center\"><img loading=\"lazy\" decoding=\"async\" width=\"800\" height=\"533\" src=\"https:\/\/www.greenpeace.org\/static\/planet4-colombia-stateless\/2020\/01\/f8b6aaf3-australia3.png\" alt=\"\" class=\"wp-image-2601\" srcset=\"https:\/\/www.greenpeace.org\/static\/planet4-colombia-stateless\/2020\/01\/f8b6aaf3-australia3.png 800w, https:\/\/www.greenpeace.org\/static\/planet4-colombia-stateless\/2020\/01\/f8b6aaf3-australia3-300x200.png 300w, https:\/\/www.greenpeace.org\/static\/planet4-colombia-stateless\/2020\/01\/f8b6aaf3-australia3-768x512.png 768w, https:\/\/www.greenpeace.org\/static\/planet4-colombia-stateless\/2020\/01\/f8b6aaf3-australia3-510x340.png 510w\" sizes=\"auto, (max-width: 800px) 100vw, 800px\" \/><figcaption> Sobrevivientes de los incendios llevan los restos de su casa quemada al Parlamento australiano, con el mensaje: \u00a8Morrison, su crisis clim\u00e1tica destruy\u00f3 mi hogar\u00a8. \u00a9 Dean Sewell \/ Greenpeace <\/figcaption><\/figure>\n\n<p>Las condiciones clim\u00e1ticas extremas cada vez se parecen m\u00e1s entre pa\u00edses. Sabemos que&nbsp;<strong>el cambio clim\u00e1tico est\u00e1 transformando el r\u00e9gimen de incendios<\/strong>, provocando fen\u00f3menos m\u00e1s intensos y una deforestaci\u00f3n mayor por la disminuci\u00f3n de la capacidad de recuperaci\u00f3n de bosques en muchos lugares.<\/p>\n\n<p><strong>Los fen\u00f3menos meteorol\u00f3gicos extremos que predijo la comunidad cient\u00edfica ya est\u00e1n asolando bosques, montes, casas y vidas en Australia y en el resto de planeta<\/strong>. La quema de carb\u00f3n y los incendios forestales cada vez m\u00e1s incontrolables son origen y consecuencia del mismo problema: el&nbsp;<strong>cambio clim\u00e1tico<\/strong>.<\/p>\n\n<p>Por eso, seguimos exigiendo a las naciones y gobiernos<strong>&nbsp;planes de reducci\u00f3n de emisiones ambiciosos<\/strong>&nbsp;(m\u00e1s que los actuales, que nos llevar\u00edan a un calentamiento de m\u00e1s de 3 grados) y as\u00ed conservar la esperanza de contener el calentamiento en 1,5 \u00baC. Entre un grado de calentamiento y otro hay&nbsp;<strong>millones de vidas en juego<\/strong>.<\/p>\n<div class=\"EmptyMessage\">Block content is empty. Check the block&#8217;s settings or remove it.<\/div>","protected":false},"excerpt":{"rendered":"<p>Los grandes incendios que se est\u00e1n produciendo en Australia, agravados por condiciones catastr\u00f3ficas sin precedentes, convirtieron a Sidney en la ciudad con el aire m\u00e1s contaminado del mundo estos d\u00edas.<\/p>\n","protected":false},"author":22,"featured_media":2593,"comment_status":"closed","ping_status":"open","sticky":false,"template":"","format":"standard","meta":{"ep_exclude_from_search":false,"p4_og_title":"","p4_og_description":"","p4_og_image":"","p4_og_image_id":"","p4_seo_canonical_url":"","p4_campaign_name":"not set","p4_local_project":"not set","p4_basket_name":"not set","p4_department":"","footnotes":""},"categories":[3],"tags":[40],"p4-page-type":[14],"class_list":["post-2592","post","type-post","status-publish","format-standard","has-post-thumbnail","hentry","category-climayenergia","tag-australiaenllamas","p4-page-type-blog"],"_links":{"self":[{"href":"https:\/\/www.greenpeace.org\/colombia\/wp-json\/wp\/v2\/posts\/2592","targetHints":{"allow":["GET"]}}],"collection":[{"href":"https:\/\/www.greenpeace.org\/colombia\/wp-json\/wp\/v2\/posts"}],"about":[{"href":"https:\/\/www.greenpeace.org\/colombia\/wp-json\/wp\/v2\/types\/post"}],"author":[{"embeddable":true,"href":"https:\/\/www.greenpeace.org\/colombia\/wp-json\/wp\/v2\/users\/22"}],"replies":[{"embeddable":true,"href":"https:\/\/www.greenpeace.org\/colombia\/wp-json\/wp\/v2\/comments?post=2592"}],"version-history":[{"count":14,"href":"https:\/\/www.greenpeace.org\/colombia\/wp-json\/wp\/v2\/posts\/2592\/revisions"}],"predecessor-version":[{"id":15704,"href":"https:\/\/www.greenpeace.org\/colombia\/wp-json\/wp\/v2\/posts\/2592\/revisions\/15704"}],"wp:featuredmedia":[{"embeddable":true,"href":"https:\/\/www.greenpeace.org\/colombia\/wp-json\/wp\/v2\/media\/2593"}],"wp:attachment":[{"href":"https:\/\/www.greenpeace.org\/colombia\/wp-json\/wp\/v2\/media?parent=2592"}],"wp:term":[{"taxonomy":"category","embeddable":true,"href":"https:\/\/www.greenpeace.org\/colombia\/wp-json\/wp\/v2\/categories?post=2592"},{"taxonomy":"post_tag","embeddable":true,"href":"https:\/\/www.greenpeace.org\/colombia\/wp-json\/wp\/v2\/tags?post=2592"},{"taxonomy":"p4-page-type","embeddable":true,"href":"https:\/\/www.greenpeace.org\/colombia\/wp-json\/wp\/v2\/p4-page-type?post=2592"}],"curies":[{"name":"wp","href":"https:\/\/api.w.org\/{rel}","templated":true}]}}