{"id":2710,"date":"2020-01-31T20:26:22","date_gmt":"2020-01-31T20:26:22","guid":{"rendered":"https:\/\/www.greenpeace.org\/colombia\/?p=2710"},"modified":"2021-12-01T12:25:43","modified_gmt":"2021-12-01T12:25:43","slug":"todos-ponemos-todos-aprendemos","status":"publish","type":"post","link":"https:\/\/www.greenpeace.org\/colombia\/blog\/greenpeace\/todos-ponemos-todos-aprendemos\/","title":{"rendered":"Todos ponemos, todos aprendemos"},"content":{"rendered":"\n<p><strong>El equipo de voluntarios y voluntarias en Bogot\u00e1 se reuni\u00f3 durante un fin de semana para aprender a encuadernar agendas y libretas, con papel reciclado, para donarlas a ni\u00f1os y ni\u00f1as que har\u00e1n buen uso de ellas.<\/strong><\/p>\n\n<p> La idea nace de una conversaci\u00f3n entre las voluntarias Camila y Ana Mar\u00eda quienes, preocupadas por no desperdiciar y hacer buen uso de un papel sobrante de otras actividades, invitaron al equipo a ponerse manos a la obra.  <\/p>\n\n<figure class=\"wp-block-image size-large  caption-style-medium caption-alignment-center\"><img loading=\"lazy\" decoding=\"async\" width=\"714\" height=\"366\" src=\"https:\/\/www.greenpeace.org\/static\/planet4-colombia-stateless\/2020\/01\/8883b5ce-blog.png\" alt=\"\" class=\"wp-image-2713\" srcset=\"https:\/\/www.greenpeace.org\/static\/planet4-colombia-stateless\/2020\/01\/8883b5ce-blog.png 714w, https:\/\/www.greenpeace.org\/static\/planet4-colombia-stateless\/2020\/01\/8883b5ce-blog-300x154.png 300w, https:\/\/www.greenpeace.org\/static\/planet4-colombia-stateless\/2020\/01\/8883b5ce-blog-510x261.png 510w\" sizes=\"auto, (max-width: 714px) 100vw, 714px\" \/><\/figure>\n\n<p>Esta actividad es una de tantas que realiza el equipo de voluntarias y voluntarios en Bogot\u00e1 y que nos llena de gran orgullo. Es un honor verles activos y con tantas ganas de aportar desde las acciones m\u00e1s peque\u00f1as y sencillas pero de alta incidencia. En Greenpeace consideramos que no hay acci\u00f3n peque\u00f1a y que entre todos y todas podemos lograr grandes cambios.&nbsp;<\/p>\n\n<p>Gracias a la creatividad y a la experticia de Pablo y Samantha, quienes ense\u00f1aron las t\u00e9cnicas de encuadernaci\u00f3n, el equipo logr\u00f3 ayudar al ambiente de dos maneras: con la reducci\u00f3n de consumo puesto que son objetos \u00fatiles para donar y, con la reducci\u00f3n de residuos al reciclar el papel. Adicionalmente, hacer libretas es una manera muy bella de contribuir al desarrollo no s\u00f3lo de las y los voluntarios sino tambi\u00e9n de aquellos ni\u00f1os y ni\u00f1as que reciban las libretas para escribir y dibujar.&nbsp;<\/p>\n\n<p>Nathali\u00e9, voluntaria, nos cuenta que la actividad fue m\u00e1s all\u00e1 de lo manual porque el proceso de coser con el hilo les ayud\u00f3 a generar paciencia y empat\u00eda.&nbsp;<\/p>\n\n<p>Gracias a estas actividades lideradas y gestionadas por los y las voluntarias, se descubren nuevas habilidades y competencias en el equipo, se favorece el intercambio de saberes y ni hablar de cu\u00e1nto se goza compartiendo entre amigos.<\/p>\n\n<p>Con este ejemplo, confirmamos una vez m\u00e1s que el compromiso no se mide en grandes acciones sino en peque\u00f1os cambios de actitud y comportamiento que, \u00a1ayudan al planeta!<br><\/p>\n\t\t\t<section\n\t\t\tclass=\"boxout post-578 \"\n\t\t\t\n\t\t>\n\t\t\t<a\n\t\t\t\tdata-ga-category=\"Take Action Boxout\"\n\t\t\t\tdata-ga-action=\"Image\"\n\t\t\t\tdata-ga-label=\"n\/a\"\n\t\t\t\tclass=\"cover-card-overlay\"\n\t\t\t\thref=\"https:\/\/www.greenpeace.org\/colombia\/conviertete-en-voluntario\/\" \n\t\t\t><\/a>\n\t\t\t\t\t\t\t<img\n\t\t\t\t\t\tsrc=\"https:\/\/www.greenpeace.org\/static\/planet4-colombia-stateless\/2023\/07\/68016802-feria_bogota.jpg\"\n\t\t\t\t\t\tsrcset=\"https:\/\/www.greenpeace.org\/static\/planet4-colombia-stateless\/2023\/07\/68016802-feria_bogota-300x200.jpg 300w, https:\/\/www.greenpeace.org\/static\/planet4-colombia-stateless\/2023\/07\/68016802-feria_bogota-510x340.jpg 510w, https:\/\/www.greenpeace.org\/static\/planet4-colombia-stateless\/2023\/07\/68016802-feria_bogota.jpg 640w\"\n\t\t\t\t\t\tsizes=\"(min-width: 1000px) 358px, (min-width: 780px) 313px, 88px\"\n\t\t\t\t\t\talt=\"Voluntarios y voluntarias\" title=\"Voluntarios y voluntarias\"\n\t\t\t\t\/>\n            \t\t\t<div class=\"boxout-content\">\n\t\t\t\t\t\t\t\t\t<a\n\t\t\t\t\t\tclass=\"boxout-heading medium\"\n\t\t\t\t\t\tdata-ga-category=\"Take Action Boxout\"\n\t\t\t\t\t\tdata-ga-action=\"Title\"\n\t\t\t\t\t\tdata-ga-label=\"n\/a\"\n\t\t\t\t\t\thref=\"https:\/\/www.greenpeace.org\/colombia\/conviertete-en-voluntario\/\"\n\t\t\t\t\t\t\n\t\t\t\t\t>\n\t\t\t\t\t\tInvol\u00facrate\n\t\t\t\t\t<\/a>\n\t\t\t\t\t\t\t\t\t\t\t\t\t<p class=\"boxout-excerpt\">Las personas voluntarias son\nel coraz\u00f3n de nuestra organizaci\u00f3n. \n\u00a1\u00danete!<\/p>\n\t\t\t\t                                    <a\n                        class=\"btn btn-primary\"\n                        data-ga-category=\"Take Action Boxout\"\n                        data-ga-action=\"Call to Action\"\n                        data-ga-label=\"n\/a\"\n                        href=\"https:\/\/www.greenpeace.org\/colombia\/conviertete-en-voluntario\/\"\n                        \n                    >\n                        Invol\u00facrate\n                    <\/a>\n                \t\t\t<\/div>\n\t\t\t\t\t<\/section>\n\t","protected":false},"excerpt":{"rendered":"<p>El equipo de voluntarios y voluntarias en Bogot\u00e1 se reuni\u00f3 durante un fin de semana para aprender a encuadernar agendas y libretas, con papel reciclado, para donarlas a ni\u00f1os y&hellip;<\/p>\n","protected":false},"author":24,"featured_media":2713,"comment_status":"closed","ping_status":"open","sticky":false,"template":"","format":"standard","meta":{"ep_exclude_from_search":false,"p4_og_title":"","p4_og_description":"","p4_og_image":"","p4_og_image_id":"","p4_seo_canonical_url":"","p4_campaign_name":"not set","p4_local_project":"not set","p4_basket_name":"not set","p4_department":"","footnotes":""},"categories":[37],"tags":[29],"p4-page-type":[14],"class_list":["post-2710","post","type-post","status-publish","format-standard","has-post-thumbnail","hentry","category-greenpeace","tag-voluntarios","p4-page-type-blog"],"_links":{"self":[{"href":"https:\/\/www.greenpeace.org\/colombia\/wp-json\/wp\/v2\/posts\/2710","targetHints":{"allow":["GET"]}}],"collection":[{"href":"https:\/\/www.greenpeace.org\/colombia\/wp-json\/wp\/v2\/posts"}],"about":[{"href":"https:\/\/www.greenpeace.org\/colombia\/wp-json\/wp\/v2\/types\/post"}],"author":[{"embeddable":true,"href":"https:\/\/www.greenpeace.org\/colombia\/wp-json\/wp\/v2\/users\/24"}],"replies":[{"embeddable":true,"href":"https:\/\/www.greenpeace.org\/colombia\/wp-json\/wp\/v2\/comments?post=2710"}],"version-history":[{"count":7,"href":"https:\/\/www.greenpeace.org\/colombia\/wp-json\/wp\/v2\/posts\/2710\/revisions"}],"predecessor-version":[{"id":5604,"href":"https:\/\/www.greenpeace.org\/colombia\/wp-json\/wp\/v2\/posts\/2710\/revisions\/5604"}],"wp:featuredmedia":[{"embeddable":true,"href":"https:\/\/www.greenpeace.org\/colombia\/wp-json\/wp\/v2\/media\/2713"}],"wp:attachment":[{"href":"https:\/\/www.greenpeace.org\/colombia\/wp-json\/wp\/v2\/media?parent=2710"}],"wp:term":[{"taxonomy":"category","embeddable":true,"href":"https:\/\/www.greenpeace.org\/colombia\/wp-json\/wp\/v2\/categories?post=2710"},{"taxonomy":"post_tag","embeddable":true,"href":"https:\/\/www.greenpeace.org\/colombia\/wp-json\/wp\/v2\/tags?post=2710"},{"taxonomy":"p4-page-type","embeddable":true,"href":"https:\/\/www.greenpeace.org\/colombia\/wp-json\/wp\/v2\/p4-page-type?post=2710"}],"curies":[{"name":"wp","href":"https:\/\/api.w.org\/{rel}","templated":true}]}}