{"id":2759,"date":"2020-02-14T15:30:48","date_gmt":"2020-02-14T15:30:48","guid":{"rendered":"https:\/\/www.greenpeace.org\/colombia\/?p=2759"},"modified":"2021-12-01T12:25:38","modified_gmt":"2021-12-01T12:25:38","slug":"recomendacion-de-greenpeace-en-san-valentin-es-hora-de-terminar-con-los-plasticos-de-un-solo-uso-%ef%bb%bf","status":"publish","type":"post","link":"https:\/\/www.greenpeace.org\/colombia\/noticia\/uncategorized\/recomendacion-de-greenpeace-en-san-valentin-es-hora-de-terminar-con-los-plasticos-de-un-solo-uso-%ef%bb%bf\/","title":{"rendered":"Recomendaci\u00f3n de Greenpeace en San Valent\u00edn: \u201cEs hora de terminar con los pl\u00e1sticos de un solo uso\u201d \ufeff"},"content":{"rendered":"\n<figure class=\"wp-block-image size-large  caption-style-medium caption-alignment-center\"><img loading=\"lazy\" decoding=\"async\" width=\"1000\" height=\"1000\" src=\"https:\/\/www.greenpeace.org\/static\/planet4-colombia-stateless\/2020\/02\/5a4e17a8-corazon_plastico_1000x1000_prensa.png\" alt=\"\" class=\"wp-image-2760\" srcset=\"https:\/\/www.greenpeace.org\/static\/planet4-colombia-stateless\/2020\/02\/5a4e17a8-corazon_plastico_1000x1000_prensa.png 1000w, https:\/\/www.greenpeace.org\/static\/planet4-colombia-stateless\/2020\/02\/5a4e17a8-corazon_plastico_1000x1000_prensa-300x300.png 300w, https:\/\/www.greenpeace.org\/static\/planet4-colombia-stateless\/2020\/02\/5a4e17a8-corazon_plastico_1000x1000_prensa-150x150.png 150w, https:\/\/www.greenpeace.org\/static\/planet4-colombia-stateless\/2020\/02\/5a4e17a8-corazon_plastico_1000x1000_prensa-768x768.png 768w, https:\/\/www.greenpeace.org\/static\/planet4-colombia-stateless\/2020\/02\/5a4e17a8-corazon_plastico_1000x1000_prensa-340x340.png 340w\" sizes=\"auto, (max-width: 1000px) 100vw, 1000px\" \/><\/figure>\n\n<p>Mientras personas en todo el mundo y en Colombia celebran el D\u00eda de los Enamorados, Greenpeace insta a los colombianos a conmemorar la fecha con la menor cantidad posible de residuos y haciendo un llamado a que &#8220;es hora de terminar definitivamente la relaci\u00f3n con los pl\u00e1sticos de un solo uso que tanto han da\u00f1ado al planeta&#8221;.<\/p>\n\n<p>Desde la ONG explicaron que cada colombiano genera por a\u00f1o 24 kilos de pl\u00e1sticos y el 56% de todos esos desechos corresponden a pl\u00e1sticos de uso \u00fanico, situaci\u00f3n que se evidencia y agrava en fechas festivas, cuando aumenta la generaci\u00f3n de residuos y pl\u00e1sticos.&nbsp;<\/p>\n\n<p><em>\u201cCasi el 60% de la basura diaria de Bogot\u00e1 es desecho pl\u00e1stico\u201d, <\/em>asegur\u00f3 Tatiana C\u00e9spedes, vocera de la campa\u00f1a de Greenpeace <em>Mejor sin Pl\u00e1sticos<\/em>.<em> <\/em>Por esta raz\u00f3n, la ONG propone reducir los desechos en este San Valent\u00edn. <em>\u201cEs hora de terminar nuestra relaci\u00f3n de dependencia con los pl\u00e1sticos de un solo uso. Qued\u00f3 demostrado que es una relaci\u00f3n completamente perjudicial y t\u00f3xica. Es posible y necesario utilizar productos reutilizables y evitar comprar objetos que ser\u00e1n desechados en pocas horas\u201d<\/em>, explic\u00f3 C\u00e9spedes.&nbsp;<\/p>\n\n<p>Para lograr este objetivo, la organizaci\u00f3n ambientalista propone los siguientes consejos:<\/p>\n\n<p>1. Regala experiencias en vez de un producto material. Una invitaci\u00f3n al cine, a comer, o al teatro. Opta por plantas o semillas en vez de ramos de flores empacados en pl\u00e1stico.&nbsp;<\/p>\n\n<p>2. Intenta envolver los regalos en papel peri\u00f3dico. An\u00edmate a hacer tu propia carta y expresa tus sentimientos de forma creativa y \u00fanica, en vez de comprar tarjetas llenas de pl\u00e1stico.&nbsp;<\/p>\n\n<p>3. Al momento de hacer las compras, lleva siempre tu bolsa de tela o reutilizable. Evita las bolsas de pl\u00e1stico.<\/p>\n\n<p>4. Si deseas regalar cremas, cosm\u00e9ticos, jabones o productos de belleza, elige aquellos que no est\u00e9n envasados en pl\u00e1sticos y que no contengan micropl\u00e1sticos en su composici\u00f3n.<\/p>\n\n<p>5. Despliega tu creatividad con decoraci\u00f3n hecha a mano con materiales como cart\u00f3n y tela.<\/p>\n\n<p>6. Si vas a regalar chocolates, opta por alternativas org\u00e1nicas con empaques m\u00e1s sostenibles.<\/p>\n\n<p>Durante la cena:<\/p>\n\n<p>7. No uses vasos, platos y cubiertos de pl\u00e1stico.&nbsp;<\/p>\n\n<p>8. Elimina el uso de pitillos pl\u00e1sticos para cualquier tipo de bebida. Elige pitillos reutilizables o bebe directamente del vaso.<\/p>\n\n<p>9. Compra tu comida a granel y evita el exceso de empaques, como por ejemplo bandejas de icopor.<\/p>\n\n<p>10. Elige bebidas aquellas cuyos envases sean retornables, como el vidrio.<\/p>\n\t\t\t<section\n\t\t\tclass=\"boxout post-387 \"\n\t\t\t\n\t\t>\n\t\t\t<a\n\t\t\t\tdata-ga-category=\"Take Action Boxout\"\n\t\t\t\tdata-ga-action=\"Image\"\n\t\t\t\tdata-ga-label=\"n\/a\"\n\t\t\t\tclass=\"cover-card-overlay\"\n\t\t\t\thref=\"https:\/\/www.greenpeace.org\/colombia\/involucrate\/colombia-mejor-sin-plasticos\/\" \n\t\t\t><\/a>\n\t\t\t\t\t\t\t<img\n\t\t\t\t\t\tsrc=\"https:\/\/www.greenpeace.org\/static\/planet4-colombia-stateless\/2024\/09\/547c00c0-plasticos-8-1024x683.jpg\"\n\t\t\t\t\t\tsrcset=\"https:\/\/www.greenpeace.org\/static\/planet4-colombia-stateless\/2024\/09\/547c00c0-plasticos-8-300x200.jpg 300w, https:\/\/www.greenpeace.org\/static\/planet4-colombia-stateless\/2024\/09\/547c00c0-plasticos-8-1024x683.jpg 1024w, https:\/\/www.greenpeace.org\/static\/planet4-colombia-stateless\/2024\/09\/547c00c0-plasticos-8-768x512.jpg 768w, https:\/\/www.greenpeace.org\/static\/planet4-colombia-stateless\/2024\/09\/547c00c0-plasticos-8-1536x1024.jpg 1536w, https:\/\/www.greenpeace.org\/static\/planet4-colombia-stateless\/2024\/09\/547c00c0-plasticos-8-2048x1366.jpg 2048w, https:\/\/www.greenpeace.org\/static\/planet4-colombia-stateless\/2024\/09\/547c00c0-plasticos-8-510x340.jpg 510w\"\n\t\t\t\t\t\tsizes=\"(min-width: 1000px) 358px, (min-width: 780px) 313px, 88px\"\n\t\t\t\t\t\talt=\"\" title=\"\"\n\t\t\t\t\/>\n            \t\t\t<div class=\"boxout-content\">\n\t\t\t\t\t\t\t\t\t<a\n\t\t\t\t\t\tclass=\"boxout-heading medium\"\n\t\t\t\t\t\tdata-ga-category=\"Take Action Boxout\"\n\t\t\t\t\t\tdata-ga-action=\"Title\"\n\t\t\t\t\t\tdata-ga-label=\"n\/a\"\n\t\t\t\t\t\thref=\"https:\/\/www.greenpeace.org\/colombia\/involucrate\/colombia-mejor-sin-plasticos\/\"\n\t\t\t\t\t\t\n\t\t\t\t\t>\n\t\t\t\t\t\tMejor sin pl\u00e1sticos\n\t\t\t\t\t<\/a>\n\t\t\t\t\t\t\t\t\t\t\t\t\t<p class=\"boxout-excerpt\">El ciclo de vida completo del pl\u00e1stico est\u00e1 envenenando nuestra salud.<\/p>\n\t\t\t\t                                    <a\n                        class=\"btn btn-primary\"\n                        data-ga-category=\"Take Action Boxout\"\n                        data-ga-action=\"Call to Action\"\n                        data-ga-label=\"n\/a\"\n                        href=\"https:\/\/www.greenpeace.org\/colombia\/involucrate\/colombia-mejor-sin-plasticos\/\"\n                        \n                    >\n                        Invol\u00facrate\n                    <\/a>\n                \t\t\t<\/div>\n\t\t\t\t\t<\/section>\n\t","protected":false},"excerpt":{"rendered":"<p>Mientras personas en todo el mundo y en Colombia celebran el D\u00eda de los Enamorados, Greenpeace insta a los colombianos a conmemorar la fecha con la menor cantidad posible de&hellip;<\/p>\n","protected":false},"author":23,"featured_media":2760,"comment_status":"closed","ping_status":"open","sticky":false,"template":"","format":"standard","meta":{"ep_exclude_from_search":false,"p4_og_title":"","p4_og_description":"","p4_og_image":"","p4_og_image_id":"","p4_seo_canonical_url":"","p4_campaign_name":"not set","p4_local_project":"not set","p4_basket_name":"not set","p4_department":"","footnotes":""},"categories":[1],"tags":[23],"p4-page-type":[16],"class_list":["post-2759","post","type-post","status-publish","format-standard","has-post-thumbnail","hentry","category-uncategorized","tag-plasticos","p4-page-type-noticia"],"_links":{"self":[{"href":"https:\/\/www.greenpeace.org\/colombia\/wp-json\/wp\/v2\/posts\/2759","targetHints":{"allow":["GET"]}}],"collection":[{"href":"https:\/\/www.greenpeace.org\/colombia\/wp-json\/wp\/v2\/posts"}],"about":[{"href":"https:\/\/www.greenpeace.org\/colombia\/wp-json\/wp\/v2\/types\/post"}],"author":[{"embeddable":true,"href":"https:\/\/www.greenpeace.org\/colombia\/wp-json\/wp\/v2\/users\/23"}],"replies":[{"embeddable":true,"href":"https:\/\/www.greenpeace.org\/colombia\/wp-json\/wp\/v2\/comments?post=2759"}],"version-history":[{"count":3,"href":"https:\/\/www.greenpeace.org\/colombia\/wp-json\/wp\/v2\/posts\/2759\/revisions"}],"predecessor-version":[{"id":5601,"href":"https:\/\/www.greenpeace.org\/colombia\/wp-json\/wp\/v2\/posts\/2759\/revisions\/5601"}],"wp:featuredmedia":[{"embeddable":true,"href":"https:\/\/www.greenpeace.org\/colombia\/wp-json\/wp\/v2\/media\/2760"}],"wp:attachment":[{"href":"https:\/\/www.greenpeace.org\/colombia\/wp-json\/wp\/v2\/media?parent=2759"}],"wp:term":[{"taxonomy":"category","embeddable":true,"href":"https:\/\/www.greenpeace.org\/colombia\/wp-json\/wp\/v2\/categories?post=2759"},{"taxonomy":"post_tag","embeddable":true,"href":"https:\/\/www.greenpeace.org\/colombia\/wp-json\/wp\/v2\/tags?post=2759"},{"taxonomy":"p4-page-type","embeddable":true,"href":"https:\/\/www.greenpeace.org\/colombia\/wp-json\/wp\/v2\/p4-page-type?post=2759"}],"curies":[{"name":"wp","href":"https:\/\/api.w.org\/{rel}","templated":true}]}}