{"id":2807,"date":"2020-03-22T14:30:06","date_gmt":"2020-03-22T14:30:06","guid":{"rendered":"https:\/\/www.greenpeace.org\/colombia\/?p=2807"},"modified":"2021-12-01T12:25:30","modified_gmt":"2021-12-01T12:25:30","slug":"dia-mundial-del-agua-la-humanidad-esta-enfrentando-grandes-desafios-y-la-preservacion-del-agua-es-uno-de-ellos","status":"publish","type":"post","link":"https:\/\/www.greenpeace.org\/colombia\/noticia\/uncategorized\/dia-mundial-del-agua-la-humanidad-esta-enfrentando-grandes-desafios-y-la-preservacion-del-agua-es-uno-de-ellos\/","title":{"rendered":"\u201cLa humanidad est\u00e1 enfrentando grandes desaf\u00edos y la preservaci\u00f3n del agua es uno de ellos\u201d"},"content":{"rendered":"\n<div class=\"wp-block-image  caption-style-blue-overlay caption-alignment-center\"><figure class=\"aligncenter size-large\"><img loading=\"lazy\" decoding=\"async\" width=\"1024\" height=\"683\" src=\"https:\/\/www.greenpeace.org\/static\/planet4-colombia-stateless\/2020\/03\/6f370fb9-gpa_2347-1024x683.jpg\" alt=\"\" class=\"wp-image-2808\" srcset=\"https:\/\/www.greenpeace.org\/static\/planet4-colombia-stateless\/2020\/03\/6f370fb9-gpa_2347-1024x683.jpg 1024w, https:\/\/www.greenpeace.org\/static\/planet4-colombia-stateless\/2020\/03\/6f370fb9-gpa_2347-300x200.jpg 300w, https:\/\/www.greenpeace.org\/static\/planet4-colombia-stateless\/2020\/03\/6f370fb9-gpa_2347-768x512.jpg 768w, https:\/\/www.greenpeace.org\/static\/planet4-colombia-stateless\/2020\/03\/6f370fb9-gpa_2347-1536x1025.jpg 1536w, https:\/\/www.greenpeace.org\/static\/planet4-colombia-stateless\/2020\/03\/6f370fb9-gpa_2347-2048x1366.jpg 2048w, https:\/\/www.greenpeace.org\/static\/planet4-colombia-stateless\/2020\/03\/6f370fb9-gpa_2347-510x340.jpg 510w\" sizes=\"auto, (max-width: 1024px) 100vw, 1024px\" \/><\/figure><\/div>\n\n<p>Ante la situaci\u00f3n global actual, en la que el uso de agua aument\u00f3 considerablemente, Greenpeace difundi\u00f3 datos globales sobre la escasez de este recurso no renovable y remarc\u00f3  la importancia de preservarlo. <\/p>\n\n<p>El Informe Especial del Panel gubernamental sobre el Cambio Clim\u00e1tico (IPCC) muestra que las emisiones globales de CO2 deben reducirse a la mitad para 2030 antes de caer a cero para 2050 a m\u00e1s tardar. \u201cSi superamos los 1,5 grados cent\u00edgrados muchos recursos h\u00eddricos podr\u00edan agotarse de forma masiva, ya que el aumento de las temperaturas, las sequ\u00edas, inundaciones y tormentas m\u00e1s fuertes y frecuentes, el derretimiento de los hielos y el aumento del nivel del mar, pueden da\u00f1ar los suministros de agua dulce\u201d, sostuvo Bruno Giambelluca, miembro del \u00e1rea de campa\u00f1as de Greenpeace Andino. <\/p>\n\n<p>Por otro lado, la organizaci\u00f3n sostuvo que se hace un uso desmedido de agua en ciertas industrias, como la producci\u00f3n de combustibles f\u00f3siles, la miner\u00eda y la ganader\u00eda. \u201cTodas estas actividades est\u00e1n dejando sediento al planeta y sus habitantes\u201d, agreg\u00f3 Giambelluca. <\/p>\n\n<p>Datos: <br>&#8211; La demanda mundial de agua est\u00e1 aumentando a una tasa de aproximadamente 1 por ciento por a\u00f1o desde 1980, aumentando en un 20 a 30 por ciento por encima del nivel actual de uso de agua para 2050.<br>&#8211; 3 de cada 10 personas no tienen acceso a agua potable.<br>&#8211; 17 pa\u00edses, donde vive una cuarta parte de la poblaci\u00f3n mundial, enfrentan un estr\u00e9s h\u00eddrico &#8220;extremadamente alto&#8221;.<br>&#8211; El 25 por ciento de la poblaci\u00f3n mundial enfrenta crisis inminentes con el agua en en la actualidad. Para 2025, se estima que sea 60 por ciento.<br>&#8211; M\u00e1s de 2 mil millones de personas viven ahora en pa\u00edses que sufren un alto estr\u00e9s h\u00eddrico.<br>&#8211; Alrededor de 4 mil millones de personas en todo el mundo experimentan una grave escasez de agua al menos un mes al a\u00f1o. Se espera que este n\u00famero aumente a 4.8 a 5.7 mil millones de personas para 2050, creando una competencia sin precedentes entre los usuarios de agua, ya que el 60 por ciento del agua dulce proviene de cuencas fluviales que cruzan las fronteras nacionales.<br>&#8211; Para 2040, 1 de cada 4 ni\u00f1os menores de 18 a\u00f1os, vivir\u00e1 en \u00e1reas de estr\u00e9s h\u00eddrico extremadamente alto.<br>&#8211; Las mujeres y las ni\u00f1as son las principales responsables de la recolecci\u00f3n de agua en 8 de cada 10 hogares.<br>&#8211; M\u00e1s de 68 millones de personas, durante 2017, tuvieron que huir de sus hogares enfrentaron dificultades extremas para acceder al suministro de agua segura.<\/p>\n<div class=\"EmptyMessage\">Block content is empty. Check the block&#8217;s settings or remove it.<\/div>","protected":false},"excerpt":{"rendered":"<p>Frailejones en P\u00e1ramo de Pisba en Colombia. Paisaje Los p\u00e1ramos son ecosistemas \u00fanicos ubicados en tierras altas que proporcionan el 85% del agua que se consume en el pa\u00eds. La&hellip;<\/p>\n","protected":false},"author":23,"featured_media":2808,"comment_status":"closed","ping_status":"open","sticky":false,"template":"","format":"standard","meta":{"ep_exclude_from_search":false,"p4_og_title":"","p4_og_description":"","p4_og_image":"","p4_og_image_id":"","p4_seo_canonical_url":"","p4_campaign_name":"not set","p4_local_project":"","p4_basket_name":"not set","p4_department":"","footnotes":""},"categories":[1],"tags":[],"p4-page-type":[16],"class_list":["post-2807","post","type-post","status-publish","format-standard","has-post-thumbnail","hentry","category-uncategorized","p4-page-type-noticia"],"_links":{"self":[{"href":"https:\/\/www.greenpeace.org\/colombia\/wp-json\/wp\/v2\/posts\/2807","targetHints":{"allow":["GET"]}}],"collection":[{"href":"https:\/\/www.greenpeace.org\/colombia\/wp-json\/wp\/v2\/posts"}],"about":[{"href":"https:\/\/www.greenpeace.org\/colombia\/wp-json\/wp\/v2\/types\/post"}],"author":[{"embeddable":true,"href":"https:\/\/www.greenpeace.org\/colombia\/wp-json\/wp\/v2\/users\/23"}],"replies":[{"embeddable":true,"href":"https:\/\/www.greenpeace.org\/colombia\/wp-json\/wp\/v2\/comments?post=2807"}],"version-history":[{"count":6,"href":"https:\/\/www.greenpeace.org\/colombia\/wp-json\/wp\/v2\/posts\/2807\/revisions"}],"predecessor-version":[{"id":5595,"href":"https:\/\/www.greenpeace.org\/colombia\/wp-json\/wp\/v2\/posts\/2807\/revisions\/5595"}],"wp:featuredmedia":[{"embeddable":true,"href":"https:\/\/www.greenpeace.org\/colombia\/wp-json\/wp\/v2\/media\/2808"}],"wp:attachment":[{"href":"https:\/\/www.greenpeace.org\/colombia\/wp-json\/wp\/v2\/media?parent=2807"}],"wp:term":[{"taxonomy":"category","embeddable":true,"href":"https:\/\/www.greenpeace.org\/colombia\/wp-json\/wp\/v2\/categories?post=2807"},{"taxonomy":"post_tag","embeddable":true,"href":"https:\/\/www.greenpeace.org\/colombia\/wp-json\/wp\/v2\/tags?post=2807"},{"taxonomy":"p4-page-type","embeddable":true,"href":"https:\/\/www.greenpeace.org\/colombia\/wp-json\/wp\/v2\/p4-page-type?post=2807"}],"curies":[{"name":"wp","href":"https:\/\/api.w.org\/{rel}","templated":true}]}}