{"id":2959,"date":"2020-04-22T14:02:31","date_gmt":"2020-04-22T14:02:31","guid":{"rendered":"https:\/\/www.greenpeace.org\/colombia\/?p=2959"},"modified":"2025-07-02T07:27:26","modified_gmt":"2025-07-02T07:27:26","slug":"el-coronavirus-es-otro-sintoma-de-una-planeta-cada-vez-mas-enfermo","status":"publish","type":"post","link":"https:\/\/www.greenpeace.org\/colombia\/noticia\/campanas\/climayenergia\/el-coronavirus-es-otro-sintoma-de-una-planeta-cada-vez-mas-enfermo\/","title":{"rendered":"&#8220;El coronavirus es otro s\u00edntoma de una planeta cada vez m\u00e1s enfermo&#8221;"},"content":{"rendered":"\n<div class=\"wp-block-image  caption-style-blue-overlay caption-alignment-center\"><figure class=\"aligncenter size-large\"><img loading=\"lazy\" decoding=\"async\" width=\"800\" height=\"534\" src=\"https:\/\/www.greenpeace.org\/static\/planet4-colombia-stateless\/2020\/04\/5f10ce9b-gp1stqxk_web_size_with_credit_line.jpg\" alt=\"\" class=\"wp-image-2961\" srcset=\"https:\/\/www.greenpeace.org\/static\/planet4-colombia-stateless\/2020\/04\/5f10ce9b-gp1stqxk_web_size_with_credit_line.jpg 800w, https:\/\/www.greenpeace.org\/static\/planet4-colombia-stateless\/2020\/04\/5f10ce9b-gp1stqxk_web_size_with_credit_line-300x200.jpg 300w, https:\/\/www.greenpeace.org\/static\/planet4-colombia-stateless\/2020\/04\/5f10ce9b-gp1stqxk_web_size_with_credit_line-768x513.jpg 768w, https:\/\/www.greenpeace.org\/static\/planet4-colombia-stateless\/2020\/04\/5f10ce9b-gp1stqxk_web_size_with_credit_line-510x340.jpg 510w\" sizes=\"auto, (max-width: 800px) 100vw, 800px\" \/><\/figure><\/div>\n\n<p>En el D\u00eda Internacional de la Tierra y en medio de una crisis global generada por el coronavirus, Greenpeace hace un llamado a reflexionar y actuar a favor de la salud del planeta. <em>\u201cEn el actual contexto de crisis sanitaria no nos debemos olvidar del cuidado del planeta. El mundo contin\u00faa experimentando fen\u00f3menos&nbsp; extremos en medio de la pandemia del COVID-19. El cambio clim\u00e1tico no hace cuarentena y la pandemia solo ha venido a evidenciar la situaci\u00f3n de un planeta que lleva demasiado tiempo enfermo\u201d<\/em>, dijo Silvia G\u00f3mez, directora de Greenpeace Colombia.<\/p>\n\n<p>La deforestaci\u00f3n, la contaminaci\u00f3n ambiental, la explotaci\u00f3n de combustibles f\u00f3siles, la poluci\u00f3n por pl\u00e1sticos y la manera poco sustentable en que funcionan nuestras ciudades son algunas de las batallas globales que requieren medidas urgentes para evitar efectos devastadores en el ambiente y en las poblaciones.&nbsp;<\/p>\n\n<p>Solo respecto a la temperatura global, y de acuerdo a la Organizaci\u00f3n Meteorol\u00f3gica Mundial, Greenpeace alert\u00f3, que los \u00faltimos veinte a\u00f1os estuvieron entre los 22 m\u00e1s c\u00e1lidos de la historia y la d\u00e9cada de 2010 a 2019 fue la m\u00e1s caliente jam\u00e1s observada. Adem\u00e1s, seg\u00fan datos de la Administraci\u00f3n Nacional de Oc\u00e9anos y Atm\u00f3sfera de Estados Unidos, el pasado enero fue el mes m\u00e1s caluroso desde que se tienen registros en todo el mundo y marzo fue el segundo<em>.<\/em><\/p>\n\n<p><em>\u201cLas cifras hablan por s\u00ed mismas. La temperatura del planeta sigue rompiendo r\u00e9cords\u201d,<\/em> dijo Silvia G\u00f3mez. Y agreg\u00f3:<em> \u201cEn medio de la crisis sanitaria por el COVID-19, es necesario exigir decisiones pol\u00edticas con impacto profundo en la mitigaci\u00f3n del cambio clim\u00e1tico. Adem\u00e1s de las razones ambientales cada vez m\u00e1s urgentes, se ha demostrado que las enfermedades infecciosas se benefician de la crisis clim\u00e1tica y la destrucci\u00f3n de la biodiversidad. Hay razones m\u00e1s que suficientes para actuar\u201d.<\/em><\/p>\n\n<p>En este contexto, la organizaci\u00f3n ambientalista insta a los gobiernos y a las empresas a tomar medidas a favor del planeta y a reducir a la mitad las emisiones globales de efecto invernadero para 2030, siguiendo el Acuerdo clim\u00e1tico de Par\u00eds. <em>\u201cNuestro planeta enferma y nosotros con \u00e9l. Los bosques son deforestados o arden en pavorosos incendios. El hielo \u00e1rtico se derrite. Los \u00faltimos cinco a\u00f1os han sido los m\u00e1s calurosos registrados para nuestros oc\u00e9anos. La urgencia es evidente: el momento de actuar es ahora\u201d<\/em>, expres\u00f3 la directora de Greenpeace Colombia.<\/p>\n\n<p>Como clave para enfrentar a la crisis clim\u00e1tica, Greenpeace llama a la cooperaci\u00f3n global. <em>\u201cEl cambio clim\u00e1tico ha dejado en evidencia que no conoce fronteras, que afecta por igual a toda la humanidad y que solo acciones coordinadas y decididas son las que producen cambios relevantes. Debemos continuar unidos para superar esta crisis. Nuestras acciones y nuestro compromiso deben estar a la altura del problema\u201d<\/em>, finaliz\u00f3 Silvia G\u00f3mez.<\/p>\n<div class=\"EmptyMessage\">Block content is empty. Check the block&#8217;s settings or remove it.<\/div>","protected":false},"excerpt":{"rendered":"<p>En el D\u00eda Internacional de la Tierra y en medio de una crisis global generada por el coronavirus, Greenpeace hace un llamado a reflexionar y actuar a favor de la&hellip;<\/p>\n","protected":false},"author":23,"featured_media":2961,"comment_status":"closed","ping_status":"open","sticky":false,"template":"","format":"standard","meta":{"ep_exclude_from_search":false,"p4_og_title":"","p4_og_description":"","p4_og_image":"","p4_og_image_id":"","p4_seo_canonical_url":"","p4_campaign_name":"not set","p4_local_project":"not set","p4_basket_name":"not set","p4_department":"","footnotes":""},"categories":[3],"tags":[42],"p4-page-type":[16],"class_list":["post-2959","post","type-post","status-publish","format-standard","has-post-thumbnail","hentry","category-climayenergia","tag-coronavirus","p4-page-type-noticia"],"_links":{"self":[{"href":"https:\/\/www.greenpeace.org\/colombia\/wp-json\/wp\/v2\/posts\/2959","targetHints":{"allow":["GET"]}}],"collection":[{"href":"https:\/\/www.greenpeace.org\/colombia\/wp-json\/wp\/v2\/posts"}],"about":[{"href":"https:\/\/www.greenpeace.org\/colombia\/wp-json\/wp\/v2\/types\/post"}],"author":[{"embeddable":true,"href":"https:\/\/www.greenpeace.org\/colombia\/wp-json\/wp\/v2\/users\/23"}],"replies":[{"embeddable":true,"href":"https:\/\/www.greenpeace.org\/colombia\/wp-json\/wp\/v2\/comments?post=2959"}],"version-history":[{"count":6,"href":"https:\/\/www.greenpeace.org\/colombia\/wp-json\/wp\/v2\/posts\/2959\/revisions"}],"predecessor-version":[{"id":15691,"href":"https:\/\/www.greenpeace.org\/colombia\/wp-json\/wp\/v2\/posts\/2959\/revisions\/15691"}],"wp:featuredmedia":[{"embeddable":true,"href":"https:\/\/www.greenpeace.org\/colombia\/wp-json\/wp\/v2\/media\/2961"}],"wp:attachment":[{"href":"https:\/\/www.greenpeace.org\/colombia\/wp-json\/wp\/v2\/media?parent=2959"}],"wp:term":[{"taxonomy":"category","embeddable":true,"href":"https:\/\/www.greenpeace.org\/colombia\/wp-json\/wp\/v2\/categories?post=2959"},{"taxonomy":"post_tag","embeddable":true,"href":"https:\/\/www.greenpeace.org\/colombia\/wp-json\/wp\/v2\/tags?post=2959"},{"taxonomy":"p4-page-type","embeddable":true,"href":"https:\/\/www.greenpeace.org\/colombia\/wp-json\/wp\/v2\/p4-page-type?post=2959"}],"curies":[{"name":"wp","href":"https:\/\/api.w.org\/{rel}","templated":true}]}}