{"id":4426,"date":"2020-05-21T14:56:50","date_gmt":"2020-05-21T14:56:50","guid":{"rendered":"https:\/\/www.greenpeace.org\/colombia\/?p=4426"},"modified":"2025-07-02T07:27:19","modified_gmt":"2025-07-02T07:27:19","slug":"no-podemos-depender-de-una-pandemia-para-respirar-un-mejor-aire","status":"publish","type":"post","link":"https:\/\/www.greenpeace.org\/colombia\/noticia\/campanas\/climayenergia\/no-podemos-depender-de-una-pandemia-para-respirar-un-mejor-aire\/","title":{"rendered":"\u201cNo podemos depender de una pandemia para respirar un mejor aire\u201d"},"content":{"rendered":"\n<div class=\"wp-block-image  caption-style-blue-overlay caption-alignment-center\"><figure class=\"aligncenter size-large\"><img loading=\"lazy\" decoding=\"async\" width=\"1024\" height=\"724\" src=\"https:\/\/www.greenpeace.org\/static\/planet4-colombia-stateless\/2020\/05\/20134434-bogota_may2020_1_5_15_5-1024x724.jpg\" alt=\"\" class=\"wp-image-4428\" srcset=\"https:\/\/www.greenpeace.org\/static\/planet4-colombia-stateless\/2020\/05\/20134434-bogota_may2020_1_5_15_5-1024x724.jpg 1024w, https:\/\/www.greenpeace.org\/static\/planet4-colombia-stateless\/2020\/05\/20134434-bogota_may2020_1_5_15_5-300x212.jpg 300w, https:\/\/www.greenpeace.org\/static\/planet4-colombia-stateless\/2020\/05\/20134434-bogota_may2020_1_5_15_5-768x543.jpg 768w, https:\/\/www.greenpeace.org\/static\/planet4-colombia-stateless\/2020\/05\/20134434-bogota_may2020_1_5_15_5-1536x1086.jpg 1536w, https:\/\/www.greenpeace.org\/static\/planet4-colombia-stateless\/2020\/05\/20134434-bogota_may2020_1_5_15_5-2048x1448.jpg 2048w, https:\/\/www.greenpeace.org\/static\/planet4-colombia-stateless\/2020\/05\/20134434-bogota_may2020_1_5_15_5-1932x1366.jpg 1932w, https:\/\/www.greenpeace.org\/static\/planet4-colombia-stateless\/2020\/05\/20134434-bogota_may2020_1_5_15_5-481x340.jpg 481w\" sizes=\"auto, (max-width: 1024px) 100vw, 1024px\" \/><\/figure><\/div>\n\n<p>A dos meses de la cuarentena en Colombia, y de acuerdo a una investigaci\u00f3n realizada por Greenpeace, la disminuci\u00f3n de las peligrosas emisiones de di\u00f3xido de nitr\u00f3geno (NO2) en la ciudad de Bogot\u00e1 se redujeron un 27% respecto de las cifras en igual per\u00edodo del a\u00f1o pasado.<\/p>\n\n<p>De acuerdo con la ONG, el contaminante es especialmente peligroso y se origina b\u00e1sicamente debido a la quema de combustibles f\u00f3siles, emisiones de f\u00e1bricas, centrales termoel\u00e9ctricas y de manera especial los escapes de los autom\u00f3viles. El di\u00f3xido de nitr\u00f3geno, adem\u00e1s, es un agente que genera graves impactos en la salud, especialmente vinculadas con cuestiones respiratorias, como bronquitis aguda, reducci\u00f3n en las capacidad de los pulmones, problemas card\u00edacos y casos de c\u00e1ncer.<\/p>\n\n<p>\u201cLa disminuci\u00f3n de las emisiones fue evidente en las cuatro primeras semanas de aislamiento en donde la restricci\u00f3n de movilidad fue total. Las cifras, comparadas con el 2018 y 2019, son muy notorias a la baja. Una vez comenz\u00f3 el proceso de reactivaci\u00f3n de algunas industrias y la flexibilizaci\u00f3n de salida de los ciudadanos, las cifras muestran un incremento. Es claro que cada vez que se flexibilizan las medidas de aislamiento se genera un incremento de este peligroso gas\u201d, explica Tatiana C\u00e9spedes, vocera del \u00e1rea de campa\u00f1as de Greenpeace Colombia.<\/p>\n\n<p>Y agrega: \u201cNo podemos depender de cuarentenas para conseguir bajas de NO2 en nuestras ciudades. Es hora de repensar c\u00f3mo queremos que sean las urbes pospandemia. La nueva normalidad no puede volver a existir bajo una nube contaminante. Por eso es que el tema de la futura movilidad es clave para atacar esta otra pandemia de contaminaci\u00f3n del aire que nos ha acompa\u00f1ado durante demasiado tiempo\u201d.&nbsp;&nbsp;<\/p>\n\n<p>Por \u00faltimo, desde Greenpeace hicieron un llamado a democratizar las v\u00edas p\u00fablicas, ampliar el espacio designado a ciclistas, peatones y medios de transporte limpios. Asimismo, destacaron de manera especial el necesario aumento de ciclov\u00edas, no solo para proteger a la ciudadan\u00eda de posibles contagios, sino tambi\u00e9n asegurar aire limpio para una mejor calidad de vida para los bogotanos.<\/p>\n<div class=\"EmptyMessage\">Block content is empty. Check the block&#8217;s settings or remove it.<\/div>","protected":false},"excerpt":{"rendered":"<p>A dos meses de la cuarentena en Colombia, y de acuerdo a una investigaci\u00f3n realizada por Greenpeace, la disminuci\u00f3n de las peligrosas emisiones de di\u00f3xido de nitr\u00f3geno (NO2) en la&hellip;<\/p>\n","protected":false},"author":23,"featured_media":4428,"comment_status":"closed","ping_status":"open","sticky":false,"template":"","format":"standard","meta":{"ep_exclude_from_search":false,"p4_og_title":"","p4_og_description":"","p4_og_image":"","p4_og_image_id":"","p4_seo_canonical_url":"","p4_campaign_name":"not set","p4_local_project":"not set","p4_basket_name":"not set","p4_department":"","footnotes":""},"categories":[3],"tags":[42],"p4-page-type":[16],"class_list":["post-4426","post","type-post","status-publish","format-standard","has-post-thumbnail","hentry","category-climayenergia","tag-coronavirus","p4-page-type-noticia"],"_links":{"self":[{"href":"https:\/\/www.greenpeace.org\/colombia\/wp-json\/wp\/v2\/posts\/4426","targetHints":{"allow":["GET"]}}],"collection":[{"href":"https:\/\/www.greenpeace.org\/colombia\/wp-json\/wp\/v2\/posts"}],"about":[{"href":"https:\/\/www.greenpeace.org\/colombia\/wp-json\/wp\/v2\/types\/post"}],"author":[{"embeddable":true,"href":"https:\/\/www.greenpeace.org\/colombia\/wp-json\/wp\/v2\/users\/23"}],"replies":[{"embeddable":true,"href":"https:\/\/www.greenpeace.org\/colombia\/wp-json\/wp\/v2\/comments?post=4426"}],"version-history":[{"count":6,"href":"https:\/\/www.greenpeace.org\/colombia\/wp-json\/wp\/v2\/posts\/4426\/revisions"}],"predecessor-version":[{"id":15687,"href":"https:\/\/www.greenpeace.org\/colombia\/wp-json\/wp\/v2\/posts\/4426\/revisions\/15687"}],"wp:featuredmedia":[{"embeddable":true,"href":"https:\/\/www.greenpeace.org\/colombia\/wp-json\/wp\/v2\/media\/4428"}],"wp:attachment":[{"href":"https:\/\/www.greenpeace.org\/colombia\/wp-json\/wp\/v2\/media?parent=4426"}],"wp:term":[{"taxonomy":"category","embeddable":true,"href":"https:\/\/www.greenpeace.org\/colombia\/wp-json\/wp\/v2\/categories?post=4426"},{"taxonomy":"post_tag","embeddable":true,"href":"https:\/\/www.greenpeace.org\/colombia\/wp-json\/wp\/v2\/tags?post=4426"},{"taxonomy":"p4-page-type","embeddable":true,"href":"https:\/\/www.greenpeace.org\/colombia\/wp-json\/wp\/v2\/p4-page-type?post=4426"}],"curies":[{"name":"wp","href":"https:\/\/api.w.org\/{rel}","templated":true}]}}