{"id":4459,"date":"2020-06-05T13:01:23","date_gmt":"2020-06-05T13:01:23","guid":{"rendered":"https:\/\/www.greenpeace.org\/colombia\/?p=4459"},"modified":"2025-07-02T07:27:12","modified_gmt":"2025-07-02T07:27:12","slug":"greenpeace-en-el-dia-del-medio-ambiente-es-hora-de-construir-un-desarrollo-humano-diferente-que-ponga-en-el-centro-la-salud-planetaria","status":"publish","type":"post","link":"https:\/\/www.greenpeace.org\/colombia\/noticia\/uncategorized\/greenpeace-en-el-dia-del-medio-ambiente-es-hora-de-construir-un-desarrollo-humano-diferente-que-ponga-en-el-centro-la-salud-planetaria\/","title":{"rendered":"Greenpeace, en el D\u00eda del Medio Ambiente: \u201cEs hora de construir un desarrollo humano diferente, que ponga en el centro la salud planetaria\u201d."},"content":{"rendered":"\n<figure class=\"wp-block-image size-large  caption-style-blue-overlay caption-alignment-center\"><img loading=\"lazy\" decoding=\"async\" width=\"1024\" height=\"693\" src=\"https:\/\/www.greenpeace.org\/static\/planet4-colombia-stateless\/2020\/06\/649279d1-gp_desastresambientales_11-copy-paul-langrock-1024x693.jpg\" alt=\"\" class=\"wp-image-4460\" srcset=\"https:\/\/www.greenpeace.org\/static\/planet4-colombia-stateless\/2020\/06\/649279d1-gp_desastresambientales_11-copy-paul-langrock-1024x693.jpg 1024w, https:\/\/www.greenpeace.org\/static\/planet4-colombia-stateless\/2020\/06\/649279d1-gp_desastresambientales_11-copy-paul-langrock-300x203.jpg 300w, https:\/\/www.greenpeace.org\/static\/planet4-colombia-stateless\/2020\/06\/649279d1-gp_desastresambientales_11-copy-paul-langrock-768x519.jpg 768w, https:\/\/www.greenpeace.org\/static\/planet4-colombia-stateless\/2020\/06\/649279d1-gp_desastresambientales_11-copy-paul-langrock-1536x1039.jpg 1536w, https:\/\/www.greenpeace.org\/static\/planet4-colombia-stateless\/2020\/06\/649279d1-gp_desastresambientales_11-copy-paul-langrock-2048x1385.jpg 2048w, https:\/\/www.greenpeace.org\/static\/planet4-colombia-stateless\/2020\/06\/649279d1-gp_desastresambientales_11-copy-paul-langrock-2020x1366.jpg 2020w, https:\/\/www.greenpeace.org\/static\/planet4-colombia-stateless\/2020\/06\/649279d1-gp_desastresambientales_11-copy-paul-langrock-503x340.jpg 503w\" sizes=\"auto, (max-width: 1024px) 100vw, 1024px\" \/><\/figure>\n\n<p>En el D\u00eda Mundial del Medio Ambiente, Greenpeace destac\u00f3 que se vive un momento hist\u00f3rico que debe ser aprovechado por los estados para avanzar de forma decidida en la reestructuraci\u00f3n de los modelos de desarrollo para la pospandemia, incorporando las materias ambientales y clim\u00e1ticas.<\/p>\n\n<p>\u201cLa normalidad en la que est\u00e1bamos no segu\u00eda una ruta auspiciosa en t\u00e9rminos de salud planetaria, construimos un sistema econ\u00f3mico que cambi\u00f3 las condiciones mundiales hasta el punto de ponernos en riesgo. Hoy la llamada nueva normalidad que enfrentaremos a futuro en ning\u00fan caso puede ser sin\u00f3nimo de retroceder a la realidad medio ambiental que ten\u00edamos antes del coronavirus. Lo que construyamos debe estar centrado en la vida, en la naturaleza\u201d, dijo Silvia G\u00f3mez, directora de Greenpeace Colombia.<\/p>\n\n<p>La organizaci\u00f3n se\u00f1al\u00f3 que cualquier acuerdo pol\u00edtico y econ\u00f3mico que impulse la recuperaci\u00f3n del pa\u00eds debe ser sostenible e incorporar como elementos centrales las materias sanitarias, ambientales, clim\u00e1ticas y de justicia social. \u201cSer\u00eda incomprensible que las medidas para el desarrollo vuelvan a levantar una sistema profundamente desarraigado de los territorios y sus impactos, y que nos ten\u00eda al borde del precipicio ambiental\u201d, agreg\u00f3 Silvia G\u00f3mez.<\/p>\n\n<p>Greenpeace propone avanzar en poner fin el uso de combustibles f\u00f3siles, haciendo una apuesta decidida por las energ\u00edas renovables, repensar la forma en que han funcionado hasta hoy las grandes ciudades, reconectar la naturaleza a los espacios habitados, impulsar la movilidad sostenible, proteger la biodiversidad y garantizar el agua como derecho b\u00e1sico de las personas y de los ecosistemas. <\/p>\n\n<p>\u201cLa protecci\u00f3n del medio ambiente puede ser un gran reactivador econ\u00f3mico y un efectivo escudo protector a futuras amenazas. Hemos estado durante mucho tiempo demasiado enfocados en el crecimiento, pero la nueva mirada debe centrarse en el desarrollo y el respeto. Esta nueva perspectiva supone que un entorno que es arrasado como excusa para el crecimiento o recuperaci\u00f3n de empleos, no tiene sentido ni futuro. Es hora de construir un desarrollo humano diferente, que ponga en el centro la salud planetaria y que la pol\u00edtica y la econom\u00eda se encuentren y dialoguen para consensuar un futuro donde sea posible existir\u201d, finaliz\u00f3 Silvia G\u00f3mez.<\/p>\n\t\t\t<section\n\t\t\tclass=\"boxout post-4501 \"\n\t\t\t\n\t\t>\n\t\t\t<a\n\t\t\t\tdata-ga-category=\"Take Action Boxout\"\n\t\t\t\tdata-ga-action=\"Image\"\n\t\t\t\tdata-ga-label=\"n\/a\"\n\t\t\t\tclass=\"cover-card-overlay\"\n\t\t\t\thref=\"https:\/\/www.greenpeace.org\/colombia\/pide-ciudades-sustentables-saludables-y-seguras\/\" \n\t\t\t><\/a>\n\t\t\t\t\t\t\t<img\n\t\t\t\t\t\tsrc=\"https:\/\/www.greenpeace.org\/static\/planet4-colombia-stateless\/2020\/06\/ffde10b5-gettyimages-1146782734-1024x640.jpg\"\n\t\t\t\t\t\tsrcset=\"https:\/\/www.greenpeace.org\/static\/planet4-colombia-stateless\/2020\/06\/ffde10b5-gettyimages-1146782734-300x188.jpg 300w, https:\/\/www.greenpeace.org\/static\/planet4-colombia-stateless\/2020\/06\/ffde10b5-gettyimages-1146782734-1024x640.jpg 1024w, https:\/\/www.greenpeace.org\/static\/planet4-colombia-stateless\/2020\/06\/ffde10b5-gettyimages-1146782734-768x480.jpg 768w, https:\/\/www.greenpeace.org\/static\/planet4-colombia-stateless\/2020\/06\/ffde10b5-gettyimages-1146782734-1536x960.jpg 1536w, https:\/\/www.greenpeace.org\/static\/planet4-colombia-stateless\/2020\/06\/ffde10b5-gettyimages-1146782734-2048x1280.jpg 2048w, https:\/\/www.greenpeace.org\/static\/planet4-colombia-stateless\/2020\/06\/ffde10b5-gettyimages-1146782734-510x319.jpg 510w\"\n\t\t\t\t\t\tsizes=\"(min-width: 1000px) 358px, (min-width: 780px) 313px, 88px\"\n\t\t\t\t\t\talt=\"\" title=\"\"\n\t\t\t\t\/>\n            \t\t\t<div class=\"boxout-content\">\n\t\t\t\t\t\t\t\t\t<a\n\t\t\t\t\t\tclass=\"boxout-heading medium\"\n\t\t\t\t\t\tdata-ga-category=\"Take Action Boxout\"\n\t\t\t\t\t\tdata-ga-action=\"Title\"\n\t\t\t\t\t\tdata-ga-label=\"n\/a\"\n\t\t\t\t\t\thref=\"https:\/\/www.greenpeace.org\/colombia\/pide-ciudades-sustentables-saludables-y-seguras\/\"\n\t\t\t\t\t\t\n\t\t\t\t\t>\n\t\t\t\t\t\tPide una Nueva Ciudad\n\t\t\t\t\t<\/a>\n\t\t\t\t\t\t\t\t\t\t\t\t\t<p class=\"boxout-excerpt\">No hay \u201csalud\u201d en un planeta enfermo. <\/p>\n\t\t\t\t                                    <a\n                        class=\"btn btn-primary\"\n                        data-ga-category=\"Take Action Boxout\"\n                        data-ga-action=\"Call to Action\"\n                        data-ga-label=\"n\/a\"\n                        href=\"https:\/\/www.greenpeace.org\/colombia\/pide-ciudades-sustentables-saludables-y-seguras\/\"\n                        \n                    >\n                        Invol\u00facrate\n                    <\/a>\n                \t\t\t<\/div>\n\t\t\t\t\t<\/section>\n\t","protected":false},"excerpt":{"rendered":"<p>En el D\u00eda Mundial del Medio Ambiente, Greenpeace destac\u00f3 que se vive un momento hist\u00f3rico que debe ser aprovechado por los estados para avanzar de forma decidida en la reestructuraci\u00f3n&hellip;<\/p>\n","protected":false},"author":23,"featured_media":4460,"comment_status":"closed","ping_status":"open","sticky":false,"template":"","format":"standard","meta":{"ep_exclude_from_search":false,"p4_og_title":"","p4_og_description":"","p4_og_image":"","p4_og_image_id":"","p4_seo_canonical_url":"","p4_campaign_name":"not set","p4_local_project":"not set","p4_basket_name":"not set","p4_department":"","footnotes":""},"categories":[1],"tags":[43],"p4-page-type":[16],"class_list":["post-4459","post","type-post","status-publish","format-standard","has-post-thumbnail","hentry","category-uncategorized","tag-nuestranuevaciudad","p4-page-type-noticia"],"_links":{"self":[{"href":"https:\/\/www.greenpeace.org\/colombia\/wp-json\/wp\/v2\/posts\/4459","targetHints":{"allow":["GET"]}}],"collection":[{"href":"https:\/\/www.greenpeace.org\/colombia\/wp-json\/wp\/v2\/posts"}],"about":[{"href":"https:\/\/www.greenpeace.org\/colombia\/wp-json\/wp\/v2\/types\/post"}],"author":[{"embeddable":true,"href":"https:\/\/www.greenpeace.org\/colombia\/wp-json\/wp\/v2\/users\/23"}],"replies":[{"embeddable":true,"href":"https:\/\/www.greenpeace.org\/colombia\/wp-json\/wp\/v2\/comments?post=4459"}],"version-history":[{"count":7,"href":"https:\/\/www.greenpeace.org\/colombia\/wp-json\/wp\/v2\/posts\/4459\/revisions"}],"predecessor-version":[{"id":15683,"href":"https:\/\/www.greenpeace.org\/colombia\/wp-json\/wp\/v2\/posts\/4459\/revisions\/15683"}],"wp:featuredmedia":[{"embeddable":true,"href":"https:\/\/www.greenpeace.org\/colombia\/wp-json\/wp\/v2\/media\/4460"}],"wp:attachment":[{"href":"https:\/\/www.greenpeace.org\/colombia\/wp-json\/wp\/v2\/media?parent=4459"}],"wp:term":[{"taxonomy":"category","embeddable":true,"href":"https:\/\/www.greenpeace.org\/colombia\/wp-json\/wp\/v2\/categories?post=4459"},{"taxonomy":"post_tag","embeddable":true,"href":"https:\/\/www.greenpeace.org\/colombia\/wp-json\/wp\/v2\/tags?post=4459"},{"taxonomy":"p4-page-type","embeddable":true,"href":"https:\/\/www.greenpeace.org\/colombia\/wp-json\/wp\/v2\/p4-page-type?post=4459"}],"curies":[{"name":"wp","href":"https:\/\/api.w.org\/{rel}","templated":true}]}}