{"id":5020,"date":"2021-03-04T13:04:18","date_gmt":"2021-03-04T13:04:18","guid":{"rendered":"https:\/\/www.greenpeace.org\/colombia\/?p=5020"},"modified":"2021-12-01T12:24:39","modified_gmt":"2021-12-01T12:24:39","slug":"la-dependencia-de-colombia-a-alimentos-importados-hace-que-sea-muy-vulnerable-a-crisis-como-la-del-covid","status":"publish","type":"post","link":"https:\/\/www.greenpeace.org\/colombia\/noticia\/greenpeace\/la-dependencia-de-colombia-a-alimentos-importados-hace-que-sea-muy-vulnerable-a-crisis-como-la-del-covid\/","title":{"rendered":"\u201cLa dependencia de Colombia a alimentos importados hace que sea muy vulnerable a crisis como la del COVID\u201d"},"content":{"rendered":"\n<figure class=\"wp-block-image size-large  caption-style-medium caption-alignment-center\"><img loading=\"lazy\" decoding=\"async\" width=\"1024\" height=\"683\" src=\"https:\/\/www.greenpeace.org\/static\/planet4-colombia-stateless\/2021\/03\/1b5e042c-productores-usme-3-1024x683.jpg\" alt=\"\" class=\"wp-image-5021\" srcset=\"https:\/\/www.greenpeace.org\/static\/planet4-colombia-stateless\/2021\/03\/1b5e042c-productores-usme-3-1024x683.jpg 1024w, https:\/\/www.greenpeace.org\/static\/planet4-colombia-stateless\/2021\/03\/1b5e042c-productores-usme-3-300x200.jpg 300w, https:\/\/www.greenpeace.org\/static\/planet4-colombia-stateless\/2021\/03\/1b5e042c-productores-usme-3-768x512.jpg 768w, https:\/\/www.greenpeace.org\/static\/planet4-colombia-stateless\/2021\/03\/1b5e042c-productores-usme-3-1536x1024.jpg 1536w, https:\/\/www.greenpeace.org\/static\/planet4-colombia-stateless\/2021\/03\/1b5e042c-productores-usme-3-2048x1366.jpg 2048w, https:\/\/www.greenpeace.org\/static\/planet4-colombia-stateless\/2021\/03\/1b5e042c-productores-usme-3-510x340.jpg 510w\" sizes=\"auto, (max-width: 1024px) 100vw, 1024px\" \/><figcaption>Greenpeace alerta que la dependencia de Colombia a los productos importados la vuelve muy vulnerable a crisis como la del COVID. La organizaci\u00f3n ambientalista precisa que el pa\u00eds importa el 30% de los alimentos que consume y que recorren kil\u00f3metros de transportes contaminantes, propone estrategias para fomentar la soberan\u00eda alimentaria y hace un llamado a proteger a la producci\u00f3n local y campesina de calidad. \u201cNecesitamos modelos agr\u00edcolas m\u00e1s sustentables, que permitan reducir la huella ambiental, la degradaci\u00f3n de los ecosistemas y la p\u00e9rdida de biodiversidad\u201d, expresa Tatiana C\u00e9spedes, del equipo de campa\u00f1as de Greenpeace Colombia.<\/figcaption><\/figure>\n\n<p>La organizaci\u00f3n ambientalista Greenpeace public\u00f3 un nuevo informe sobre alimentaci\u00f3n y sostenibilidad, titulado <a href=\"http:\/\/greenpeace.co\/pdf\/2021\/Informe%20Final_Sistema%20Alimentario%20de%20Bogota_corregido.pdf\">\u201cNueva cultura alimentaria\u201d<\/a>, en el que alerta sobre las principales problem\u00e1ticas alimentarias del pa\u00eds y de la capital, y propone estrategias para fomentar la soberan\u00eda alimentaria. En el documento, la ONG se\u00f1ala la dependencia alimentaria al extranjero, cuando en el mismo pa\u00eds hay producci\u00f3n local y campesina de calidad, y llama a proteger a este sector productivo.<\/p>\n\n<p>En Colombia se importan cerca de 12 millones de toneladas de alimentos como el ma\u00edz, el trigo, y el az\u00facar de ca\u00f1a (1). Esto significa que el 30% de los alimentos consumidos por los colombianos son importados, es decir, que recorren kil\u00f3metros en transportes contaminantes, y se excluye del consumo masivo a alimentos locales, con menos huella ambiental y comercializados y cosechados por productores de las cercan\u00edas.&nbsp;<\/p>\n\n<p><em>\u201cLa dependencia alimentaria de Colombia, y especialmente Bogot\u00e1, a alimentos importados es alarmante, m\u00e1s a\u00fan en crisis sanitarias como la actual que ponen en primera plana a la vulnerabilidad en las cadenas de abastecimiento\u201d<\/em>, dijo Tatiana C\u00e9spedes, miembro del equipo de campa\u00f1as de Greenpeace Colombia.<em> \u201cSe conocen 400 especies de plantas nativas comestibles en Colombia, y el 10%&nbsp; de la biodiversidad del mundo est\u00e1 albergada en nuestro pa\u00eds. Adem\u00e1s, solo Bogot\u00e1 cuenta con m\u00e1s de 16 mil productores locales. Colombia tiene una producci\u00f3n rica y abundante de alimentos; sin embargo tiene una tasa de importaci\u00f3n alta. Hoy, en medio de una crisis mundial, ya es de p\u00fablico conocimiento la vulnerabilidad de estas cadenas de suministro. La soluci\u00f3n es apostar a lo local\u201d.<\/em><\/p>\n\n<p>Seg\u00fan datos de Greenpeace, la agricultura campesina, familiar y comunitaria juega un papel fundamental en el abastecimiento alimentario de la poblaci\u00f3n global, pero a\u00fan faltan medidas que la protejan y potencien. <em>\u201cEn Colombia se estima que este tipo de producci\u00f3n provee un 70% de los alimentos que se destinan a los mercados locales y genera un 57% del empleo rural. En Bogot\u00e1, abastece el 65% de los alimentos que se consumen en la capital\u201d,<\/em> dijo C\u00e9spedes. Pese a lo anterior, el pa\u00eds est\u00e1 en mora de dise\u00f1ar pol\u00edticas p\u00fablicas y programas espec\u00edficos para impulsar este modelo de agricultura, que m\u00e1s all\u00e1 de ser la principal fuente de producci\u00f3n de alimentos, contribuye a la protecci\u00f3n de la biodiversidad agr\u00edcola, al uso sostenible de los recursos naturales, a la salvaguarda de las tradiciones culturales, a la generaci\u00f3n de empleo y a la construcci\u00f3n de tejido social.<em>&nbsp;<\/em><\/p>\n\n<p>Seg\u00fan el informe, en Bogot\u00e1 hay m\u00e1s de 3 mil familias campesinas productoras de alimentos. Sin embargo, su econom\u00eda no est\u00e1 protegida: el promedio de intermediarios por los que pasa un alimento antes de entrar a la ciudad es de tres. Esto hace que los costos adicionales sean asumidos por los productores, con precios de compra bajos, y por los consumidores, con incrementos en el precio final. <em>\u201cProteger a las familias campesinas, y fomentar la compra de sus productos en la ciudad es una gran deuda en Bogot\u00e1. Para lograr vivir en una ciudad sostenible, necesitamos fomentar la soberan\u00eda alimentaria: apoyar modelos agr\u00edcolas m\u00e1s sustentables que permitan reducir la huella ambiental, la degradaci\u00f3n de los ecosistemas y la p\u00e9rdida de biodiversidad\u201d, <\/em>finaliz\u00f3 C\u00e9spedes<em>.<\/em><\/p>\n\n<p><strong>Notas:<\/strong><\/p>\n\n<p>1) Seg\u00fan datos de G\u00f3mez Dugand, 2019.<\/p>\n\n<p>2) Seg\u00fan Humboldt, 2019.<\/p>\n\t\t\t<section\n\t\t\tclass=\"boxout post-4501 \"\n\t\t\t\n\t\t>\n\t\t\t<a\n\t\t\t\tdata-ga-category=\"Take Action Boxout\"\n\t\t\t\tdata-ga-action=\"Image\"\n\t\t\t\tdata-ga-label=\"n\/a\"\n\t\t\t\tclass=\"cover-card-overlay\"\n\t\t\t\thref=\"https:\/\/www.greenpeace.org\/colombia\/pide-ciudades-sustentables-saludables-y-seguras\/\" \n\t\t\t><\/a>\n\t\t\t\t\t\t\t<img\n\t\t\t\t\t\tsrc=\"https:\/\/www.greenpeace.org\/static\/planet4-colombia-stateless\/2020\/06\/ffde10b5-gettyimages-1146782734-1024x640.jpg\"\n\t\t\t\t\t\tsrcset=\"https:\/\/www.greenpeace.org\/static\/planet4-colombia-stateless\/2020\/06\/ffde10b5-gettyimages-1146782734-300x188.jpg 300w, https:\/\/www.greenpeace.org\/static\/planet4-colombia-stateless\/2020\/06\/ffde10b5-gettyimages-1146782734-1024x640.jpg 1024w, https:\/\/www.greenpeace.org\/static\/planet4-colombia-stateless\/2020\/06\/ffde10b5-gettyimages-1146782734-768x480.jpg 768w, https:\/\/www.greenpeace.org\/static\/planet4-colombia-stateless\/2020\/06\/ffde10b5-gettyimages-1146782734-1536x960.jpg 1536w, https:\/\/www.greenpeace.org\/static\/planet4-colombia-stateless\/2020\/06\/ffde10b5-gettyimages-1146782734-2048x1280.jpg 2048w, https:\/\/www.greenpeace.org\/static\/planet4-colombia-stateless\/2020\/06\/ffde10b5-gettyimages-1146782734-510x319.jpg 510w\"\n\t\t\t\t\t\tsizes=\"(min-width: 1000px) 358px, (min-width: 780px) 313px, 88px\"\n\t\t\t\t\t\talt=\"\" title=\"\"\n\t\t\t\t\/>\n            \t\t\t<div class=\"boxout-content\">\n\t\t\t\t\t\t\t\t\t<a\n\t\t\t\t\t\tclass=\"boxout-heading medium\"\n\t\t\t\t\t\tdata-ga-category=\"Take Action Boxout\"\n\t\t\t\t\t\tdata-ga-action=\"Title\"\n\t\t\t\t\t\tdata-ga-label=\"n\/a\"\n\t\t\t\t\t\thref=\"https:\/\/www.greenpeace.org\/colombia\/pide-ciudades-sustentables-saludables-y-seguras\/\"\n\t\t\t\t\t\t\n\t\t\t\t\t>\n\t\t\t\t\t\tPide una Nueva Ciudad\n\t\t\t\t\t<\/a>\n\t\t\t\t\t\t\t\t\t\t\t\t\t<p class=\"boxout-excerpt\">No hay \u201csalud\u201d en un planeta enfermo. <\/p>\n\t\t\t\t                                    <a\n                        class=\"btn btn-primary\"\n                        data-ga-category=\"Take Action Boxout\"\n                        data-ga-action=\"Call to Action\"\n                        data-ga-label=\"n\/a\"\n                        href=\"https:\/\/www.greenpeace.org\/colombia\/pide-ciudades-sustentables-saludables-y-seguras\/\"\n                        \n                    >\n                        Invol\u00facrate\n                    <\/a>\n                \t\t\t<\/div>\n\t\t\t\t\t<\/section>\n\t","protected":false},"excerpt":{"rendered":"<p>La organizaci\u00f3n ambientalista Greenpeace public\u00f3 un nuevo informe sobre alimentaci\u00f3n y sostenibilidad, titulado \u201cNueva cultura alimentaria\u201d, en el que alerta sobre las principales problem\u00e1ticas alimentarias del pa\u00eds y de la&hellip;<\/p>\n","protected":false},"author":23,"featured_media":5021,"comment_status":"closed","ping_status":"open","sticky":false,"template":"","format":"standard","meta":{"ep_exclude_from_search":false,"p4_og_title":"","p4_og_description":"","p4_og_image":"","p4_og_image_id":"","p4_seo_canonical_url":"","p4_campaign_name":"not set","p4_local_project":"not set","p4_basket_name":"not set","p4_department":"","footnotes":""},"categories":[37],"tags":[43],"p4-page-type":[16],"class_list":["post-5020","post","type-post","status-publish","format-standard","has-post-thumbnail","hentry","category-greenpeace","tag-nuestranuevaciudad","p4-page-type-noticia"],"_links":{"self":[{"href":"https:\/\/www.greenpeace.org\/colombia\/wp-json\/wp\/v2\/posts\/5020","targetHints":{"allow":["GET"]}}],"collection":[{"href":"https:\/\/www.greenpeace.org\/colombia\/wp-json\/wp\/v2\/posts"}],"about":[{"href":"https:\/\/www.greenpeace.org\/colombia\/wp-json\/wp\/v2\/types\/post"}],"author":[{"embeddable":true,"href":"https:\/\/www.greenpeace.org\/colombia\/wp-json\/wp\/v2\/users\/23"}],"replies":[{"embeddable":true,"href":"https:\/\/www.greenpeace.org\/colombia\/wp-json\/wp\/v2\/comments?post=5020"}],"version-history":[{"count":2,"href":"https:\/\/www.greenpeace.org\/colombia\/wp-json\/wp\/v2\/posts\/5020\/revisions"}],"predecessor-version":[{"id":5550,"href":"https:\/\/www.greenpeace.org\/colombia\/wp-json\/wp\/v2\/posts\/5020\/revisions\/5550"}],"wp:featuredmedia":[{"embeddable":true,"href":"https:\/\/www.greenpeace.org\/colombia\/wp-json\/wp\/v2\/media\/5021"}],"wp:attachment":[{"href":"https:\/\/www.greenpeace.org\/colombia\/wp-json\/wp\/v2\/media?parent=5020"}],"wp:term":[{"taxonomy":"category","embeddable":true,"href":"https:\/\/www.greenpeace.org\/colombia\/wp-json\/wp\/v2\/categories?post=5020"},{"taxonomy":"post_tag","embeddable":true,"href":"https:\/\/www.greenpeace.org\/colombia\/wp-json\/wp\/v2\/tags?post=5020"},{"taxonomy":"p4-page-type","embeddable":true,"href":"https:\/\/www.greenpeace.org\/colombia\/wp-json\/wp\/v2\/p4-page-type?post=5020"}],"curies":[{"name":"wp","href":"https:\/\/api.w.org\/{rel}","templated":true}]}}