{"id":5072,"date":"2021-04-23T13:11:55","date_gmt":"2021-04-23T13:11:55","guid":{"rendered":"https:\/\/www.greenpeace.org\/colombia\/?p=5072"},"modified":"2021-12-01T12:24:30","modified_gmt":"2021-12-01T12:24:30","slug":"el-compromiso-climatico-de-colombia-no-puede-coexistir-con-negocios-de-destruccion-ambiental","status":"publish","type":"post","link":"https:\/\/www.greenpeace.org\/colombia\/blog\/uncategorized\/el-compromiso-climatico-de-colombia-no-puede-coexistir-con-negocios-de-destruccion-ambiental\/","title":{"rendered":"El compromiso clim\u00e1tico de Colombia no puede coexistir con negocios de destrucci\u00f3n ambiental"},"content":{"rendered":"\n<figure class=\"wp-block-image size-large\"><img loading=\"lazy\" decoding=\"async\" width=\"1000\" height=\"667\" src=\"https:\/\/www.greenpeace.org\/static\/planet4-colombia-stateless\/2020\/05\/65f24819-logogreenpeace_web.jpg\" alt=\"\" class=\"wp-image-4398\" srcset=\"https:\/\/www.greenpeace.org\/static\/planet4-colombia-stateless\/2020\/05\/65f24819-logogreenpeace_web.jpg 1000w, https:\/\/www.greenpeace.org\/static\/planet4-colombia-stateless\/2020\/05\/65f24819-logogreenpeace_web-300x200.jpg 300w, https:\/\/www.greenpeace.org\/static\/planet4-colombia-stateless\/2020\/05\/65f24819-logogreenpeace_web-768x512.jpg 768w, https:\/\/www.greenpeace.org\/static\/planet4-colombia-stateless\/2020\/05\/65f24819-logogreenpeace_web-510x340.jpg 510w\" sizes=\"auto, (max-width: 1000px) 100vw, 1000px\" \/><\/figure>\n\n<p>Mientras el presidente, Ivan Duque, en la cumbre convocada por el presidente de los Estados Unidos, luc\u00eda su ambicioso compromiso clim\u00e1tico seg\u00fan pactado en el Acuerdo de Par\u00eds,&nbsp; (disminuir el 51% de las emisiones en Colombia para el 2030), internamente el gobierno apuesta al crecimiento de negocios que favorecen la crisis clim\u00e1tica y la destrucci\u00f3n de nuestros ecosistemas. La deforestaci\u00f3n, el desarrollo de los combustibles f\u00f3siles, el esparcimiento del glifosato en nuestro territorio y la contaminaci\u00f3n por pl\u00e1sticos son ejemplos claros de las batallas ambientales que continuamos atravesando en nuestro pa\u00eds.&nbsp;&nbsp;<\/p>\n\n<p>Estas batallas requieren medidas urgentes para evitar efectos devastadores tanto en el ambiente como en la sociedad.&nbsp;<\/p>\n\n<p>As\u00ed como el objetivo de la cumbre se enmarca en el regreso de Washington a la lucha contra el cambio clim\u00e1tico luego de que Donald Trump la abandonara, el presidente Duque puede marcar un precedente para el resto de los pa\u00edses de su regi\u00f3n, cumpliendo los objetivos pactados y aportando realmente a la soluci\u00f3n que seg\u00fan el Acuerdo de Par\u00eds busca limitar el calentamiento global, bajando la temperatura del planeta 1,5\u00baC.<\/p>\n\n<p>Sin embargo, las promesas no se cumplen de la boca para afuera o en este caso de una cumbre para afuera. Por lo que no tiene coherencia alguna que el gobierno haya firmado contratos con empresas petroleras para operaciones de fracking, a pesar de que la industria hidrocarbur\u00edfera en Colombia ya liber\u00f3 m\u00e1s de 23 mil toneladas de CO2. Asimismo, el aumento de nuevos proyectos de termoel\u00e9ctricas suman a\u00fan m\u00e1s contradicciones al compromiso clim\u00e1tico, ya que la combinaci\u00f3n de estas fuentes sucias de energ\u00eda implican una bomba de gases de efecto invernadero.&nbsp;<\/p>\n\n<p>Por otro lado, a pesar de que la funci\u00f3n de los bosques es clave para la absorci\u00f3n del CO2, resulta realmente preocupante la situaci\u00f3n de la deforestaci\u00f3n en Colombia, donde adem\u00e1s se pone en jaque el coraz\u00f3n de la Amazon\u00eda. Un estudio por FCDS se\u00f1ala que se perdieron 75 mil hect\u00e1reas de bosque nativo seg\u00fan cifras del 2020, que adem\u00e1s indica que la tendencia en el primer trimestre del a\u00f1o estuvo por encima del 85% con relaci\u00f3n al a\u00f1o pasado. La Amazon\u00eda padece del 62% de la deforestaci\u00f3n en Colombia (1).<\/p>\n\n<p>Las pol\u00edticas legislativas ambientales y en pos de la lucha clim\u00e1tica no deben dilatarse. La erradicaci\u00f3n del glifosato, la prohibici\u00f3n en el territorio nacional de la fabricaci\u00f3n, importaci\u00f3n, exportaci\u00f3n, comercializaci\u00f3n y distribuci\u00f3n de pl\u00e1sticos de un solo uso, y que se establezcan medidas tendientes a la reducci\u00f3n de su producci\u00f3n y consumo, tambi\u00e9n deben ser prioridad para este gobierno.&nbsp;&nbsp;<\/p>\n\n<p>Desde Greenpeace creemos que los esfuerzos deben estar enfocados en la construcci\u00f3n de una matriz energ\u00e9tica sostenible y limpia; y en la protecci\u00f3n de nuestros ecosistemas. Esto s\u00f3lo ser\u00e1 posible con el acompa\u00f1amiento de medidas concretas de corto plazo, que involucren a todos los sectores y actores de nuestra sociedad, incluyendo el sector privado; de lo contrario los pactos quedar\u00e1n en palabras sin acci\u00f3n, en metas de papel.<\/p>\n\n<p>En un contexto de emergencia clim\u00e1tica y atravesando la crisis generada por el Covid19, la Tierra y la sociedad en ella merecen que los gobiernos act\u00faen a favor de la salud del planeta. En el caso de Colombia adem\u00e1s, contar con acciones pol\u00edticas coherentes que nos permitan llegar a un 2030 con objetivos ganados. El compromiso clim\u00e1tico no puede coexistir con negocios de destrucci\u00f3n ambiental.&nbsp;<\/p>\n\n<p>Nota:<\/p>\n\n<ol class=\"wp-block-list\"><li>Estudio sobre deforestaci\u00f3n en el 2020 por la Fundaci\u00f3n para la Conservaci\u00f3n y el Desarrollo Sostenible (FCDS).<\/li><\/ol>\n<div class=\"EmptyMessage\">Block content is empty. Check the block&#8217;s settings or remove it.<\/div>","protected":false},"excerpt":{"rendered":"<p>Mientras el presidente, Ivan Duque, en la cumbre convocada por el presidente de los Estados Unidos, luc\u00eda su ambicioso compromiso clim\u00e1tico seg\u00fan pactado en el Acuerdo de Par\u00eds,&nbsp; (disminuir el&hellip;<\/p>\n","protected":false},"author":23,"featured_media":4398,"comment_status":"closed","ping_status":"open","sticky":false,"template":"","format":"standard","meta":{"ep_exclude_from_search":false,"p4_og_title":"","p4_og_description":"","p4_og_image":"","p4_og_image_id":"","p4_seo_canonical_url":"","p4_campaign_name":"not set","p4_local_project":"not set","p4_basket_name":"not set","p4_department":"","footnotes":""},"categories":[41,1],"tags":[],"p4-page-type":[14],"class_list":["post-5072","post","type-post","status-publish","format-standard","has-post-thumbnail","hentry","category-blog","category-uncategorized","p4-page-type-blog"],"_links":{"self":[{"href":"https:\/\/www.greenpeace.org\/colombia\/wp-json\/wp\/v2\/posts\/5072","targetHints":{"allow":["GET"]}}],"collection":[{"href":"https:\/\/www.greenpeace.org\/colombia\/wp-json\/wp\/v2\/posts"}],"about":[{"href":"https:\/\/www.greenpeace.org\/colombia\/wp-json\/wp\/v2\/types\/post"}],"author":[{"embeddable":true,"href":"https:\/\/www.greenpeace.org\/colombia\/wp-json\/wp\/v2\/users\/23"}],"replies":[{"embeddable":true,"href":"https:\/\/www.greenpeace.org\/colombia\/wp-json\/wp\/v2\/comments?post=5072"}],"version-history":[{"count":5,"href":"https:\/\/www.greenpeace.org\/colombia\/wp-json\/wp\/v2\/posts\/5072\/revisions"}],"predecessor-version":[{"id":5543,"href":"https:\/\/www.greenpeace.org\/colombia\/wp-json\/wp\/v2\/posts\/5072\/revisions\/5543"}],"wp:featuredmedia":[{"embeddable":true,"href":"https:\/\/www.greenpeace.org\/colombia\/wp-json\/wp\/v2\/media\/4398"}],"wp:attachment":[{"href":"https:\/\/www.greenpeace.org\/colombia\/wp-json\/wp\/v2\/media?parent=5072"}],"wp:term":[{"taxonomy":"category","embeddable":true,"href":"https:\/\/www.greenpeace.org\/colombia\/wp-json\/wp\/v2\/categories?post=5072"},{"taxonomy":"post_tag","embeddable":true,"href":"https:\/\/www.greenpeace.org\/colombia\/wp-json\/wp\/v2\/tags?post=5072"},{"taxonomy":"p4-page-type","embeddable":true,"href":"https:\/\/www.greenpeace.org\/colombia\/wp-json\/wp\/v2\/p4-page-type?post=5072"}],"curies":[{"name":"wp","href":"https:\/\/api.w.org\/{rel}","templated":true}]}}