{"id":5083,"date":"2021-05-04T23:25:25","date_gmt":"2021-05-04T23:25:25","guid":{"rendered":"https:\/\/www.greenpeace.org\/colombia\/?p=5083"},"modified":"2025-07-02T07:26:21","modified_gmt":"2025-07-02T07:26:21","slug":"respetar-el-derecho-a-la-vida-y-a-la-manifestacion-pacifica-ciudadana-es-el-nucleo-de-la-democracia","status":"publish","type":"post","link":"https:\/\/www.greenpeace.org\/colombia\/noticia\/uncategorized\/respetar-el-derecho-a-la-vida-y-a-la-manifestacion-pacifica-ciudadana-es-el-nucleo-de-la-democracia\/","title":{"rendered":"\u201cRespetar el derecho a la vida y a la manifestaci\u00f3n pac\u00edfica ciudadana es el n\u00facleo de la democracia\u201d"},"content":{"rendered":"\n<figure class=\"wp-block-image size-large\"><img loading=\"lazy\" decoding=\"async\" width=\"1000\" height=\"667\" src=\"https:\/\/www.greenpeace.org\/static\/planet4-colombia-stateless\/2020\/05\/65f24819-logogreenpeace_web.jpg\" alt=\"\" class=\"wp-image-4398\" srcset=\"https:\/\/www.greenpeace.org\/static\/planet4-colombia-stateless\/2020\/05\/65f24819-logogreenpeace_web.jpg 1000w, https:\/\/www.greenpeace.org\/static\/planet4-colombia-stateless\/2020\/05\/65f24819-logogreenpeace_web-300x200.jpg 300w, https:\/\/www.greenpeace.org\/static\/planet4-colombia-stateless\/2020\/05\/65f24819-logogreenpeace_web-768x512.jpg 768w, https:\/\/www.greenpeace.org\/static\/planet4-colombia-stateless\/2020\/05\/65f24819-logogreenpeace_web-510x340.jpg 510w\" sizes=\"auto, (max-width: 1000px) 100vw, 1000px\" \/><\/figure>\n\n<p>Declaraci\u00f3n ante los \u00faltimos acontecimientos en Colombia:<\/p>\n\n<p>Frente a la situaci\u00f3n de orden p\u00fablico y a los diversos actos de violencia y violaciones a los derechos humanos en el marco de las protestas del \u00faltimo paro nacional en Colombia, Greenpeace rechaza vehementemente estos actos, e insta a respetar el derecho a la vida, la libertad de expresi\u00f3n y a la manifestaci\u00f3n pac\u00edfica ciudadana, siendo este el n\u00facleo de la democracia.<\/p>\n\n<p>Las alarmantes denuncias vistas estos \u00faltimos d\u00edas deben ser condenadas y frenadas de inmediato. Los colombianos y colombianas tienen el derecho a manifestarse a trav\u00e9s de la movilizaci\u00f3n de manera pac\u00edfica, as\u00ed como su reclamo debe ser escuchado por quienes gobiernan para alcanzar mejoras y reducir las amplias desigualdades que evidenciamos en nuestro pa\u00eds. Frente a este doloroso momento, el gobierno debe priorizar avanzar hacia un acuerdo basado en la justicia social.<\/p>\n\n<p>En tiempos dif\u00edciles para nuestra sociedad y como organizaci\u00f3n independiente, pol\u00edtica y econ\u00f3micamente, que utiliza la acci\u00f3n directa no violenta, Greenpeace hace un llamado a la cordura y a la construcci\u00f3n de un di\u00e1logo pluralista, que busque soluciones en medio de las divergencias de los distintos sectores. Reafirmamos nuestro compromiso con la paz, el medio ambiente y la promoci\u00f3n de actividades que resguardan la vida, as\u00ed como la b\u00fasqueda de soluciones a los conflictos basadas en el respeto y los principios que inspiran la diversidad y la pluralidad democr\u00e1tica.<\/p>\n","protected":false},"excerpt":{"rendered":"<p>Declaraci\u00f3n ante los \u00faltimos acontecimientos en Colombia:<\/p>\n","protected":false},"author":23,"featured_media":4398,"comment_status":"closed","ping_status":"open","sticky":false,"template":"","format":"standard","meta":{"ep_exclude_from_search":false,"p4_og_title":"","p4_og_description":"","p4_og_image":"","p4_og_image_id":"","p4_seo_canonical_url":"","p4_campaign_name":"not set","p4_local_project":"not set","p4_basket_name":"not set","p4_department":"","footnotes":""},"categories":[1],"tags":[],"p4-page-type":[16],"class_list":["post-5083","post","type-post","status-publish","format-standard","has-post-thumbnail","hentry","category-uncategorized","p4-page-type-noticia"],"_links":{"self":[{"href":"https:\/\/www.greenpeace.org\/colombia\/wp-json\/wp\/v2\/posts\/5083","targetHints":{"allow":["GET"]}}],"collection":[{"href":"https:\/\/www.greenpeace.org\/colombia\/wp-json\/wp\/v2\/posts"}],"about":[{"href":"https:\/\/www.greenpeace.org\/colombia\/wp-json\/wp\/v2\/types\/post"}],"author":[{"embeddable":true,"href":"https:\/\/www.greenpeace.org\/colombia\/wp-json\/wp\/v2\/users\/23"}],"replies":[{"embeddable":true,"href":"https:\/\/www.greenpeace.org\/colombia\/wp-json\/wp\/v2\/comments?post=5083"}],"version-history":[{"count":3,"href":"https:\/\/www.greenpeace.org\/colombia\/wp-json\/wp\/v2\/posts\/5083\/revisions"}],"predecessor-version":[{"id":15653,"href":"https:\/\/www.greenpeace.org\/colombia\/wp-json\/wp\/v2\/posts\/5083\/revisions\/15653"}],"wp:featuredmedia":[{"embeddable":true,"href":"https:\/\/www.greenpeace.org\/colombia\/wp-json\/wp\/v2\/media\/4398"}],"wp:attachment":[{"href":"https:\/\/www.greenpeace.org\/colombia\/wp-json\/wp\/v2\/media?parent=5083"}],"wp:term":[{"taxonomy":"category","embeddable":true,"href":"https:\/\/www.greenpeace.org\/colombia\/wp-json\/wp\/v2\/categories?post=5083"},{"taxonomy":"post_tag","embeddable":true,"href":"https:\/\/www.greenpeace.org\/colombia\/wp-json\/wp\/v2\/tags?post=5083"},{"taxonomy":"p4-page-type","embeddable":true,"href":"https:\/\/www.greenpeace.org\/colombia\/wp-json\/wp\/v2\/p4-page-type?post=5083"}],"curies":[{"name":"wp","href":"https:\/\/api.w.org\/{rel}","templated":true}]}}