{"id":5108,"date":"2021-06-04T15:39:34","date_gmt":"2021-06-04T15:39:34","guid":{"rendered":"https:\/\/www.greenpeace.org\/colombia\/?p=5108"},"modified":"2025-07-02T07:26:16","modified_gmt":"2025-07-02T07:26:16","slug":"en-el-dia-mundial-del-ambiente-una-nueva-generacion-de-esperanza-para-el-planeta","status":"publish","type":"post","link":"https:\/\/www.greenpeace.org\/colombia\/noticia\/uncategorized\/en-el-dia-mundial-del-ambiente-una-nueva-generacion-de-esperanza-para-el-planeta\/","title":{"rendered":"En el D\u00eda Mundial del Ambiente, una nueva generaci\u00f3n de esperanza para el planeta"},"content":{"rendered":"\n<figure class=\"wp-block-image size-large\"><img loading=\"lazy\" decoding=\"async\" width=\"1024\" height=\"683\" src=\"https:\/\/www.greenpeace.org\/static\/planet4-colombia-stateless\/2020\/04\/8e364a1f-imagen5.jpg\" alt=\"\" class=\"wp-image-2976\" srcset=\"https:\/\/www.greenpeace.org\/static\/planet4-colombia-stateless\/2020\/04\/8e364a1f-imagen5.jpg 1024w, https:\/\/www.greenpeace.org\/static\/planet4-colombia-stateless\/2020\/04\/8e364a1f-imagen5-300x200.jpg 300w, https:\/\/www.greenpeace.org\/static\/planet4-colombia-stateless\/2020\/04\/8e364a1f-imagen5-768x512.jpg 768w, https:\/\/www.greenpeace.org\/static\/planet4-colombia-stateless\/2020\/04\/8e364a1f-imagen5-510x340.jpg 510w\" sizes=\"auto, (max-width: 1024px) 100vw, 1024px\" \/><\/figure>\n\n<p>Atravesamos este D\u00eda Mundial del Ambiente rodeados de disputas y violencia, pero tambi\u00e9n encontramos esperanza,&nbsp; en esta nueva generaci\u00f3n de j\u00f3venes que pide justicia y equidad. La paz sigue siendo el rumbo y el umbral, a partir del cual las demandas cobran sentido. Afortunadamente, el cuidado del clima y el ambiente se ha vuelto prioritario para estas generaciones, al igual que la democracia, la equidad y la libertad.<\/p>\n\n<p>Es evidente ahora que tras las pr\u00e1cticas que destruyen el planeta se encuentran los mismos intereses que atentan contra la distribuci\u00f3n equitativa de los recursos, contra la posibilidad de acceder a alimentos sanos, empleos seguros y h\u00e1bitats sustentables<\/p>\n\n<p>Las j\u00f3venes generaciones saben distinguir promesas incumplidas de desarrollo del da\u00f1o ambiental y al bienestar humano de la miner\u00eda, los combustibles f\u00f3siles, la producci\u00f3n agroindustrial o los transg\u00e9nicos o la falta de espacios verdes en \u00e1reas urbanas.<\/p>\n\n<p>Seg\u00fan un <a href=\"https:\/\/es.greenpeace.org\/es\/wp-content\/uploads\/sites\/3\/2020\/05\/Ciudades-en-un-mundo-postCOVID.pdf\">reciente informe de Greenpeace<\/a>, sobre los espacios verdes y \u00e1reas p\u00fablicas, en 34 pa\u00edses europeos, en las \u00e1reas con buen acceso a espacios verdes, las desigualdades socioecon\u00f3micas se redujeron. Al invertir en la reconstrucci\u00f3n espacios p\u00fablicos urbanos con mayor proporci\u00f3n de \u00e1reas verdes, se evidencian beneficios econ\u00f3micos, educativos, ambientales y sociales adicionales que contribuyen a mejorar la vida en nuestras ciudades.<\/p>\n\n<p>Las ciudades consumen m\u00e1s de dos tercios de la energ\u00eda del mundo y representan m\u00e1s del 70% de las emisiones globales de gases de efecto invernadero. Y constituyen el \u00e1mbito de mayor crecimiento de la desigualdad a nivel global.<\/p>\n\n<p>Debemos reconstruir nuestras ciudades bajo principios de equidad y justicia. Para 2050, casi 7 de cada 10 personas en el mundo vivir\u00e1n en \u00e1reas urbanas.&nbsp;<\/p>\n\n<p>El empoderamiento de los j\u00f3venes que est\u00e1n poniendo el inter\u00e9s colectivo y la protecci\u00f3n del ambiente en primer lugar, nos llena de esperanza, en estas \u00e9pocas de&nbsp; vulneraci\u00f3n de derechos. La vida, la libertad de expresi\u00f3n y a la manifestaci\u00f3n pac\u00edfica ciudadana, deben ser los pilares de nuestra democracia.<\/p>\n\n<p>En ese sentido es que Colombia debe ratificar el Acuerdo de Escaz\u00fa, para que la protecci\u00f3n de la vida e integridad de los defensores ambientales que son amenazados, y asesinados sea una garant\u00eda.<\/p>\n\n<p>Al tiempo que nuestras instituciones se debilitan y los l\u00edderes dudan, nuestra juventud no se rinde y nos recuerda que s\u00ed hay un futuro en paz y en un planeta sano posible.<\/p>\n<div class=\"EmptyMessage\">Block content is empty. Check the block&#8217;s settings or remove it.<\/div>","protected":false},"excerpt":{"rendered":"<p>Atravesamos este D\u00eda Mundial del Ambiente rodeados de disputas y violencia, pero tambi\u00e9n encontramos esperanza,&nbsp; en esta nueva generaci\u00f3n de j\u00f3venes que pide justicia y equidad. La paz sigue siendo&hellip;<\/p>\n","protected":false},"author":23,"featured_media":2976,"comment_status":"closed","ping_status":"open","sticky":false,"template":"","format":"standard","meta":{"ep_exclude_from_search":false,"p4_og_title":"","p4_og_description":"","p4_og_image":"","p4_og_image_id":"","p4_seo_canonical_url":"","p4_campaign_name":"not set","p4_local_project":"not set","p4_basket_name":"not set","p4_department":"","footnotes":""},"categories":[1],"tags":[],"p4-page-type":[16],"class_list":["post-5108","post","type-post","status-publish","format-standard","has-post-thumbnail","hentry","category-uncategorized","p4-page-type-noticia"],"_links":{"self":[{"href":"https:\/\/www.greenpeace.org\/colombia\/wp-json\/wp\/v2\/posts\/5108","targetHints":{"allow":["GET"]}}],"collection":[{"href":"https:\/\/www.greenpeace.org\/colombia\/wp-json\/wp\/v2\/posts"}],"about":[{"href":"https:\/\/www.greenpeace.org\/colombia\/wp-json\/wp\/v2\/types\/post"}],"author":[{"embeddable":true,"href":"https:\/\/www.greenpeace.org\/colombia\/wp-json\/wp\/v2\/users\/23"}],"replies":[{"embeddable":true,"href":"https:\/\/www.greenpeace.org\/colombia\/wp-json\/wp\/v2\/comments?post=5108"}],"version-history":[{"count":5,"href":"https:\/\/www.greenpeace.org\/colombia\/wp-json\/wp\/v2\/posts\/5108\/revisions"}],"predecessor-version":[{"id":15650,"href":"https:\/\/www.greenpeace.org\/colombia\/wp-json\/wp\/v2\/posts\/5108\/revisions\/15650"}],"wp:featuredmedia":[{"embeddable":true,"href":"https:\/\/www.greenpeace.org\/colombia\/wp-json\/wp\/v2\/media\/2976"}],"wp:attachment":[{"href":"https:\/\/www.greenpeace.org\/colombia\/wp-json\/wp\/v2\/media?parent=5108"}],"wp:term":[{"taxonomy":"category","embeddable":true,"href":"https:\/\/www.greenpeace.org\/colombia\/wp-json\/wp\/v2\/categories?post=5108"},{"taxonomy":"post_tag","embeddable":true,"href":"https:\/\/www.greenpeace.org\/colombia\/wp-json\/wp\/v2\/tags?post=5108"},{"taxonomy":"p4-page-type","embeddable":true,"href":"https:\/\/www.greenpeace.org\/colombia\/wp-json\/wp\/v2\/p4-page-type?post=5108"}],"curies":[{"name":"wp","href":"https:\/\/api.w.org\/{rel}","templated":true}]}}