{"id":5320,"date":"2025-09-15T08:05:00","date_gmt":"2025-09-15T08:05:00","guid":{"rendered":"https:\/\/www.greenpeace.org\/colombia\/?p=5320"},"modified":"2025-09-15T18:28:28","modified_gmt":"2025-09-15T18:28:28","slug":"un-dia-como-hoy-nacio-el-activismo-ambiental-de-greenpeace","status":"publish","type":"post","link":"https:\/\/www.greenpeace.org\/colombia\/noticia\/campanas\/un-dia-como-hoy-nacio-el-activismo-ambiental-de-greenpeace\/","title":{"rendered":"Un d\u00eda como hoy naci\u00f3 el activismo ambiental de Greenpeace"},"content":{"rendered":"\n<p><\/p>\n\n<figure class=\"wp-block-image size-large\"><img loading=\"lazy\" decoding=\"async\" width=\"1024\" height=\"686\" src=\"https:\/\/www.greenpeace.org\/static\/planet4-colombia-stateless\/2021\/09\/d93beeec-1971-septiembre.-primer-viaje.-50-anos-de-historia.-1024x686.jpg\" alt=\"\" class=\"wp-image-5322\" srcset=\"https:\/\/www.greenpeace.org\/static\/planet4-colombia-stateless\/2021\/09\/d93beeec-1971-septiembre.-primer-viaje.-50-anos-de-historia.-1024x686.jpg 1024w, https:\/\/www.greenpeace.org\/static\/planet4-colombia-stateless\/2021\/09\/d93beeec-1971-septiembre.-primer-viaje.-50-anos-de-historia.-300x201.jpg 300w, https:\/\/www.greenpeace.org\/static\/planet4-colombia-stateless\/2021\/09\/d93beeec-1971-septiembre.-primer-viaje.-50-anos-de-historia.-768x515.jpg 768w, https:\/\/www.greenpeace.org\/static\/planet4-colombia-stateless\/2021\/09\/d93beeec-1971-septiembre.-primer-viaje.-50-anos-de-historia.-1536x1030.jpg 1536w, https:\/\/www.greenpeace.org\/static\/planet4-colombia-stateless\/2021\/09\/d93beeec-1971-septiembre.-primer-viaje.-50-anos-de-historia.-2048x1373.jpg 2048w, https:\/\/www.greenpeace.org\/static\/planet4-colombia-stateless\/2021\/09\/d93beeec-1971-septiembre.-primer-viaje.-50-anos-de-historia.-2038x1366.jpg 2038w, https:\/\/www.greenpeace.org\/static\/planet4-colombia-stateless\/2021\/09\/d93beeec-1971-septiembre.-primer-viaje.-50-anos-de-historia.-507x340.jpg 507w\" sizes=\"auto, (max-width: 1024px) 100vw, 1024px\" \/><figcaption class=\"wp-element-caption\">Greenpeace nace en 1971, cuando un peque\u00f1o grupo de personas defensoras del medio ambiente zarp\u00f3 desde Vancouver, Canad\u00e1, en un viejo barco pesquero hacia Amchitka, una peque\u00f1a isla volc\u00e1nica frente al oeste de Alaska, para protestar contra las pruebas nucleares del ej\u00e9rcito estadounidense. Originalmente, el barco se llam\u00f3 Phyllis Cormack, pero luego lo rebautizaron Greenpeace, ya que un\u00eda dos grandes temas, la supervivencia de nuestro medio ambiente y la paz del mundo.<\/figcaption><\/figure>\n\n<p>Desde sus <strong>protestas en el mar, frenando la caza de ballenas, poniendo fin a pruebas nucleares y al vertido de residuos t\u00f3xicos alrededor del mundo, protegiendo el \u00c1rtico de la actividad petrolera y luchando contra la deforestaci\u00f3n y los incendios forestales<\/strong>, Greenpeace lleva m\u00e1s de 50 a\u00f1os trabajando en la protecci\u00f3n del ambiente y en detener el avance de m\u00faltiples amenazas hacia la naturaleza, atribuidas a la actividad del hombre.\u00a0<\/p>\n\n<div class=\"wp-block-buttons is-content-justification-center is-layout-flex wp-container-core-buttons-is-layout-16018d1d wp-block-buttons-is-layout-flex\">\n<div class=\"wp-block-button is-style-cta\"><a class=\"wp-block-button__link wp-element-button\" href=\"https:\/\/www.greenpeace.org\/static\/planet4-colombia-stateless\/2025\/09\/526ee584-semillasandinasnuestrahistoria.pdf\" target=\"_blank\" rel=\"noreferrer noopener\">Conoce m\u00e1s sobre la historia de Greenpeace en nuestra revista &#8220;Semillas Andinas&#8221;<\/a><\/div>\n<\/div>\n\n<figure class=\"wp-block-image\"><img decoding=\"async\" src=\"https:\/\/www.greenpeace.org\/static\/planet4-argentina-stateless\/2021\/09\/44f46eb8-2016-junio.-ludovico-einaudi-actua-en-el-oceano-artico.-1024x683.jpg\" alt=\"\" class=\"wp-image-13130\"\/><figcaption class=\"wp-element-caption\">La composici\u00f3n del m\u00fasico italiano Ludovico Einaudi, Elegy for the Arctic, se inspir\u00f3 en ocho millones de voces de todo el mundo que piden la protecci\u00f3n del \u00c1rtico. &nbsp;\u00a9 Pedro Armestre \/ Greenpeace<\/figcaption><\/figure>\n\n<p>Los comienzos de Greenpeace datan de&nbsp;<strong>1971<\/strong>, cuando&nbsp;<strong>un equipo de personas defensoras del medio ambiente zarp\u00f3 desde Vancouver, Canad\u00e1, en un viejo barco pesquero hacia Amchitka, una peque\u00f1a isla volc\u00e1nica frente al oeste de Alaska<\/strong>, para protestar contra las pruebas nucleares subterr\u00e1neas que el ej\u00e9rcito estadounidense realizaba al\u00ed. Originalmente, el barco se llam\u00f3 Phyllis Cormack, pero luego lo&nbsp;<strong>rebautizaron como Greenpeace<\/strong>&nbsp;ya que un\u00eda dos grandes temas, la supervivencia de nuestro medio ambiente y la paz del mundo.&nbsp;<\/p>\n\n<figure class=\"wp-block-image\"><img decoding=\"async\" src=\"https:\/\/www.greenpeace.org\/static\/planet4-argentina-stateless\/2021\/09\/7f652785-1985-mayo.-evacuacion-en-islas-marshall.-1024x714.jpg\" alt=\"\" class=\"wp-image-13114\"\/><figcaption class=\"wp-element-caption\">La tripulaci\u00f3n de Rainbow Warrior asiste a adultos y ni\u00f1os isle\u00f1os de la zona de Rongelap a Mejato, que han sufrido lluvia radiactiva como consecuencia de pruebas nucleares estadounidenses. \u00a9 Greenpeace \/ Fernando Pereira<\/figcaption><\/figure>\n\n<figure class=\"wp-block-image\"><img decoding=\"async\" src=\"https:\/\/www.greenpeace.org\/static\/planet4-argentina-stateless\/2021\/09\/e7db2e6a-2005-diciembre.-caza-de-ballenas-en-la-antartida.-1024x683.jpg\" alt=\"\" class=\"wp-image-13115\"\/><figcaption class=\"wp-element-caption\">El barco MY Esperanza de Greenpeace y sus inflables, intentan obstaculizar el disparo y eventual traslado de una ballena Minke por el barco receptor Yushin Maru 2. &nbsp;\u00a9 Greenpeace \/ Kate Davison<\/figcaption><\/figure>\n\n<figure class=\"wp-block-image\"><img decoding=\"async\" src=\"https:\/\/www.greenpeace.org\/static\/planet4-argentina-stateless\/2021\/09\/64c8815b-2008-noviembre.-protesta-contra-crimenes-forestales.-1024x683.jpg\" alt=\"\" class=\"wp-image-13123\"\/><figcaption class=\"wp-element-caption\">Activista trepa por la cadena del ancla del petrolero Gran Couva y cuelga una pancarta que dice No m\u00e1s bosques turberas para aceite de palma. El barco de Greenpeace MV Esperanza ocup\u00f3 el petrolero durante 24 horas y pint\u00f3 en su proa Forest Crime. \u00a9 Greenpeace \/ John Novis<\/figcaption><\/figure>\n\n<p>Durante 54 a\u00f1os<strong> la organizaci\u00f3n ha realizado incontables campa\u00f1as junto a aliados, destacando entre ellas el fin a las pruebas nucleares y vertido de residuos t\u00f3xicos en el mar, la protecci\u00f3n de la Ant\u00e1rtida<\/strong> estableciendo una base en ese continente, la denuncia e intervenci\u00f3n a la industria ballenera, la investigaci\u00f3n a grandes empresas contaminantes y la compa\u00f1\u00eda a nivel global, de distintas comunidades, pueblos ind\u00edgenas, sindicatos y aliados de todo el mundo en la lucha por garantizar un futuro justo, ecol\u00f3gico y pac\u00edfico.\u00a0<\/p>\n\n<h2 class=\"wp-block-heading\">Greenpeace en Colombia<\/h2>\n\n<figure class=\"wp-block-image size-large\"><img loading=\"lazy\" decoding=\"async\" width=\"1024\" height=\"683\" src=\"https:\/\/www.greenpeace.org\/static\/planet4-colombia-stateless\/2024\/10\/021d81ea-gpco-rompecabezas-parque-panamericano-credito-nathalia-angarita-greenpeace-6-1024x683.jpg\" alt=\"\" class=\"wp-image-13711\" srcset=\"https:\/\/www.greenpeace.org\/static\/planet4-colombia-stateless\/2024\/10\/021d81ea-gpco-rompecabezas-parque-panamericano-credito-nathalia-angarita-greenpeace-6-1024x683.jpg 1024w, https:\/\/www.greenpeace.org\/static\/planet4-colombia-stateless\/2024\/10\/021d81ea-gpco-rompecabezas-parque-panamericano-credito-nathalia-angarita-greenpeace-6-300x200.jpg 300w, https:\/\/www.greenpeace.org\/static\/planet4-colombia-stateless\/2024\/10\/021d81ea-gpco-rompecabezas-parque-panamericano-credito-nathalia-angarita-greenpeace-6-768x512.jpg 768w, https:\/\/www.greenpeace.org\/static\/planet4-colombia-stateless\/2024\/10\/021d81ea-gpco-rompecabezas-parque-panamericano-credito-nathalia-angarita-greenpeace-6-1536x1024.jpg 1536w, https:\/\/www.greenpeace.org\/static\/planet4-colombia-stateless\/2024\/10\/021d81ea-gpco-rompecabezas-parque-panamericano-credito-nathalia-angarita-greenpeace-6-2048x1366.jpg 2048w, https:\/\/www.greenpeace.org\/static\/planet4-colombia-stateless\/2024\/10\/021d81ea-gpco-rompecabezas-parque-panamericano-credito-nathalia-angarita-greenpeace-6-510x340.jpg 510w\" sizes=\"auto, (max-width: 1024px) 100vw, 1024px\" \/><figcaption><div class=\"credit icon-left\"> \u00a9 Nathalia Angarita \/ Greenpeace<\/div><\/figcaption><\/figure>\n\n<p>El <strong>punto de partida de Greenpeace en Colombia fue en septiembre de 2009. Ese mismo a\u00f1o, con motivo de la COP15 que se celebr\u00f3 en la ciudad de Copenhague, Dinamarca<\/strong>, la organizaci\u00f3n trabaj\u00f3 en una campa\u00f1a sobre la crisis clim\u00e1tica. Por otro lado, lider\u00f3 junto a organizaciones aliadas y diversas comunidades, a los p\u00e1ramos colombianos como s\u00edmbolo de la lucha para frenar la crisis del clima. <\/p>\n\n<div class=\"wp-block-buttons is-content-justification-center is-layout-flex wp-container-core-buttons-is-layout-16018d1d wp-block-buttons-is-layout-flex\">\n<div class=\"wp-block-button is-style-cta\"><a class=\"wp-block-button__link wp-element-button\" href=\"https:\/\/www.greenpeace.org\/colombia\/linea-del-tiempo-de-campanas\/\" target=\"_blank\" rel=\"noreferrer noopener\">Conoce todas las campa\u00f1as de Greenpeace en Colombia<\/a><\/div>\n<\/div>\n\n<p>En el 2016 la Corporaci\u00f3n Aut\u00f3noma Regional de Boyac\u00e1, Corpoboyac\u00e1, m\u00e1xima autoridad ambiental del departamento, inhabilit\u00f3 una de las minas de carb\u00f3n de la multinacional minera Hunza Coal. En el 2019, un fallo del Consejo de Estado, m\u00e1ximo tribunal de lo contencioso administrativo, prohibi\u00f3 la actividad minera en el P\u00e1ramo de Pisba.<\/p>\n\n<p>Asimismo,<strong> en los \u00faltimos a\u00f1os Greenpeace Colombia, tambi\u00e9n trabaj\u00f3 activamente por la\u00a0 prohibici\u00f3n del asbesto, logrando junto a diversos aliados que en 2019 la C\u00e1mara de Representantes aprobara por unanimidad el proyecto de ley Ana Cecilia Ni\u00f1o <\/strong>que proh\u00edbe producir, usar, comercializar y exportar asbesto en Colombia.\u00a0 <\/p>\n\n<p>Adem\u00e1s, a partir del 2018 <strong>se puso a la cabeza campa\u00f1as contra la contaminaci\u00f3n de pl\u00e1sticos de un solo uso y sobre la Emergencia Clim\u00e1tica<\/strong>, buscando un cambio de paradigma social para contar con ciudades m\u00e1s resilientes y sustentables que contemplen m\u00e1s \u00e1reas verdes, un sistema alimentario m\u00e1s justo, local y limpio y una movilidad limpia.\u00a0<\/p>\n\n<p>Seg\u00fan Greenpeace, <strong>en la actualidad los gobiernos del mundo hoy m\u00e1s que nunca deben escuchar a la ciencia y acelerar medidas contra la crisis clim\u00e1tica<\/strong>.<\/p>\n\n<figure class=\"wp-block-image\"><img loading=\"lazy\" decoding=\"async\" width=\"1024\" height=\"683\" src=\"https:\/\/www.greenpeace.org\/static\/planet4-colombia-stateless\/2024\/09\/77215471-dsc_0258-1024x683.jpg\" alt=\"\" class=\"wp-image-12920\" srcset=\"https:\/\/www.greenpeace.org\/static\/planet4-colombia-stateless\/2024\/09\/77215471-dsc_0258-1024x683.jpg 1024w, https:\/\/www.greenpeace.org\/static\/planet4-colombia-stateless\/2024\/09\/77215471-dsc_0258-300x200.jpg 300w, https:\/\/www.greenpeace.org\/static\/planet4-colombia-stateless\/2024\/09\/77215471-dsc_0258-768x512.jpg 768w, https:\/\/www.greenpeace.org\/static\/planet4-colombia-stateless\/2024\/09\/77215471-dsc_0258-1536x1024.jpg 1536w, https:\/\/www.greenpeace.org\/static\/planet4-colombia-stateless\/2024\/09\/77215471-dsc_0258-2048x1366.jpg 2048w, https:\/\/www.greenpeace.org\/static\/planet4-colombia-stateless\/2024\/09\/77215471-dsc_0258-510x340.jpg 510w\" sizes=\"auto, (max-width: 1024px) 100vw, 1024px\" \/><figcaption class=\"wp-element-caption\">\u00a9 Alberto Gonzalez \/ Greenpeace<\/figcaption><\/figure>\n\n<p><\/p>\n\n<p>Nada hubiera sido posible sin el\u00a0<strong>apoyo<\/strong>\u00a0que nos dieron desde nuestros inicios tanto quienes han formado parte de la trayectoria de la organizaci\u00f3n como, en especial,\u00a0<strong>nuestros voluntarios y voluntarias<\/strong>,\u00a0<strong>nuestros socios y socias<\/strong>, que nos permiten ser independientes de empresas y partidos pol\u00edticos y las personas que dan su apoyo firmando nuestras peticiones<\/p>\n<div class=\"EmptyMessage\">Block content is empty. Check the block&#8217;s settings or remove it.<\/div>","protected":false},"excerpt":{"rendered":"<p>Desde sus protestas en el mar, frenando la caza de ballenas, poniendo fin a pruebas nucleares y al vertido de residuos t\u00f3xicos alrededor del mundo, protegiendo el \u00c1rtico de la\u2026<\/p>\n","protected":false},"author":23,"featured_media":5322,"comment_status":"closed","ping_status":"open","sticky":false,"template":"","format":"standard","meta":{"ep_exclude_from_search":false,"p4_og_title":"Un d\u00eda como hoy naci\u00f3 el activismo ambiental de Greenpeace","p4_og_description":"Desde sus protestas en el mar, frenando la caza de ballenas, poniendo fin a pruebas nucleares y al vertido de residuos t\u00f3xicos alrededor del mundo, protegiendo el \u00c1rtico de la\u2026","p4_og_image":"https:\/\/www.greenpeace.org\/static\/planet4-colombia-stateless\/2023\/08\/724cf584-gp019id_web_size_with_credit_line.jpg","p4_og_image_id":"10417","p4_seo_canonical_url":"","p4_campaign_name":"not set","p4_local_project":"not set","p4_basket_name":"not set","p4_department":"","footnotes":""},"categories":[5,37],"tags":[44],"p4-page-type":[16],"class_list":["post-5320","post","type-post","status-publish","format-standard","has-post-thumbnail","hentry","category-campanas","category-greenpeace","tag-50anos","p4-page-type-noticia"],"_links":{"self":[{"href":"https:\/\/www.greenpeace.org\/colombia\/wp-json\/wp\/v2\/posts\/5320","targetHints":{"allow":["GET"]}}],"collection":[{"href":"https:\/\/www.greenpeace.org\/colombia\/wp-json\/wp\/v2\/posts"}],"about":[{"href":"https:\/\/www.greenpeace.org\/colombia\/wp-json\/wp\/v2\/types\/post"}],"author":[{"embeddable":true,"href":"https:\/\/www.greenpeace.org\/colombia\/wp-json\/wp\/v2\/users\/23"}],"replies":[{"embeddable":true,"href":"https:\/\/www.greenpeace.org\/colombia\/wp-json\/wp\/v2\/comments?post=5320"}],"version-history":[{"count":6,"href":"https:\/\/www.greenpeace.org\/colombia\/wp-json\/wp\/v2\/posts\/5320\/revisions"}],"predecessor-version":[{"id":16545,"href":"https:\/\/www.greenpeace.org\/colombia\/wp-json\/wp\/v2\/posts\/5320\/revisions\/16545"}],"wp:featuredmedia":[{"embeddable":true,"href":"https:\/\/www.greenpeace.org\/colombia\/wp-json\/wp\/v2\/media\/5322"}],"wp:attachment":[{"href":"https:\/\/www.greenpeace.org\/colombia\/wp-json\/wp\/v2\/media?parent=5320"}],"wp:term":[{"taxonomy":"category","embeddable":true,"href":"https:\/\/www.greenpeace.org\/colombia\/wp-json\/wp\/v2\/categories?post=5320"},{"taxonomy":"post_tag","embeddable":true,"href":"https:\/\/www.greenpeace.org\/colombia\/wp-json\/wp\/v2\/tags?post=5320"},{"taxonomy":"p4-page-type","embeddable":true,"href":"https:\/\/www.greenpeace.org\/colombia\/wp-json\/wp\/v2\/p4-page-type?post=5320"}],"curies":[{"name":"wp","href":"https:\/\/api.w.org\/{rel}","templated":true}]}}