{"id":5431,"date":"2021-10-20T15:32:50","date_gmt":"2021-10-20T15:32:50","guid":{"rendered":"https:\/\/www.greenpeace.org\/colombia\/?p=5431"},"modified":"2021-12-01T12:23:53","modified_gmt":"2021-12-01T12:23:53","slug":"los-momentos-clave-de-la-historia-de-greenpeace-segunda-parte","status":"publish","type":"post","link":"https:\/\/www.greenpeace.org\/colombia\/blog\/blog\/los-momentos-clave-de-la-historia-de-greenpeace-segunda-parte\/","title":{"rendered":"Los momentos clave de la historia de Greenpeace \u2013 segunda parte"},"content":{"rendered":"\n<p><\/p>\n\n<p>Desde nuestros inicios en 1971 celebramos victorias y grandes avances. Impulsamos cambios, leyes ambientales y tratados internacionales.<\/p>\n\n<p>Y siempre lo hicimos de manera independiente, pol\u00edtica y econ\u00f3micamente, junto a las miles de personas que nos acompa\u00f1an.<\/p>\n\n<p>Hoy te presentamos algunos de los hitos que logramos gracias al poder de la gente.<\/p>\n\n<p><strong>1991:<\/strong>&nbsp;<strong>Greenpeace y su base en la Ant\u00e1rtica<\/strong>&nbsp;<\/p>\n\n<figure class=\"wp-block-image is-resized\"><img loading=\"lazy\" decoding=\"async\" src=\"https:\/\/www.greenpeace.org\/static\/planet4-chile-stateless\/2021\/10\/344cfe94-gp010tj_web_size.jpg\" alt=\"\" class=\"wp-image-6913\" width=\"600\" height=\"392\"\/><figcaption>Base World Park en la Ant\u00e1rtica<\/figcaption><\/figure>\n\n<p>En 1987 Greenpeace estableci\u00f3 la base de investigaci\u00f3n World Park en el cabo Evans, en la isla Ross, Ant\u00e1rtica. El fin era asegurarse un lugar en la mesa de negociaciones entre los estados miembros del Tratado Ant\u00e1rtico.<\/p>\n\n<p>La estaci\u00f3n se cerr\u00f3 en 1991 cuando los 39 firmantes del Tratado Ant\u00e1rtico acordaron adoptar un nuevo Protocolo de Protecci\u00f3n Ambiental. Se incluy\u00f3 la prohibici\u00f3n de explotar minerales durante al menos 50 a\u00f1os con el objetivo de preservar el continente para fines pac\u00edficos y cient\u00edficos.&nbsp;<\/p>\n\n<p><strong>1993:<\/strong>&nbsp;<strong>Fin al vertido de residuos radiactivos en el mar<\/strong><\/p>\n\n<figure class=\"wp-block-image is-resized\"><img loading=\"lazy\" decoding=\"async\" src=\"https:\/\/www.greenpeace.org\/static\/planet4-chile-stateless\/2021\/10\/b512a426-gp0v40_web_size.jpg\" alt=\"\" class=\"wp-image-6914\" width=\"600\" height=\"400\"\/><figcaption>Greenpeace documenta que el barco ruso TNT27 arroja desechos nucleares en el Mar de Jap\u00f3n.&nbsp;<br>18 de octubre de 1993<\/figcaption><\/figure>\n\n<p>El Convenio de Londres (Convenio sobre la prevenci\u00f3n de la contaminaci\u00f3n del mar por vertimiento de desechos y otras materias)&nbsp;prohibi\u00f3 la eliminaci\u00f3n de desechos radiactivos de baja actividad y el vertido y la incineraci\u00f3n de desechos industriales en el mar.<\/p>\n\n<p>Este resultado se consigui\u00f3 despu\u00e9s de una campa\u00f1a de 15 a\u00f1os, realizada por Greenpeace y sus aliados, que incluy\u00f3 una serie de acciones en alta mar, la presentaci\u00f3n de solicitudes y el apoyo p\u00fablico.<\/p>\n\n<p><strong>1995: Una gran victoria en la lucha contra los vertidos en el mar<\/strong><\/p>\n\n<figure class=\"wp-block-image is-resized\"><img loading=\"lazy\" decoding=\"async\" src=\"https:\/\/www.greenpeace.org\/static\/planet4-chile-stateless\/2021\/10\/0928043f-gp012ei_web_size.jpg\" alt=\"\" class=\"wp-image-6915\" width=\"600\" height=\"397\"\/><figcaption>Acci\u00f3n en la plataforma petrolera Brent Spar<\/figcaption><\/figure>\n\n<p>Una de las acciones m\u00e1s famosas de Greenpeace, la ocupaci\u00f3n de la plataforma petrolera Brent Spar, tuvo lugar en el Mar del Norte en junio de 1995.&nbsp;<\/p>\n\n<p>Ese mismo a\u00f1o Shell hab\u00eda decidido que ya no quer\u00eda utilizar su&nbsp;plataforma Brent Spar&nbsp;y obtuvo el permiso del Reino Unido para hundir sus 14.500 toneladas en el oc\u00e9ano Atl\u00e1ntico.<\/p>\n\n<p>Greenpeace, que ten\u00eda una campa\u00f1a contra la eliminaci\u00f3n de instalaciones en los oc\u00e9anos, pas\u00f3 a la acci\u00f3n. Los activistas ocuparon la plataforma durante m\u00e1s de tres semanas y sus im\u00e1genes enfrent\u00e1ndose a ca\u00f1ones de agua despertaron una gran cantidad de protestas espont\u00e1neas contra Shell en toda Europa.&nbsp;<\/p>\n\n<p>A pesar de la negativa del&nbsp;Reino Unido de dar marcha atr\u00e1s con la autorizaci\u00f3n para hundir la instalaci\u00f3n, la presi\u00f3n p\u00fablica hizo que Shell finalmente decidiera desmantelar y reciclar la plataforma Brent Spar en tierra.<\/p>\n\n<p>Una semana despu\u00e9s de que Shell&nbsp;abandonara su plan de hundir la plataforma,&nbsp;OSPAR&nbsp;(La Convenci\u00f3n para la Protecci\u00f3n del Medio Ambiente Marino del Atl\u00e1ntico del Nordeste) vot\u00f3 una moratoria sobre la eliminaci\u00f3n en el mar de instalaciones de petr\u00f3leo y gas.&nbsp;<\/p>\n\n<p><strong>1995: Un freno a las pruebas nucleares<\/strong><\/p>\n\n<figure class=\"wp-block-image is-resized\"><img loading=\"lazy\" decoding=\"async\" src=\"https:\/\/www.greenpeace.org\/static\/planet4-chile-stateless\/2021\/10\/b641670f-gp01694_web_size.jpg\" alt=\"\" class=\"wp-image-6918\" width=\"600\" height=\"401\"\/><figcaption>Comandos de Francia en el Rainbow Warrior II, durante la protesta contra los ensayos nucleares franceses.<\/figcaption><\/figure>\n\n<p>En junio de 1995, el gobierno de Francia anunci\u00f3 que continuar\u00eda con ocho pruebas nucleares subterr\u00e1neas en el atol\u00f3n de Mururoa, en la Polinesia Francesa.<\/p>\n\n<p>Greenpeace respondi\u00f3 y una tripulaci\u00f3n a bordo del Rainbow Warrior II se dirigi\u00f3 a Mururoa para cumplir la misma que misi\u00f3n en 1973: protestar y exponer las pruebas p\u00fablicas y, si es posible, interrumpirlas.&nbsp;<\/p>\n\n<p>El Rainbow Warrior II y los barcos Vega y MV Greenpeace se acercaron a la zona de exclusi\u00f3n francesa el 1 de septiembre.&nbsp;Desde el buque de guerra franc\u00e9s Prairial se les orden\u00f3 a las naves que regresaran, pero la respuesta fue \u201cMensaje recibido, sin comentarios\u201d.&nbsp;<\/p>\n\n<p>Luego, los comandos franceses asaltaron los barcos con ganchos y gases lacrim\u00f3genos y arrestaron a toda la tripulaci\u00f3n.&nbsp;La vocera de la campa\u00f1a, Stephanie Millis, estaba encerrada en una cabina dando una entrevista a los medios con una radio cuando de repente se rompi\u00f3 un vaso y se arroj\u00f3 gas lacrim\u00f3geno.&nbsp;Desde la cabina se o\u00edan gritos y toses.<\/p>\n\n<p>Un video del ataque y una grabaci\u00f3n de audio de los gritos de los manifestantes pac\u00edficos viajaron por el mundo y provocaron una ola de resistencia a las pruebas.&nbsp;As\u00ed, en enero de 1996, el presidente franc\u00e9s anunci\u00f3 la \u201csuspensi\u00f3n definitiva\u201d del programa.<\/p>\n\n<p>M\u00e1s de 7 millones de personas se sumaron a peticiones para frenar los ensayos nucleares.&nbsp;Adem\u00e1s de Francia, Reino Unido, Estados Unidos, Rusia y China se comprometieron a firmar el Tratado de Prohibici\u00f3n Completa de los Ensayos Nucleares.<\/p>\n\n<p><strong>1997: Greenpeace crea Greenfreeze<\/strong><\/p>\n\n<figure class=\"wp-block-image is-resized\"><img loading=\"lazy\" decoding=\"async\" src=\"https:\/\/www.greenpeace.org\/static\/planet4-chile-stateless\/2021\/10\/d4d33710-gp0xh4_web_size.jpg\" alt=\"\" class=\"wp-image-6920\" width=\"600\" height=\"397\"\/><figcaption>Producci\u00f3n del refrigerador \u201cGreenfreeze\u201d en la f\u00e1brica Kelon, en Shunde, China<\/figcaption><\/figure>\n\n<p>Greenpeace revolucion\u00f3 el mercado de las neveras con la invenci\u00f3n de Greenfreeze. Este sistema de refrigeraci\u00f3n est\u00e1&nbsp;libre de emisiones de HFCs (hidrofluorocarburos) y otros qu\u00edmicos da\u00f1inos para la capa de ozono.<\/p>\n\n<p>La organizaci\u00f3n recibi\u00f3 el Premio Ozono que otorga PNUMA (Programa de las Naciones Unidas para el Medio Ambiente)&nbsp;por el desarrollo de la tecnolog\u00eda Greenfreeze.&nbsp;<\/p>\n\n<p><strong>2003:<\/strong>&nbsp;<strong>Demarcaci\u00f3n de la tierra del pueblo ind\u00edgena Deni en el Amazonas<\/strong><\/p>\n\n<figure class=\"wp-block-image is-resized\"><img loading=\"lazy\" decoding=\"async\" src=\"https:\/\/www.greenpeace.org\/static\/planet4-chile-stateless\/2021\/10\/6c6cdb9d-gp0ga6_web_size.jpg\" alt=\"\" class=\"wp-image-6922\" width=\"600\" height=\"407\"\/><figcaption>Greenpeace ayud\u00f3 al pueblo ind\u00edgena Deni a demarcar las \u00e1reas que oficialmente les pertenecen.&nbsp;<\/figcaption><\/figure>\n\n<p>En una investigaci\u00f3n sobre la tala ilegal en el Amazonas, Greenpeace descubri\u00f3 que el gigante maderero malayo WTK hab\u00eda comprado 313 mil hect\u00e1reas de bosque, pero&nbsp;casi el 50% del \u00e1rea eran tierras que pertenec\u00edan al&nbsp;pueblo ind\u00edgena Deni.<\/p>\n\n<p>Con el apoyo de Greenpeace, el pueblo comenz\u00f3 en 2001 a demarcar el \u00e1rea por su cuenta.&nbsp;Despu\u00e9s de mucha presi\u00f3n p\u00fablica y exposici\u00f3n de la prensa, lleg\u00f3 la recompensa: la demarcaci\u00f3n oficial del territorio se realiz\u00f3 en agosto de 2003. Se instalaron hitos y placas que identifican el \u00e1rea con el sello del gobierno federal.<\/p>\n\n<p>&nbsp;<\/p>\n\n<p>Gracias por acompa\u00f1arnos y ser parte de nuestros primeros 50 a\u00f1os de historia. Seguiremos luchando por lo que nos importa.<\/p>\n\n<p><\/p>\n\n<p><a href=\"https:\/\/www.greenpeace.org\/colombia\/blog\/blog\/los-momentos-clave-de-la-historia-de-greenpeace-primera-parte\/\" target=\"_blank\" rel=\"noreferrer noopener\"><strong>Los momentos clave de la historia de Greenpeace \u2013 primera parte<\/strong><\/a><\/p>\n\n<p><\/p>\n\n<p><a href=\"https:\/\/www.greenpeace.org\/colombia\/blog\/blog\/los-momentos-clave-de-la-historia-de-greenpeace-tercera-parte\/\" target=\"_blank\" rel=\"noreferrer noopener\"><strong>Los momentos clave de la historia de Greenpeace &#8211; tercera parte<\/strong> <\/a><\/p>\n\n<p><\/p>\n<div class=\"EmptyMessage\">Block content is empty. Check the block&#8217;s settings or remove it.<\/div>","protected":false},"excerpt":{"rendered":"<p>Hoy te presentamos algunos de los hitos que logramos gracias al poder de la gente.<\/p>\n","protected":false},"author":22,"featured_media":5435,"comment_status":"closed","ping_status":"open","sticky":false,"template":"","format":"standard","meta":{"ep_exclude_from_search":false,"p4_og_title":"","p4_og_description":"","p4_og_image":"","p4_og_image_id":"","p4_seo_canonical_url":"","p4_campaign_name":"not set","p4_local_project":"not set","p4_basket_name":"not set","p4_department":"","footnotes":""},"categories":[41],"tags":[44],"p4-page-type":[14],"class_list":["post-5431","post","type-post","status-publish","format-standard","has-post-thumbnail","hentry","category-blog","tag-50anos","p4-page-type-blog"],"_links":{"self":[{"href":"https:\/\/www.greenpeace.org\/colombia\/wp-json\/wp\/v2\/posts\/5431","targetHints":{"allow":["GET"]}}],"collection":[{"href":"https:\/\/www.greenpeace.org\/colombia\/wp-json\/wp\/v2\/posts"}],"about":[{"href":"https:\/\/www.greenpeace.org\/colombia\/wp-json\/wp\/v2\/types\/post"}],"author":[{"embeddable":true,"href":"https:\/\/www.greenpeace.org\/colombia\/wp-json\/wp\/v2\/users\/22"}],"replies":[{"embeddable":true,"href":"https:\/\/www.greenpeace.org\/colombia\/wp-json\/wp\/v2\/comments?post=5431"}],"version-history":[{"count":5,"href":"https:\/\/www.greenpeace.org\/colombia\/wp-json\/wp\/v2\/posts\/5431\/revisions"}],"predecessor-version":[{"id":5515,"href":"https:\/\/www.greenpeace.org\/colombia\/wp-json\/wp\/v2\/posts\/5431\/revisions\/5515"}],"wp:featuredmedia":[{"embeddable":true,"href":"https:\/\/www.greenpeace.org\/colombia\/wp-json\/wp\/v2\/media\/5435"}],"wp:attachment":[{"href":"https:\/\/www.greenpeace.org\/colombia\/wp-json\/wp\/v2\/media?parent=5431"}],"wp:term":[{"taxonomy":"category","embeddable":true,"href":"https:\/\/www.greenpeace.org\/colombia\/wp-json\/wp\/v2\/categories?post=5431"},{"taxonomy":"post_tag","embeddable":true,"href":"https:\/\/www.greenpeace.org\/colombia\/wp-json\/wp\/v2\/tags?post=5431"},{"taxonomy":"p4-page-type","embeddable":true,"href":"https:\/\/www.greenpeace.org\/colombia\/wp-json\/wp\/v2\/p4-page-type?post=5431"}],"curies":[{"name":"wp","href":"https:\/\/api.w.org\/{rel}","templated":true}]}}