{"id":5807,"date":"2022-02-11T15:31:26","date_gmt":"2022-02-11T15:31:26","guid":{"rendered":"https:\/\/www.greenpeace.org\/colombia\/?p=5807"},"modified":"2025-07-02T07:25:36","modified_gmt":"2025-07-02T07:25:36","slug":"que-significa-alerta-amarilla-por-mala-calidad-del-aire","status":"publish","type":"post","link":"https:\/\/www.greenpeace.org\/colombia\/blog\/blog\/que-significa-alerta-amarilla-por-mala-calidad-del-aire\/","title":{"rendered":"\u00bfQu\u00e9 significa alerta amarilla por mala calidad del aire?"},"content":{"rendered":"\n<figure class=\"wp-block-image size-large is-resized\"><img loading=\"lazy\" decoding=\"async\" src=\"https:\/\/www.greenpeace.org\/static\/planet4-colombia-stateless\/2022\/02\/67549cce-calidad-de-aire-bogota-2-1024x683.jpg\" alt=\"\" class=\"wp-image-5808\" width=\"768\" height=\"512\" srcset=\"https:\/\/www.greenpeace.org\/static\/planet4-colombia-stateless\/2022\/02\/67549cce-calidad-de-aire-bogota-2-1024x683.jpg 1024w, https:\/\/www.greenpeace.org\/static\/planet4-colombia-stateless\/2022\/02\/67549cce-calidad-de-aire-bogota-2-300x200.jpg 300w, https:\/\/www.greenpeace.org\/static\/planet4-colombia-stateless\/2022\/02\/67549cce-calidad-de-aire-bogota-2-768x512.jpg 768w, https:\/\/www.greenpeace.org\/static\/planet4-colombia-stateless\/2022\/02\/67549cce-calidad-de-aire-bogota-2-1536x1024.jpg 1536w, https:\/\/www.greenpeace.org\/static\/planet4-colombia-stateless\/2022\/02\/67549cce-calidad-de-aire-bogota-2-2048x1366.jpg 2048w, https:\/\/www.greenpeace.org\/static\/planet4-colombia-stateless\/2022\/02\/67549cce-calidad-de-aire-bogota-2-510x340.jpg 510w\" sizes=\"auto, (max-width: 768px) 100vw, 768px\" \/><figcaption>&nbsp;\u00a9 Zhao Gang \/ Greenpeace<\/figcaption><\/figure>\n\n<p>Todos comprendemos que la calidad del aire que respiramos es importante. Sin embargo, la mayor\u00eda de las personas desconoce que el aire no siempre es saludable, ni mucho menos sabe qu\u00e9 implica la alerta amarilla.&nbsp;<\/p>\n\n<p><strong>Existe una alerta amarilla por mala calidad del aire cuando se presentan altas concentraciones de contaminantes de material particulado durante un periodo de tiempo muy prolongado.&nbsp;<\/strong><\/p>\n\n<p>Es usual que en la capital y en otras ciudades del pa\u00eds se produzcan alertas por la mala calidad del aire durante los primeros meses del a\u00f1o. <strong>Pero estas alertas son cada vez m\u00e1s frecuentes y con mucha m\u00e1s intensidad y duraci\u00f3n.&nbsp;<\/strong><\/p>\n\n<p>Para dar una respuesta r\u00e1pida se deben poner en pr\u00e1ctica estrategias de atenci\u00f3n de salud prioritaria y restringir las emisiones, entre otras medidas. De esta manera, se podr\u00edan prevenir los problemas de salud por la contaminaci\u00f3n del aire y reducir el material particulado (un tipo de emisi\u00f3n generada por la quema de combustibles).&nbsp;<\/p>\n\n<p><\/p>\n\n<figure class=\"wp-block-image size-large is-resized\"><img loading=\"lazy\" decoding=\"async\" src=\"https:\/\/www.greenpeace.org\/static\/planet4-colombia-stateless\/2022\/02\/8df35046-calidad-de-aire-bogota-7-1-1024x683.jpg\" alt=\"\" class=\"wp-image-5813\" width=\"768\" height=\"512\" srcset=\"https:\/\/www.greenpeace.org\/static\/planet4-colombia-stateless\/2022\/02\/8df35046-calidad-de-aire-bogota-7-1-1024x683.jpg 1024w, https:\/\/www.greenpeace.org\/static\/planet4-colombia-stateless\/2022\/02\/8df35046-calidad-de-aire-bogota-7-1-300x200.jpg 300w, https:\/\/www.greenpeace.org\/static\/planet4-colombia-stateless\/2022\/02\/8df35046-calidad-de-aire-bogota-7-1-768x512.jpg 768w, https:\/\/www.greenpeace.org\/static\/planet4-colombia-stateless\/2022\/02\/8df35046-calidad-de-aire-bogota-7-1-1536x1024.jpg 1536w, https:\/\/www.greenpeace.org\/static\/planet4-colombia-stateless\/2022\/02\/8df35046-calidad-de-aire-bogota-7-1-2048x1366.jpg 2048w, https:\/\/www.greenpeace.org\/static\/planet4-colombia-stateless\/2022\/02\/8df35046-calidad-de-aire-bogota-7-1-510x340.jpg 510w\" sizes=\"auto, (max-width: 768px) 100vw, 768px\" \/><figcaption>\u00a9 Nathalia Angarita Greenpeace<\/figcaption><\/figure>\n\n<p><strong>\u00bfQu\u00e9 consecuencias provoca la contaminaci\u00f3n del aire?<\/strong><\/p>\n\n<p><strong>La contaminaci\u00f3n del aire es el principal factor de riesgo ambiental para la salud humana en el mundo <\/strong>y se ha asociado con una gran variedad de enfermedades:<\/p>\n\n<ul class=\"wp-block-list\"><li>Asma.<\/li><li>Infecciones agudas del tracto respiratorio inferior en ni\u00f1os (bronquiolitis, bronquitis y neumon\u00eda). Los efectos de la contaminaci\u00f3n del aire en los m\u00e1s peque\u00f1os son m\u00e1s notorios ya que debido a su comportamiento y fisiolog\u00eda tienen un mayor riesgo.&nbsp;<\/li><li>Enfermedad pulmonar obstructiva cr\u00f3nica (EPOC), por ejemplo, bronquitis cr\u00f3nica.<\/li><li>C\u00e1ncer de pulm\u00f3n.<\/li><li>Ataques al coraz\u00f3n e insuficiencia card\u00edaca.<\/li><li>Accidentes cerebrovasculares.<\/li><\/ul>\n\n<p>Debido a esto, la Organizaci\u00f3n Mundial de la Salud (OMS), que re\u00fane a los principales expertos en temas de salud p\u00fablica y contaminaci\u00f3n del aire, <strong><a href=\"https:\/\/apps.who.int\/iris\/bitstream\/handle\/10665\/345334\/9789240034433-eng.pdf?sequence=1&amp;isAllowed=y\" target=\"_blank\" rel=\"noreferrer noopener\">estableci\u00f3 par\u00e1metros m\u00e1s estrictos<\/a> en los nuevos niveles de la concentraci\u00f3n de contaminantes perjudiciales para la salud en el ambiente<\/strong>. Las nuevas pautas de calidad del aire reducen de manera significativa los umbrales de peligro para varios contaminantes, incluidos PM 2.5 y PM10 (material particulado de 2.5 micras y 10 micras).<\/p>\n\n<p>Los niveles actuales se basan en las investigaciones m\u00e1s recientes sobre las amenazas que la contaminaci\u00f3n del aire representa para la salud humana. Por esta raz\u00f3n, los gobiernos deben implementar medidas para proteger la salud y la vida de la ciudadan\u00eda.&nbsp;<\/p>\n\n<p><\/p>\n\n<p><strong>\u00bfCu\u00e1l es la situaci\u00f3n en Colombia?<\/strong><\/p>\n\n<figure class=\"wp-block-image size-large is-resized\"><img loading=\"lazy\" decoding=\"async\" src=\"https:\/\/www.greenpeace.org\/static\/planet4-colombia-stateless\/2022\/02\/c53c4fdb-calidad-de-aire-bogota-5-1024x683.jpg\" alt=\"\" class=\"wp-image-5809\" width=\"768\" height=\"512\" srcset=\"https:\/\/www.greenpeace.org\/static\/planet4-colombia-stateless\/2022\/02\/c53c4fdb-calidad-de-aire-bogota-5-1024x683.jpg 1024w, https:\/\/www.greenpeace.org\/static\/planet4-colombia-stateless\/2022\/02\/c53c4fdb-calidad-de-aire-bogota-5-300x200.jpg 300w, https:\/\/www.greenpeace.org\/static\/planet4-colombia-stateless\/2022\/02\/c53c4fdb-calidad-de-aire-bogota-5-768x512.jpg 768w, https:\/\/www.greenpeace.org\/static\/planet4-colombia-stateless\/2022\/02\/c53c4fdb-calidad-de-aire-bogota-5-1536x1024.jpg 1536w, https:\/\/www.greenpeace.org\/static\/planet4-colombia-stateless\/2022\/02\/c53c4fdb-calidad-de-aire-bogota-5-2048x1366.jpg 2048w, https:\/\/www.greenpeace.org\/static\/planet4-colombia-stateless\/2022\/02\/c53c4fdb-calidad-de-aire-bogota-5-510x340.jpg 510w\" sizes=\"auto, (max-width: 768px) 100vw, 768px\" \/><figcaption>\u00a9 Nathalia Angarita Greenpeace<\/figcaption><\/figure>\n\n<p>Si se tienen en cuenta las nuevas directrices de la OMS, los niveles permitidos por la regulaci\u00f3n nacional colombiana <a href=\"https:\/\/www.greenpeace.org\/colombia\/noticia\/uncategorized\/segun-nuevos-parametros-de-la-oms-bogota-necesita-aire-limpio-ya\/\" target=\"_blank\" rel=\"noreferrer noopener\"><strong>exceden un 400% para el material particulado de 2.5 micras y 233% para el material particulado de 10<\/strong><\/a>.<\/p>\n\n<p>Todos nos vemos afectados por la toxicidad del aire, pero algunos, especialmente los ni\u00f1os y los adultos mayores, son m\u00e1s vulnerables o se ven m\u00e1s perjudicados que otros.&nbsp;Vivimos en un continuo riesgo a contraer enfermedades asociadas a la mala calidad del aire.&nbsp;<\/p>\n\n<p>De hecho,<strong> en Bogot\u00e1 la contaminaci\u00f3n del aire por el PM 2.5 (material particulado de 2.5 micras) fue responsable de la p\u00e9rdida estimada de <\/strong><a rel=\"noreferrer noopener\" href=\"https:\/\/www.greenpeace.org\/colombia\/noticia\/uncategorized\/la-contaminacion-atmosferica-causo-160000-muertes-en-las-5-ciudades-mas-grandes-del-mundo-en-2020\/\" target=\"_blank\"><strong>5400 vidas<\/strong><\/a> <strong>durante 2020.<\/strong><\/p>\n\n<p>Las condiciones clim\u00e1ticas que se presentan en la capital, como los cambios bruscos de temperatura durante el d\u00eda y la alta intensidad y frecuencia de los vientos, generan que los contaminantes como el PM 2.5 y el PM10 permanezcan por mucho m\u00e1s tiempo suspendidos y se acumulen en diferentes lugares de la ciudad. En consecuencia, las personas los pueden inhalar con mayor facilidad.<\/p>\n\n<p>Como ves, todos estamos expuestos y de seguro conoces a alguien que ha experimentado alguno de los efectos producidos por la contaminaci\u00f3n del aire.<\/p>\n\n<figure class=\"wp-block-image size-large is-resized\"><img loading=\"lazy\" decoding=\"async\" src=\"https:\/\/www.greenpeace.org\/static\/planet4-colombia-stateless\/2022\/02\/a7fad5ef-dia-de-las-ciudades-bogota-3-1024x683.jpg\" alt=\"\" class=\"wp-image-5810\" width=\"768\" height=\"512\" srcset=\"https:\/\/www.greenpeace.org\/static\/planet4-colombia-stateless\/2022\/02\/a7fad5ef-dia-de-las-ciudades-bogota-3-1024x683.jpg 1024w, https:\/\/www.greenpeace.org\/static\/planet4-colombia-stateless\/2022\/02\/a7fad5ef-dia-de-las-ciudades-bogota-3-300x200.jpg 300w, https:\/\/www.greenpeace.org\/static\/planet4-colombia-stateless\/2022\/02\/a7fad5ef-dia-de-las-ciudades-bogota-3-768x512.jpg 768w, https:\/\/www.greenpeace.org\/static\/planet4-colombia-stateless\/2022\/02\/a7fad5ef-dia-de-las-ciudades-bogota-3-1536x1024.jpg 1536w, https:\/\/www.greenpeace.org\/static\/planet4-colombia-stateless\/2022\/02\/a7fad5ef-dia-de-las-ciudades-bogota-3-2048x1366.jpg 2048w, https:\/\/www.greenpeace.org\/static\/planet4-colombia-stateless\/2022\/02\/a7fad5ef-dia-de-las-ciudades-bogota-3-510x340.jpg 510w\" sizes=\"auto, (max-width: 768px) 100vw, 768px\" \/><figcaption>\u00a9 Nathalia Angarita Greenpeace<\/figcaption><\/figure>\n\n<p><strong>\u00bfQu\u00e9 puedes hacer t\u00fa?<\/strong><\/p>\n\n<p>Es urgente que los gobiernos aseguren nuestro derecho a respirar aire limpio y a un ambiente sano. Necesitamos ciudades sostenibles, con m\u00e1s espacios verdes, en donde la prioridad sean la salud de las personas y del planeta.<\/p>\n\n<p>Ex\u00edgele a Claudia L\u00f3pez, alcaldesa de Bogot\u00e1, la implementaci\u00f3n de un sistema de monitoreo de calidad del aire que mida realmente lo que estamos respirando y la reducci\u00f3n en un 50% de las emisiones de gases de efecto invernadero para el 2030.<strong> <\/strong><a href=\"https:\/\/bit.ly\/3HHG6nb\" target=\"_blank\" rel=\"noreferrer noopener\"><strong>Firma para lograr una ciudad<\/strong> <strong>m\u00e1s justa, equitativa y con un aire m\u00e1s limpio<\/strong><\/a><strong>.<\/strong><\/p>\n\n<p><strong>Nuestra salud debe ser prioridad, \u00a1aire limpio ya!.<\/strong><\/p>\n","protected":false},"excerpt":{"rendered":"<p>Es usual que en la capital y en otras ciudades del pa\u00eds se presenten alertas por la mala calidad del aire durante los primeros meses del a\u00f1o. Pero estas alertas son cada vez m\u00e1s frecuentes y con mucha m\u00e1s intensidad y duraci\u00f3n.\u00a0<\/p>\n","protected":false},"author":22,"featured_media":5813,"comment_status":"closed","ping_status":"open","sticky":false,"template":"","format":"standard","meta":{"ep_exclude_from_search":false,"p4_og_title":"","p4_og_description":"","p4_og_image":"","p4_og_image_id":"","p4_seo_canonical_url":"","p4_campaign_name":"not set","p4_local_project":"not set","p4_basket_name":"not set","p4_department":"","footnotes":""},"categories":[41],"tags":[43],"p4-page-type":[14],"class_list":["post-5807","post","type-post","status-publish","format-standard","has-post-thumbnail","hentry","category-blog","tag-nuestranuevaciudad","p4-page-type-blog"],"_links":{"self":[{"href":"https:\/\/www.greenpeace.org\/colombia\/wp-json\/wp\/v2\/posts\/5807","targetHints":{"allow":["GET"]}}],"collection":[{"href":"https:\/\/www.greenpeace.org\/colombia\/wp-json\/wp\/v2\/posts"}],"about":[{"href":"https:\/\/www.greenpeace.org\/colombia\/wp-json\/wp\/v2\/types\/post"}],"author":[{"embeddable":true,"href":"https:\/\/www.greenpeace.org\/colombia\/wp-json\/wp\/v2\/users\/22"}],"replies":[{"embeddable":true,"href":"https:\/\/www.greenpeace.org\/colombia\/wp-json\/wp\/v2\/comments?post=5807"}],"version-history":[{"count":13,"href":"https:\/\/www.greenpeace.org\/colombia\/wp-json\/wp\/v2\/posts\/5807\/revisions"}],"predecessor-version":[{"id":15625,"href":"https:\/\/www.greenpeace.org\/colombia\/wp-json\/wp\/v2\/posts\/5807\/revisions\/15625"}],"wp:featuredmedia":[{"embeddable":true,"href":"https:\/\/www.greenpeace.org\/colombia\/wp-json\/wp\/v2\/media\/5813"}],"wp:attachment":[{"href":"https:\/\/www.greenpeace.org\/colombia\/wp-json\/wp\/v2\/media?parent=5807"}],"wp:term":[{"taxonomy":"category","embeddable":true,"href":"https:\/\/www.greenpeace.org\/colombia\/wp-json\/wp\/v2\/categories?post=5807"},{"taxonomy":"post_tag","embeddable":true,"href":"https:\/\/www.greenpeace.org\/colombia\/wp-json\/wp\/v2\/tags?post=5807"},{"taxonomy":"p4-page-type","embeddable":true,"href":"https:\/\/www.greenpeace.org\/colombia\/wp-json\/wp\/v2\/p4-page-type?post=5807"}],"curies":[{"name":"wp","href":"https:\/\/api.w.org\/{rel}","templated":true}]}}