{"id":5976,"date":"2022-04-20T15:04:48","date_gmt":"2022-04-20T15:04:48","guid":{"rendered":"https:\/\/www.greenpeace.org\/colombia\/?p=5976"},"modified":"2025-07-02T07:25:31","modified_gmt":"2025-07-02T07:25:31","slug":"cinco-amenazas-que-ponen-en-riesgo-al-medio-ambiente-segun-greenpeace","status":"publish","type":"post","link":"https:\/\/www.greenpeace.org\/colombia\/noticia\/campanas\/climayenergia\/cinco-amenazas-que-ponen-en-riesgo-al-medio-ambiente-segun-greenpeace\/","title":{"rendered":"Cinco amenazas que ponen en riesgo al medio ambiente"},"content":{"rendered":"\n<figure class=\"wp-block-image\"><img decoding=\"async\" src=\"https:\/\/lh6.googleusercontent.com\/hSBQOU-ukr2NikjAy7PmHbQUwZn7VQ9uQSyjOWTbkt0iuJDDvN6VOlLqUX_6g1_E4ZoJJp9WUrTsxfTmanV5Q0QFg_4hJde26Ml5SCNpbLM0vaUMj136WA_Li2rSClc7DJTDW4-5\" alt=\"\"\/><figcaption><em>Fotograf\u00eda: Martin Katz \/Greenpeace&nbsp;<\/em><\/figcaption><\/figure>\n\n<p>En el marco de la conmemoraci\u00f3n del D\u00eda de la Tierra, que se celebra el 22 de abril, es importante resaltar que la crisis clim\u00e1tica y ambiental es una realidad urgente en la agenda internacional.<\/p>\n\n<p>Tras el reciente informe del Panel intergubernamental del Cambio Clim\u00e1tico (IPCC), no hay duda de que conservar los ecosistemas se ha convertido en una prioridad para todos, y si bien los Gobiernos han implementado estrategias para cuidar el planeta, nos encontramos en un entorno cambiante que desarrolla nuevas amenazas que ponen en riesgo el balance de la tierra y la urgencia a la hora de combatir la crisis clim\u00e1tica que nuestro planeta vive. Es por esto que, para este 22 de abril, Greenpeace comparte algunas de estas amenazas, con el fin de visibilizarlas y hacer un llamado a la acci\u00f3n.&nbsp;<\/p>\n\n<p><em>\u201cDesde Greenpeace, creemos que es importante reconocer las advertencias que nos rodean en el d\u00eda a d\u00eda, para que las personas seamos parte activa y trabajar en conjunto en reducir las emisiones, de modo que podamos mitigar los da\u00f1os en el medio ambiente\u201d,<\/em> afirma Tatiana C\u00e9spedes, Coordinadora de campa\u00f1a para Greenpeace.&nbsp;<\/p>\n\n<p>La deforestaci\u00f3n, el consumo irresponsable, el cambio de uso del suelo, la producci\u00f3n agr\u00edcola y ganadera intensiva son algunos de los factores que contribuyen activamente al cambio clim\u00e1tico, siendo este la principal amenaza para nuestro planeta.&nbsp;<\/p>\n\n<ol class=\"has-medium-font-size wp-block-list\"><li><strong>Deforestaci\u00f3n, incendios forestales y producci\u00f3n agr\u00edcola: <\/strong>La <a href=\"https:\/\/www.greenpeace.org\/colombia\/involucrate\/1884-2\/\">deforestaci\u00f3n<\/a>, en zonas como la Amazonia colombiana, representa un cambio en los patrones de lluvia en la regi\u00f3n afectada, extendiendo la duraci\u00f3n de la estaci\u00f3n seca y afectando a\u00fan m\u00e1s a los bosques, la biodiversidad, la agricultura y la salud humana. Este bioma tiene un papel clave a nivel mundial para la regulaci\u00f3n del ciclo del agua, es una f\u00e1brica de agua que cruza la atm\u00f3sfera velozmente sobre el Amazonas hasta encontrarse con los Andes causando lluvias a m\u00e1s de 3.000 kil\u00f3metros de distancia, en los pa\u00edses andinos y son vitales para la producci\u00f3n agr\u00edcola y la vida de millones de personas en Am\u00e9rica Latina. Los<a href=\"https:\/\/www.greenpeace.org\/colombia\/involucrate\/1884-2\/\"> incendios<\/a> en ambientes naturales son una de las principales causas de deforestaci\u00f3n, los cuales son realizados principalmente por la actividad humana con el fin de despejar \u00e1reas destinadas al uso de suelos en producci\u00f3n agr\u00edcola y ganadera. Es por esto que la <a href=\"https:\/\/www.greenpeace.org\/colombia\/blog\/blog\/11-acciones-por-el-clima-que-debemos-realizar-ya\/\">producci\u00f3n <\/a>de cosas como el aceite de palma, la soya, la carne y los l\u00e1cteos est\u00e1 destruyendo bosques y otros ecosistemas. En ese sentido, es necesario detener la deforestaci\u00f3n, restaurar los bosques y ecosistemas terrestres, adoptando la agroecolog\u00eda, una producci\u00f3n y un consumo reducidos de productos animales, y m\u00e1s dietas basadas en plantas.<\/li><\/ol>\n\n<ol start=\"2\" class=\"has-medium-font-size wp-block-list\"><li><strong>Combustibles f\u00f3siles<\/strong>: La quema de combustibles f\u00f3siles (especialmente carb\u00f3n, petr\u00f3leo y gas) genera contaminaci\u00f3n del aire que, ha llegado a representar hasta 4.5 millones de muertes anuales en todo el mundo, as\u00ed como p\u00e9rdidas econ\u00f3micas significativas, de acuerdo con un estudio de <a href=\"https:\/\/es.greenpeace.org\/es\/sala-de-prensa\/documentos\/aire-toxico-el-precio-de-los-combustibles-fosiles\/\">Greenpeace.<\/a> El caso de la expansi\u00f3n petrolera en Colombia es simplemente un ejemplo m\u00e1s de que a pesar de las advertencias y los riesgos que implica se sigue buscando las formas de seguir perforando en busca de m\u00e1s y m\u00e1s combustibles f\u00f3siles.&nbsp;<\/li><\/ol>\n\n<ol start=\"3\" class=\"has-medium-font-size wp-block-list\"><li><strong>Consumo irresponsable: <\/strong>Consumir en exceso, sin necesidad o de forma inconsciente es lo que se traduce en consumismo y contribuye de gran manera al cambio clim\u00e1tico, ya que<strong> <\/strong>seg\u00fan un <a href=\"https:\/\/www.un.org\/development\/desa\/en\/news\/population\/2018-revision-of-world-urbanization-prospects.html\">estudio<\/a> de la ONU, el consumo en las ciudades causa el 70 por ciento de todas las emisiones globales de gases del efecto invernadero, y a medida que las ciudades sigan creciendo, tambi\u00e9n lo har\u00e1n estas cifras.<\/li><\/ol>\n\n<ol start=\"4\" class=\"has-medium-font-size wp-block-list\"><li><strong>Uso de pl\u00e1sticos<\/strong>: El consumo de pl\u00e1sticos llega a invadir ciudades, adem\u00e1s de contaminar mares, r\u00edos y manglares principalmente. De acuerdo con Greenpeace, en el pa\u00eds se consumen 1,250,000 toneladas de pl\u00e1stico por a\u00f1o, 74 % de estos residuos termina en rellenos sanitarios, y en promedio cada colombiano desecha hasta 24 kilos de pl\u00e1stico <a href=\"https:\/\/www.greenpeace.org\/colombia\/involucrate\/colombia-mejor-sin-plasticos\/\">anualmente<\/a>.<\/li><\/ol>\n\n<ol start=\"5\" class=\"has-medium-font-size wp-block-list\"><li><strong>Transporte y movilidad<\/strong>: Estos son algunos de los principales generadores de emisiones de carbono, que repercuten en el medioambiente y en la salud de las personas. Por eso es fundamental implementar estrategias que permitan replantear los sistemas de transporte, de modo que sea razonable, sostenible y equitativo para todos.&nbsp;<\/li><\/ol>\n\n<p>El cambio clim\u00e1tico no es un fen\u00f3meno o una teor\u00eda, es una realidad que se vive en el mundo y de manera evidente a trav\u00e9s del derretimiento de capas de hielo, las subidas del nivel del mar, las olas de calor, las sequ\u00edas, las inundaciones, el crecimiento de zonas des\u00e9rticas y el aumento en la frecuencia e intensidad de los huracanes y las tormentas. Como menciona la Organizaci\u00f3n de <a href=\"https:\/\/www.un.org\/es\/observances\/earth-day\">Naciones Unidas<\/a>, el cambio clim\u00e1tico, las alteraciones generadas por el ser humano en la naturaleza, junto con los cr\u00edmenes que perturban la biodiversidad, pueden acelerar el ritmo de destrucci\u00f3n del planeta.<\/p>\n\n<p>Tatiana C\u00e9spedes, concluye que; <em>\u201cTomar medidas de sentido com\u00fan para proteger a las personas y al planeta no solo ahorrar\u00e1 tiempo y dinero, en comparaci\u00f3n con la inacci\u00f3n continua o las soluciones falsas; sino que tambi\u00e9n salvar\u00e1 vidas y hogares\u201d<\/em>.<\/p>\n\n<p>En Greenpeace somos una organizaci\u00f3n ecologista y pacifista internacional, econ\u00f3mica y pol\u00edticamente independiente, que no acepta donaciones ni presiones de gobiernos, partidos pol\u00edticos o empresas.<\/p>\n\n<p><\/p>\n","protected":false},"excerpt":{"rendered":"<p>En el marco de la conmemoraci\u00f3n del D\u00eda de la Tierra, que se celebra el 22 de abril, es importante resaltar que la crisis clim\u00e1tica y ambiental es una realidad&hellip;<\/p>\n","protected":false},"author":23,"featured_media":5981,"comment_status":"closed","ping_status":"open","sticky":false,"template":"","format":"standard","meta":{"ep_exclude_from_search":false,"p4_og_title":"","p4_og_description":"","p4_og_image":"https:\/\/www.greenpeace.org\/static\/planet4-colombia-stateless\/2022\/04\/ae7e0c6f-gpa_diadelatierra_01.jpg","p4_og_image_id":"5979","p4_seo_canonical_url":"","p4_campaign_name":"not set","p4_local_project":"not set","p4_basket_name":"not set","p4_department":"","footnotes":""},"categories":[3,37],"tags":[],"p4-page-type":[16],"class_list":["post-5976","post","type-post","status-publish","format-standard","has-post-thumbnail","hentry","category-climayenergia","category-greenpeace","p4-page-type-noticia"],"_links":{"self":[{"href":"https:\/\/www.greenpeace.org\/colombia\/wp-json\/wp\/v2\/posts\/5976","targetHints":{"allow":["GET"]}}],"collection":[{"href":"https:\/\/www.greenpeace.org\/colombia\/wp-json\/wp\/v2\/posts"}],"about":[{"href":"https:\/\/www.greenpeace.org\/colombia\/wp-json\/wp\/v2\/types\/post"}],"author":[{"embeddable":true,"href":"https:\/\/www.greenpeace.org\/colombia\/wp-json\/wp\/v2\/users\/23"}],"replies":[{"embeddable":true,"href":"https:\/\/www.greenpeace.org\/colombia\/wp-json\/wp\/v2\/comments?post=5976"}],"version-history":[{"count":6,"href":"https:\/\/www.greenpeace.org\/colombia\/wp-json\/wp\/v2\/posts\/5976\/revisions"}],"predecessor-version":[{"id":15622,"href":"https:\/\/www.greenpeace.org\/colombia\/wp-json\/wp\/v2\/posts\/5976\/revisions\/15622"}],"wp:featuredmedia":[{"embeddable":true,"href":"https:\/\/www.greenpeace.org\/colombia\/wp-json\/wp\/v2\/media\/5981"}],"wp:attachment":[{"href":"https:\/\/www.greenpeace.org\/colombia\/wp-json\/wp\/v2\/media?parent=5976"}],"wp:term":[{"taxonomy":"category","embeddable":true,"href":"https:\/\/www.greenpeace.org\/colombia\/wp-json\/wp\/v2\/categories?post=5976"},{"taxonomy":"post_tag","embeddable":true,"href":"https:\/\/www.greenpeace.org\/colombia\/wp-json\/wp\/v2\/tags?post=5976"},{"taxonomy":"p4-page-type","embeddable":true,"href":"https:\/\/www.greenpeace.org\/colombia\/wp-json\/wp\/v2\/p4-page-type?post=5976"}],"curies":[{"name":"wp","href":"https:\/\/api.w.org\/{rel}","templated":true}]}}