{"id":6119,"date":"2022-09-07T08:31:00","date_gmt":"2022-09-07T08:31:00","guid":{"rendered":"https:\/\/www.greenpeace.org\/colombia\/?p=6119"},"modified":"2025-07-02T07:25:20","modified_gmt":"2025-07-02T07:25:20","slug":"diainternacionalairelimpio","status":"publish","type":"post","link":"https:\/\/www.greenpeace.org\/colombia\/blog\/campanas\/contaminacion\/diainternacionalairelimpio\/","title":{"rendered":"\u00danete hoy al movimiento global para respirar Aire Limpio Ya"},"content":{"rendered":"\n<figure class=\"wp-block-image size-large is-style-default caption-alignment-center\"><img loading=\"lazy\" decoding=\"async\" width=\"1024\" height=\"683\" src=\"https:\/\/www.greenpeace.org\/static\/planet4-colombia-stateless\/2022\/09\/98c1b8be-gpco-dia-aire-limpio-8-1024x683.jpg\" alt=\"\" class=\"wp-image-6120\" srcset=\"https:\/\/www.greenpeace.org\/static\/planet4-colombia-stateless\/2022\/09\/98c1b8be-gpco-dia-aire-limpio-8-1024x683.jpg 1024w, https:\/\/www.greenpeace.org\/static\/planet4-colombia-stateless\/2022\/09\/98c1b8be-gpco-dia-aire-limpio-8-300x200.jpg 300w, https:\/\/www.greenpeace.org\/static\/planet4-colombia-stateless\/2022\/09\/98c1b8be-gpco-dia-aire-limpio-8-768x512.jpg 768w, https:\/\/www.greenpeace.org\/static\/planet4-colombia-stateless\/2022\/09\/98c1b8be-gpco-dia-aire-limpio-8-1536x1024.jpg 1536w, https:\/\/www.greenpeace.org\/static\/planet4-colombia-stateless\/2022\/09\/98c1b8be-gpco-dia-aire-limpio-8-2048x1366.jpg 2048w, https:\/\/www.greenpeace.org\/static\/planet4-colombia-stateless\/2022\/09\/98c1b8be-gpco-dia-aire-limpio-8-510x340.jpg 510w\" sizes=\"auto, (max-width: 1024px) 100vw, 1024px\" \/><\/figure>\n\n<p>Mientras caminas por las calles seguramente te has preguntado \u00bfes saludable el aire que respiro? \u00bfes aire limpio ? o por el contrario \u00bfes aire contaminado?<\/p>\n\n<p>\u00bfSab\u00edas que existe una desigualdad en el aire que respiramos diariamente ? Todos merecemos respirar aire limpio; pero los ni\u00f1os, las mujeres embarazadas y los adultos mayores son los m\u00e1s perjudicados y vulnerables. La contaminaci\u00f3n del aire no es solo un problema de salud ambiental y p\u00fablica, sino tambi\u00e9n de equidad y justicia.&nbsp;<\/p>\n\n<p>Desde hace tres a\u00f1os, todos los 7 de septiembre, se conmemora el D\u00eda Internacional del Aire Limpio para los cielos azules; una fecha designada por las Naciones Unidas para<strong> reconocer la importancia del aire limpio y la necesidad urgente de mejorar la calidad del aire para proteger la salud humana.<\/strong>&nbsp;<\/p>\n\n<p>Esta vez, la celebraci\u00f3n se centra en el derecho a un aire limpio y equitativo. <strong>&nbsp;<\/strong>Y desde Greenpeace nos unimos a la conmemoraci\u00f3n.&nbsp;<\/p>\n\n<p>Junto con un movimiento global cada vez m\u00e1s creciente buscamos visibilizar la necesidad de buscar soluciones para abordar la contaminaci\u00f3n del aire y reducir la carga en la salud, el ambiente y nuestra econom\u00eda. <strong>No importa qui\u00e9n seas o en d\u00f3nde vivas, el aire limpio es un derecho de todas las personas.<\/strong><\/p>\n\n<figure class=\"wp-block-image size-large\"><img loading=\"lazy\" decoding=\"async\" width=\"1024\" height=\"683\" src=\"https:\/\/www.greenpeace.org\/static\/planet4-colombia-stateless\/2022\/09\/4177361d-gpco-dia-aire-limpio-7-1024x683.jpg\" alt=\"\" class=\"wp-image-6125\" srcset=\"https:\/\/www.greenpeace.org\/static\/planet4-colombia-stateless\/2022\/09\/4177361d-gpco-dia-aire-limpio-7-1024x683.jpg 1024w, https:\/\/www.greenpeace.org\/static\/planet4-colombia-stateless\/2022\/09\/4177361d-gpco-dia-aire-limpio-7-300x200.jpg 300w, https:\/\/www.greenpeace.org\/static\/planet4-colombia-stateless\/2022\/09\/4177361d-gpco-dia-aire-limpio-7-768x512.jpg 768w, https:\/\/www.greenpeace.org\/static\/planet4-colombia-stateless\/2022\/09\/4177361d-gpco-dia-aire-limpio-7-1536x1024.jpg 1536w, https:\/\/www.greenpeace.org\/static\/planet4-colombia-stateless\/2022\/09\/4177361d-gpco-dia-aire-limpio-7-2048x1366.jpg 2048w, https:\/\/www.greenpeace.org\/static\/planet4-colombia-stateless\/2022\/09\/4177361d-gpco-dia-aire-limpio-7-510x340.jpg 510w\" sizes=\"auto, (max-width: 1024px) 100vw, 1024px\" \/><\/figure>\n\n<h4 class=\"wp-block-heading\"><strong>\u00bfCu\u00e1l es la situaci\u00f3n en Colombia?<\/strong><\/h4>\n\n<p>En Bogot\u00e1, la mala calidad del aire tiene un costo que se paga con vidas. Durante 2021 hubo 3400 muertes prematuras debido a la contaminaci\u00f3n.&nbsp;<\/p>\n\n<p>Esta tasa de mortalidad es comparable a la del tabaquismo y mucho mayor que las tasas de mortalidad por homicidio intencional o consumo de drogas en nuestro pa\u00eds. Adem\u00e1s, localidades de Bosa, Kennedy, Ciudad Bol\u00edvar y Puente Aranda presentan un aire m\u00e1s contaminado que el resto de la ciudad durante todo el a\u00f1o.&nbsp;<\/p>\n\n<p>Para mostrar esta realidad <strong>instalamos una estructura compuesta de un t\u00fanel y un domo en donde los peatones pudieron conocer la gravedad de esta problem\u00e1tica en la ciudad de Bogot\u00e1.&nbsp;<\/strong><\/p>\n<div data-render=\"planet4-blocks\/gallery\" data-attributes=\"{&quot;attributes&quot;:{&quot;multiple_image&quot;:&quot;6121,6122,6123,6124&quot;,&quot;image_data&quot;:[{&quot;url&quot;:&quot;https:\\\/\\\/www.greenpeace.org\\\/static\\\/planet4-colombia-stateless\\\/2022\\\/09\\\/5dde50e8-gpco-dia-aire-limpio-1-scaled.jpg&quot;,&quot;focalPoint&quot;:{&quot;x&quot;:0.5,&quot;y&quot;:0.5},&quot;id&quot;:6121},{&quot;url&quot;:&quot;https:\\\/\\\/www.greenpeace.org\\\/static\\\/planet4-colombia-stateless\\\/2022\\\/09\\\/adddf989-gpco-dia-aire-limpio-6-scaled.jpg&quot;,&quot;focalPoint&quot;:{&quot;x&quot;:0.5,&quot;y&quot;:0.5},&quot;id&quot;:6122},{&quot;url&quot;:&quot;https:\\\/\\\/www.greenpeace.org\\\/static\\\/planet4-colombia-stateless\\\/2022\\\/09\\\/3904de49-gpco-dia-aire-limpio-5-scaled.jpg&quot;,&quot;focalPoint&quot;:{&quot;x&quot;:0.5,&quot;y&quot;:0.5},&quot;id&quot;:6123},{&quot;url&quot;:&quot;https:\\\/\\\/www.greenpeace.org\\\/static\\\/planet4-colombia-stateless\\\/2022\\\/09\\\/2d0a79b3-gpco-dia-aire-limpio-4-scaled.jpg&quot;,&quot;focalPoint&quot;:{&quot;x&quot;:0.5,&quot;y&quot;:0.5},&quot;id&quot;:6124}],&quot;className&quot;:&quot;is-style-slider&quot;,&quot;gallery_block_style&quot;:0,&quot;gallery_block_title&quot;:&quot;&quot;,&quot;gallery_block_description&quot;:&quot;&quot;,&quot;gallery_block_focus_points&quot;:&quot;&quot;,&quot;images&quot;:[{&quot;image_src&quot;:&quot;https:\\\/\\\/www.greenpeace.org\\\/static\\\/planet4-colombia-stateless\\\/2022\\\/09\\\/5dde50e8-gpco-dia-aire-limpio-1-scaled.jpg&quot;,&quot;image_srcset&quot;:&quot;https:\\\/\\\/www.greenpeace.org\\\/static\\\/planet4-colombia-stateless\\\/2022\\\/09\\\/5dde50e8-gpco-dia-aire-limpio-1-scaled.jpg 2560w, https:\\\/\\\/www.greenpeace.org\\\/static\\\/planet4-colombia-stateless\\\/2022\\\/09\\\/5dde50e8-gpco-dia-aire-limpio-1-300x200.jpg 300w, https:\\\/\\\/www.greenpeace.org\\\/static\\\/planet4-colombia-stateless\\\/2022\\\/09\\\/5dde50e8-gpco-dia-aire-limpio-1-1024x683.jpg 1024w, https:\\\/\\\/www.greenpeace.org\\\/static\\\/planet4-colombia-stateless\\\/2022\\\/09\\\/5dde50e8-gpco-dia-aire-limpio-1-768x512.jpg 768w, https:\\\/\\\/www.greenpeace.org\\\/static\\\/planet4-colombia-stateless\\\/2022\\\/09\\\/5dde50e8-gpco-dia-aire-limpio-1-1536x1024.jpg 1536w, https:\\\/\\\/www.greenpeace.org\\\/static\\\/planet4-colombia-stateless\\\/2022\\\/09\\\/5dde50e8-gpco-dia-aire-limpio-1-2048x1366.jpg 2048w, https:\\\/\\\/www.greenpeace.org\\\/static\\\/planet4-colombia-stateless\\\/2022\\\/09\\\/5dde50e8-gpco-dia-aire-limpio-1-510x340.jpg 510w&quot;,&quot;image_sizes&quot;:false,&quot;alt_text&quot;:&quot;&quot;,&quot;caption&quot;:&quot;&quot;,&quot;focus_image&quot;:&quot;&quot;,&quot;credits&quot;:&quot;&quot;},{&quot;image_src&quot;:&quot;https:\\\/\\\/www.greenpeace.org\\\/static\\\/planet4-colombia-stateless\\\/2022\\\/09\\\/adddf989-gpco-dia-aire-limpio-6-scaled.jpg&quot;,&quot;image_srcset&quot;:&quot;https:\\\/\\\/www.greenpeace.org\\\/static\\\/planet4-colombia-stateless\\\/2022\\\/09\\\/adddf989-gpco-dia-aire-limpio-6-scaled.jpg 2560w, https:\\\/\\\/www.greenpeace.org\\\/static\\\/planet4-colombia-stateless\\\/2022\\\/09\\\/adddf989-gpco-dia-aire-limpio-6-300x200.jpg 300w, https:\\\/\\\/www.greenpeace.org\\\/static\\\/planet4-colombia-stateless\\\/2022\\\/09\\\/adddf989-gpco-dia-aire-limpio-6-1024x683.jpg 1024w, https:\\\/\\\/www.greenpeace.org\\\/static\\\/planet4-colombia-stateless\\\/2022\\\/09\\\/adddf989-gpco-dia-aire-limpio-6-768x512.jpg 768w, https:\\\/\\\/www.greenpeace.org\\\/static\\\/planet4-colombia-stateless\\\/2022\\\/09\\\/adddf989-gpco-dia-aire-limpio-6-1536x1024.jpg 1536w, https:\\\/\\\/www.greenpeace.org\\\/static\\\/planet4-colombia-stateless\\\/2022\\\/09\\\/adddf989-gpco-dia-aire-limpio-6-2048x1366.jpg 2048w, https:\\\/\\\/www.greenpeace.org\\\/static\\\/planet4-colombia-stateless\\\/2022\\\/09\\\/adddf989-gpco-dia-aire-limpio-6-510x340.jpg 510w&quot;,&quot;image_sizes&quot;:false,&quot;alt_text&quot;:&quot;&quot;,&quot;caption&quot;:&quot;&quot;,&quot;focus_image&quot;:&quot;&quot;,&quot;credits&quot;:&quot;&quot;},{&quot;image_src&quot;:&quot;https:\\\/\\\/www.greenpeace.org\\\/static\\\/planet4-colombia-stateless\\\/2022\\\/09\\\/3904de49-gpco-dia-aire-limpio-5-scaled.jpg&quot;,&quot;image_srcset&quot;:&quot;https:\\\/\\\/www.greenpeace.org\\\/static\\\/planet4-colombia-stateless\\\/2022\\\/09\\\/3904de49-gpco-dia-aire-limpio-5-scaled.jpg 2560w, https:\\\/\\\/www.greenpeace.org\\\/static\\\/planet4-colombia-stateless\\\/2022\\\/09\\\/3904de49-gpco-dia-aire-limpio-5-300x200.jpg 300w, https:\\\/\\\/www.greenpeace.org\\\/static\\\/planet4-colombia-stateless\\\/2022\\\/09\\\/3904de49-gpco-dia-aire-limpio-5-1024x683.jpg 1024w, https:\\\/\\\/www.greenpeace.org\\\/static\\\/planet4-colombia-stateless\\\/2022\\\/09\\\/3904de49-gpco-dia-aire-limpio-5-768x512.jpg 768w, https:\\\/\\\/www.greenpeace.org\\\/static\\\/planet4-colombia-stateless\\\/2022\\\/09\\\/3904de49-gpco-dia-aire-limpio-5-1536x1024.jpg 1536w, https:\\\/\\\/www.greenpeace.org\\\/static\\\/planet4-colombia-stateless\\\/2022\\\/09\\\/3904de49-gpco-dia-aire-limpio-5-2048x1366.jpg 2048w, https:\\\/\\\/www.greenpeace.org\\\/static\\\/planet4-colombia-stateless\\\/2022\\\/09\\\/3904de49-gpco-dia-aire-limpio-5-510x340.jpg 510w&quot;,&quot;image_sizes&quot;:false,&quot;alt_text&quot;:&quot;&quot;,&quot;caption&quot;:&quot;&quot;,&quot;focus_image&quot;:&quot;&quot;,&quot;credits&quot;:&quot;&quot;},{&quot;image_src&quot;:&quot;https:\\\/\\\/www.greenpeace.org\\\/static\\\/planet4-colombia-stateless\\\/2022\\\/09\\\/2d0a79b3-gpco-dia-aire-limpio-4-scaled.jpg&quot;,&quot;image_srcset&quot;:&quot;https:\\\/\\\/www.greenpeace.org\\\/static\\\/planet4-colombia-stateless\\\/2022\\\/09\\\/2d0a79b3-gpco-dia-aire-limpio-4-scaled.jpg 2560w, https:\\\/\\\/www.greenpeace.org\\\/static\\\/planet4-colombia-stateless\\\/2022\\\/09\\\/2d0a79b3-gpco-dia-aire-limpio-4-300x200.jpg 300w, https:\\\/\\\/www.greenpeace.org\\\/static\\\/planet4-colombia-stateless\\\/2022\\\/09\\\/2d0a79b3-gpco-dia-aire-limpio-4-1024x683.jpg 1024w, https:\\\/\\\/www.greenpeace.org\\\/static\\\/planet4-colombia-stateless\\\/2022\\\/09\\\/2d0a79b3-gpco-dia-aire-limpio-4-768x512.jpg 768w, https:\\\/\\\/www.greenpeace.org\\\/static\\\/planet4-colombia-stateless\\\/2022\\\/09\\\/2d0a79b3-gpco-dia-aire-limpio-4-1536x1024.jpg 1536w, https:\\\/\\\/www.greenpeace.org\\\/static\\\/planet4-colombia-stateless\\\/2022\\\/09\\\/2d0a79b3-gpco-dia-aire-limpio-4-2048x1366.jpg 2048w, https:\\\/\\\/www.greenpeace.org\\\/static\\\/planet4-colombia-stateless\\\/2022\\\/09\\\/2d0a79b3-gpco-dia-aire-limpio-4-510x340.jpg 510w&quot;,&quot;image_sizes&quot;:false,&quot;alt_text&quot;:&quot;&quot;,&quot;caption&quot;:&quot;&quot;,&quot;focus_image&quot;:&quot;&quot;,&quot;credits&quot;:&quot;&quot;}]}}\"><\/div>\n<p>A lo largo del t\u00fanel las personas le\u00edan cifras impactantes de las consecuencias de respirar un aire contaminado, como por ejemplo: \u201cBogot\u00e1 es la cuarta ciudad m\u00e1s contaminada y con peor calidad del aire de Latinoam\u00e9rica, solo detr\u00e1s de Santiago de Chile, Lima y Ciudad de M\u00e9xico\u201d. &nbsp;<\/p>\n\n<p>Finalmente, llegaban al domo en donde pod\u00edan disfrutar por unos instantes de un aire limpio. El contraste con respecto al aire que se respira en las calles sin duda fue evidente.\u00a0<\/p>\n\n<figure class=\"wp-block-embed is-type-video is-provider-youtube wp-block-embed-youtube wp-embed-aspect-16-9 wp-has-aspect-ratio\"><div class=\"wp-block-embed__wrapper\">\n<lite-youtube style=\"background-image: url('https:\/\/i.ytimg.com\/vi\/9heITdebRjk\/hqdefault.jpg');\" videoid=\"9heITdebRjk\" params=\"rel=0\"><\/lite-youtube>\n<\/div><\/figure>\n\n<h4 class=\"wp-block-heading\"><strong>\u00bfQu\u00e9 impactos produce en la salud el aire contaminado?<\/strong><\/h4>\n\n<p><strong>La exposici\u00f3n a la contaminaci\u00f3n del aire es el mayor riesgo para la salud humana<\/strong> y causa millones de muertes prematuras al a\u00f1o en el mundo (1). Las estimaciones recientes oscilan entre 4 y 9 millones de muertes prematuras anuales en todo el planeta (2).&nbsp;<\/p>\n\n<p>La Organizaci\u00f3n Mundial de la Salud (OMS) define la equidad en salud como &#8220;la ausencia de diferencias injustas y evitables o remediables en salud entre grupos de poblaci\u00f3n definidos social, econ\u00f3mica, demogr\u00e1fica o geogr\u00e1ficamente&#8221;. <\/p>\n\n<p>Adem\u00e1s, se\u00f1ala que la existencia de inequidades en salud resultantes de la contaminaci\u00f3n del aire representa una barrera para lograr los derechos humanos plenos.<\/p>\n\n<figure class=\"wp-block-image size-large\"><img loading=\"lazy\" decoding=\"async\" width=\"819\" height=\"1024\" src=\"https:\/\/www.greenpeace.org\/static\/planet4-colombia-stateless\/2022\/09\/1fef36fc-7-819x1024.jpg\" alt=\"\" class=\"wp-image-6127\" srcset=\"https:\/\/www.greenpeace.org\/static\/planet4-colombia-stateless\/2022\/09\/1fef36fc-7-819x1024.jpg 819w, https:\/\/www.greenpeace.org\/static\/planet4-colombia-stateless\/2022\/09\/1fef36fc-7-240x300.jpg 240w, https:\/\/www.greenpeace.org\/static\/planet4-colombia-stateless\/2022\/09\/1fef36fc-7-768x960.jpg 768w, https:\/\/www.greenpeace.org\/static\/planet4-colombia-stateless\/2022\/09\/1fef36fc-7-1093x1366.jpg 1093w, https:\/\/www.greenpeace.org\/static\/planet4-colombia-stateless\/2022\/09\/1fef36fc-7-272x340.jpg 272w, https:\/\/www.greenpeace.org\/static\/planet4-colombia-stateless\/2022\/09\/1fef36fc-7.jpg 1134w\" sizes=\"auto, (max-width: 819px) 100vw, 819px\" \/><\/figure>\n\n<p>A pesar de que la ciencia hoy aporta m\u00e1s evidencia sobre los riesgos al ambiente y a la salud, as\u00ed como mejores m\u00e9todos para la medici\u00f3n de la calidad del aire, esta problem\u00e1tica no parece ser una prioridad para las ciudades.&nbsp;&nbsp;<\/p>\n\n<p><strong>Desde Greenpeace hacemos el llamado para que el gobierno distrital tome acci\u00f3n para mejorar la calidad del aire<\/strong> implementando pol\u00edticas de reducci\u00f3n de las emisiones contaminantes. Tambi\u00e9n deber\u00eda haber estrategias para medir lo que realmente se respira a pie de calle que ayuden al cumplimiento del plan de gesti\u00f3n de calidad del aire de Bogot\u00e1.&nbsp;<\/p>\n\n<p><strong>T\u00fa tambi\u00e9n puedes ayudarnos. <\/strong><strong><a rel=\"noreferrer noopener\" href=\"https:\/\/bit.ly\/3TLXm0O\" target=\"_blank\">S\u00famate ahora a la campa\u00f1a Nuestra Nueva Ciudad<\/a>.&nbsp;<\/strong><\/p>\n\n<h2 class=\"wp-block-heading\"><\/h2>\n\n<p>(1) Burnett, R., Chen, H., Szyszkowicz, M., Fann, N., Hubbell, B., Pope III, C.A., Apte, J.S., Brauer, M., Cohen, A., Weichenthal, S. y Coggins, J., 2018. Estimaciones globales de mortalidad asociada con la exposici\u00f3n a largo plazo a part\u00edculas finas al aire libre. Actas de la Academia Nacional de Ciencias, 115(38).<\/p>\n\n<p>(2)Vohra K, Vodonos A, Schwartz J, Marais EA, Sulprizio MP, Mickley LJ 2021. Mortalidad mundial por contaminaci\u00f3n exterior con part\u00edculas finas generada por la combusti\u00f3n de combustibles f\u00f3siles: resultados de GEOS Chem. Res. Medio Ambiente. 195110754. doi: 10.1016\/j.envres.2021.110754.<\/p>\n","protected":false},"excerpt":{"rendered":"<p>Mientras caminas por las calles seguramente te has preguntado \u00bfes saludable el aire que respiro? \u00bfes aire limpio ? o por el contrario \u00bfes aire contaminado?<\/p>\n","protected":false},"author":22,"featured_media":6120,"comment_status":"closed","ping_status":"open","sticky":false,"template":"","format":"standard","meta":{"ep_exclude_from_search":false,"p4_og_title":"","p4_og_description":"","p4_og_image":"","p4_og_image_id":"","p4_seo_canonical_url":"","p4_campaign_name":"not set","p4_local_project":"not set","p4_basket_name":"not set","p4_department":"","footnotes":""},"categories":[41,17],"tags":[43],"p4-page-type":[14],"class_list":["post-6119","post","type-post","status-publish","format-standard","has-post-thumbnail","hentry","category-blog","category-contaminacion","tag-nuestranuevaciudad","p4-page-type-blog"],"_links":{"self":[{"href":"https:\/\/www.greenpeace.org\/colombia\/wp-json\/wp\/v2\/posts\/6119","targetHints":{"allow":["GET"]}}],"collection":[{"href":"https:\/\/www.greenpeace.org\/colombia\/wp-json\/wp\/v2\/posts"}],"about":[{"href":"https:\/\/www.greenpeace.org\/colombia\/wp-json\/wp\/v2\/types\/post"}],"author":[{"embeddable":true,"href":"https:\/\/www.greenpeace.org\/colombia\/wp-json\/wp\/v2\/users\/22"}],"replies":[{"embeddable":true,"href":"https:\/\/www.greenpeace.org\/colombia\/wp-json\/wp\/v2\/comments?post=6119"}],"version-history":[{"count":16,"href":"https:\/\/www.greenpeace.org\/colombia\/wp-json\/wp\/v2\/posts\/6119\/revisions"}],"predecessor-version":[{"id":15615,"href":"https:\/\/www.greenpeace.org\/colombia\/wp-json\/wp\/v2\/posts\/6119\/revisions\/15615"}],"wp:featuredmedia":[{"embeddable":true,"href":"https:\/\/www.greenpeace.org\/colombia\/wp-json\/wp\/v2\/media\/6120"}],"wp:attachment":[{"href":"https:\/\/www.greenpeace.org\/colombia\/wp-json\/wp\/v2\/media?parent=6119"}],"wp:term":[{"taxonomy":"category","embeddable":true,"href":"https:\/\/www.greenpeace.org\/colombia\/wp-json\/wp\/v2\/categories?post=6119"},{"taxonomy":"post_tag","embeddable":true,"href":"https:\/\/www.greenpeace.org\/colombia\/wp-json\/wp\/v2\/tags?post=6119"},{"taxonomy":"p4-page-type","embeddable":true,"href":"https:\/\/www.greenpeace.org\/colombia\/wp-json\/wp\/v2\/p4-page-type?post=6119"}],"curies":[{"name":"wp","href":"https:\/\/api.w.org\/{rel}","templated":true}]}}