{"id":6162,"date":"2022-09-21T17:10:32","date_gmt":"2022-09-21T17:10:32","guid":{"rendered":"https:\/\/www.greenpeace.org\/colombia\/?p=6162"},"modified":"2025-07-02T07:25:15","modified_gmt":"2025-07-02T07:25:15","slug":"mamacitas-en-bici-un-dia-como-activista-ciclista-y-mama","status":"publish","type":"post","link":"https:\/\/www.greenpeace.org\/colombia\/blog\/blog\/mamacitas-en-bici-un-dia-como-activista-ciclista-y-mama\/","title":{"rendered":"Mamacitas en bici: un d\u00eda como activista, ciclista y mam\u00e1"},"content":{"rendered":"\n<p><em>Por Eliana Gonz\u00e1lez, periodista y directora de la Fundaci\u00f3n Mamacitas en Bici.<\/em><br><\/p>\n\n<figure class=\"wp-block-image aligncenter size-full is-resized\"><img loading=\"lazy\" decoding=\"async\" src=\"https:\/\/www.greenpeace.org\/static\/planet4-colombia-stateless\/2022\/09\/644ae564-gp1sut1h_-1.jpg\" alt=\"\" class=\"wp-image-6163\" width=\"600\" height=\"400\" srcset=\"https:\/\/www.greenpeace.org\/static\/planet4-colombia-stateless\/2022\/09\/644ae564-gp1sut1h_-1.jpg 800w, https:\/\/www.greenpeace.org\/static\/planet4-colombia-stateless\/2022\/09\/644ae564-gp1sut1h_-1-300x200.jpg 300w, https:\/\/www.greenpeace.org\/static\/planet4-colombia-stateless\/2022\/09\/644ae564-gp1sut1h_-1-768x512.jpg 768w, https:\/\/www.greenpeace.org\/static\/planet4-colombia-stateless\/2022\/09\/644ae564-gp1sut1h_-1-510x340.jpg 510w\" sizes=\"auto, (max-width: 600px) 100vw, 600px\" \/><figcaption>\u00a9 Elizabeth Dalziel \/ Greenpeace<br><\/figcaption><\/figure>\n\n<p>Una oleada de calor ingresa directo a mi boca, invade mi nariz, mi garganta y mis pulmones. Por unos segundos aguanto la respiraci\u00f3n y giro mi rostro a un costado sin dejar de pedalear. Los lentes que sostienen el marco de mis gafas y que protegen mis ojos se ti\u00f1en de gris, un gris espeso que traspasa el vidrio y que toma forma entre mi cabello, mi silueta, la de mi hijo y mi bicicleta.<\/p>\n\n<p>La sustancia proviene algunas veces de un bus del Sistema Integrado de Transporte P\u00fablico (SITP), de un transporte motorizado de carga, como tractocamiones y furgones, y en otras ocasiones, de las motos. En todos los casos nosotros como ciudadan\u00eda y mi familia somos invisibles.<\/p>\n\n<p>Justo detr\u00e1s de los buses, con un pie en el suelo y el otro en el pedal, estoy yo con mi bici cargo. En ella transporto a mi hijo de 10 a\u00f1os todos los d\u00edas, al colegio temprano en la ma\u00f1ana y tambi\u00e9n en la tarde, y en otras ocasiones, voy en bicicleta a diferentes puntos de la ciudad de Bogot\u00e1.&nbsp;<\/p>\n\n<p><strong>No soy bici mensajera, pero s\u00ed bici activista, tal vez una de las \u00fanicas en Colombia que habla de \u2018Movilidad de Cuidado\u2019, esa que tenemos a cargo en mayor proporci\u00f3n las mujeres y que la mayor\u00eda ni siquiera sabe que existe.<\/strong><\/p>\n\n<figure class=\"wp-block-image aligncenter size-large is-resized\"><img loading=\"lazy\" decoding=\"async\" src=\"https:\/\/www.greenpeace.org\/static\/planet4-colombia-stateless\/2022\/09\/46f58208-1663465902150-768x1024.jpg\" alt=\"\" class=\"wp-image-6164\" width=\"384\" height=\"512\" srcset=\"https:\/\/www.greenpeace.org\/static\/planet4-colombia-stateless\/2022\/09\/46f58208-1663465902150-768x1023.jpg 768w, https:\/\/www.greenpeace.org\/static\/planet4-colombia-stateless\/2022\/09\/46f58208-1663465902150-225x300.jpg 225w, https:\/\/www.greenpeace.org\/static\/planet4-colombia-stateless\/2022\/09\/46f58208-1663465902150-1153x1536.jpg 1153w, https:\/\/www.greenpeace.org\/static\/planet4-colombia-stateless\/2022\/09\/46f58208-1663465902150-1025x1366.jpg 1025w, https:\/\/www.greenpeace.org\/static\/planet4-colombia-stateless\/2022\/09\/46f58208-1663465902150-255x340.jpg 255w, https:\/\/www.greenpeace.org\/static\/planet4-colombia-stateless\/2022\/09\/46f58208-1663465902150.jpg 1200w\" sizes=\"auto, (max-width: 384px) 100vw, 384px\" \/><figcaption>&nbsp;\u00a9 Eliana Gonz\u00e1lez \/ Mamacitas en Bici<\/figcaption><\/figure>\n\n<p><strong>Durante los \u00faltimos seis a\u00f1os hemos utilizado la bicicleta como veh\u00edculo principal para movilizarnos<\/strong>, en parte por su econom\u00eda y tambi\u00e9n por la reducci\u00f3n de tiempos que implica usarla en una ciudad tan congestionada como Bogot\u00e1. Pero sobre todo, como estilo de vida en el que <strong>priorizamos la conciencia ambiental y el derecho a vivir en una ciudad con transportes m\u00e1s amigables y sostenibles.<\/strong><\/p>\n\n<p><strong>En la capital de nuestro pa\u00eds la movilidad y el transporte representan el 60% de las emisiones causantes del cambio clim\u00e1tico en la ciudad<\/strong>. Diariamente en Bogot\u00e1 se hacen 13 millones de viajes, y 1.2 millones son en bicicleta, lo que representa solo el 6.6% de toda la movilidad.<\/p>\n\n<p>De ese 6,6% de viajes en bicicleta menos del 50% son realizados por mujeres. <strong>En la mayor\u00eda de los casos, los recorridos de las mujeres suelen estar relacionados con el cuidado de otras personas<\/strong>. Esto implica peso, una preparaci\u00f3n en tiempos mucho m\u00e1s larga antes de salir de casa, m\u00faltiples paradas en los recorridos y las recurrentes adaptaciones a la bicicleta para transportar a los ni\u00f1os.<\/p>\n\n<p>Cuando el sem\u00e1foro cambia, tomo impulso y me siento en mi bicicleta. Avanzo por la ciudad con la misma necesidad de llegar a mi destino como cualquier otra persona que viaja en el transporte p\u00fablico, con la diferencia de que en su caso va respirando el smog desde el interior del veh\u00edculo, mientras a nosotros nos cae en la cara.<\/p>\n\n<figure class=\"wp-block-image aligncenter size-large is-resized\"><img loading=\"lazy\" decoding=\"async\" src=\"https:\/\/www.greenpeace.org\/static\/planet4-colombia-stateless\/2022\/09\/d1b4ffe7-gpco-semana-movilidad-sustentable-2-1024x683.jpg\" alt=\"\" class=\"wp-image-6165\" width=\"768\" height=\"512\" srcset=\"https:\/\/www.greenpeace.org\/static\/planet4-colombia-stateless\/2022\/09\/d1b4ffe7-gpco-semana-movilidad-sustentable-2-1024x683.jpg 1024w, https:\/\/www.greenpeace.org\/static\/planet4-colombia-stateless\/2022\/09\/d1b4ffe7-gpco-semana-movilidad-sustentable-2-300x200.jpg 300w, https:\/\/www.greenpeace.org\/static\/planet4-colombia-stateless\/2022\/09\/d1b4ffe7-gpco-semana-movilidad-sustentable-2-768x512.jpg 768w, https:\/\/www.greenpeace.org\/static\/planet4-colombia-stateless\/2022\/09\/d1b4ffe7-gpco-semana-movilidad-sustentable-2-1536x1024.jpg 1536w, https:\/\/www.greenpeace.org\/static\/planet4-colombia-stateless\/2022\/09\/d1b4ffe7-gpco-semana-movilidad-sustentable-2-2048x1366.jpg 2048w, https:\/\/www.greenpeace.org\/static\/planet4-colombia-stateless\/2022\/09\/d1b4ffe7-gpco-semana-movilidad-sustentable-2-510x340.jpg 510w\" sizes=\"auto, (max-width: 768px) 100vw, 768px\" \/><figcaption>\u00a9 Nathalia Angarita \/ Greenpeace<\/figcaption><\/figure>\n\n<p><strong>El c\u00f3ctel de smog que nos prepara Bogot\u00e1 todos los d\u00edas contiene di\u00f3xido de nitr\u00f3geno, ozono, mon\u00f3xido de carbono, di\u00f3xido de azufre y compuestos org\u00e1nicos vol\u00e1tiles.<\/strong> Todo esto enfrascado en el prestigioso empaque de part\u00edculas finas y ultrafinas que ingresan a nuestras v\u00edas respiratorias y que pueden ocasionarnos un futuro c\u00e1ncer.<\/p>\n\n<p>Diego, mi hijo de diez a\u00f1os, se cubre la nariz y la boca con su tapabocas y esquiva el humo ocultando su rostro detr\u00e1s de su maleta del colegio. \u00c9l viaja en la parte superior de la bici cargo.&nbsp;<\/p>\n\n<p>Por lo general, disfruta los viajes en bicicleta, le gusta poder hablar conmigo mientras observa el sin n\u00famero de acontecimientos que ocurren a nuestro alrededor. Me cuenta de los perros que ve caminando por el and\u00e9n, de los grafitis que se dibujan calle a calle, de las familias que corren porque, al igual que nosotros, van tarde hacia el colegio.&nbsp;<\/p>\n\n<figure class=\"wp-block-image aligncenter size-full\"><img loading=\"lazy\" decoding=\"async\" width=\"800\" height=\"533\" src=\"https:\/\/www.greenpeace.org\/static\/planet4-colombia-stateless\/2022\/09\/4d010e1c-gp0stsh0b_.jpg\" alt=\"\" class=\"wp-image-6166\" srcset=\"https:\/\/www.greenpeace.org\/static\/planet4-colombia-stateless\/2022\/09\/4d010e1c-gp0stsh0b_.jpg 800w, https:\/\/www.greenpeace.org\/static\/planet4-colombia-stateless\/2022\/09\/4d010e1c-gp0stsh0b_-300x200.jpg 300w, https:\/\/www.greenpeace.org\/static\/planet4-colombia-stateless\/2022\/09\/4d010e1c-gp0stsh0b_-768x512.jpg 768w, https:\/\/www.greenpeace.org\/static\/planet4-colombia-stateless\/2022\/09\/4d010e1c-gp0stsh0b_-510x340.jpg 510w\" sizes=\"auto, (max-width: 800px) 100vw, 800px\" \/><figcaption> \u00a9 Gordon Welters \/ Greenpeace<br><br><br><\/figcaption><\/figure>\n\n<p>\u00c9l no se hab\u00eda percatado, pero 10 minutos antes no quer\u00eda salir de casa ni ir a la escuela por causa del sue\u00f1o que conlleva levantarse temprano. <strong>La bicicleta lo mantiene activo, despierto, pero sobre todo atento a las eventuales sorpresas que trae la v\u00eda<\/strong>. Salvo por esa oleada de calor que nos alcanza una y otra vez en medio del tr\u00e1fico cuando los carros se detienen y vuelven a arrancar justo al frente de nosotros.<\/p>\n\n<p>Despu\u00e9s de pasar por las calles en mal estado, huir del tr\u00e1fico entre las cuadras de los barrios, sobrepasar algunos peatones y ciclistas; encontrarnos con la persona que vende tintos en bicicleta, y que va parando en los pocos negocios que est\u00e1n abiertos a las 7 de la ma\u00f1ana; ver a un par de ciudadanos dormidos entre cartones al costado de un almac\u00e9n que a\u00fan permanece cerrado, y esperar a que en la \u00faltima avenida que debemos atravesar los carros nos den paso, llegamos a un peque\u00f1o colegio en el que mi hijo aterriza totalmente despierto.<\/p>\n\n<p>Una vez que termino mis tareas de cuidado de la ma\u00f1ana comienzo mis actividades laborales. En esta ocasi\u00f3n, para escribir este blog habl\u00e9 con <strong>Carolina Lugo, una bici mensajera, activista y madre que me cont\u00f3 c\u00f3mo es su movilidad en bicicleta cuando viaja por la ciudad con Luciana, su hija.<\/strong> De paso, me coment\u00f3 c\u00f3mo padece la calidad del aire en las diferentes localidades de Bogot\u00e1 mientras realiza sus entregas de mensajer\u00eda cotidianas.<\/p>\n\n<p>\u201cEn la madrugada no se siente tan denso el aire, puede ser porque tarde en la noche baja la afluencia vehicular. <strong>Despu\u00e9s de finalizar la hora pico de la ma\u00f1ana justo a las 9 am, el aire queda muy pesado, <\/strong>sobre todo en calles como la 30, la Cali desde la 13 hac\u00eda el sur y la Boyac\u00e1 todo el tiempo, todo el d\u00eda\u00a8, me cuenta Carolina.<\/p>\n\n<p>Ella ha realizado labores de mensajer\u00eda por m\u00e1s de cinco a\u00f1os, conoce la ciudad de izquierda a derecha y de norte a sur. Prepara sus rutas con anterioridad para tomar las mejores decisiones frente a la rapidez de sus entregas, sin olvidar ni dejar de lado sus labores de cuidado.&nbsp;<\/p>\n\n<p>As\u00ed como yo, muchas veces la primera tarea del d\u00eda que afronta Carolina tiene que ver con uniformes, desayunos, loncheras y un viaje al colegio, para luego recorrer toda la ciudad en su bici cargo.<\/p>\n\n<figure class=\"wp-block-image aligncenter size-full is-resized\"><img loading=\"lazy\" decoding=\"async\" src=\"https:\/\/www.greenpeace.org\/static\/planet4-colombia-stateless\/2022\/09\/6d3ec6fc-gp1sut0e_.jpg\" alt=\"\" class=\"wp-image-6167\" width=\"600\" height=\"400\" srcset=\"https:\/\/www.greenpeace.org\/static\/planet4-colombia-stateless\/2022\/09\/6d3ec6fc-gp1sut0e_.jpg 800w, https:\/\/www.greenpeace.org\/static\/planet4-colombia-stateless\/2022\/09\/6d3ec6fc-gp1sut0e_-300x200.jpg 300w, https:\/\/www.greenpeace.org\/static\/planet4-colombia-stateless\/2022\/09\/6d3ec6fc-gp1sut0e_-768x512.jpg 768w, https:\/\/www.greenpeace.org\/static\/planet4-colombia-stateless\/2022\/09\/6d3ec6fc-gp1sut0e_-510x340.jpg 510w\" sizes=\"auto, (max-width: 600px) 100vw, 600px\" \/><figcaption>\u00a9 Elizabeth Dalziel \/ Greenpeace<\/figcaption><\/figure>\n\n<p>Carolina me coment\u00f3: \u201cUno andando todos los d\u00edas en bicicleta por la ciudad le da un respiro a los pulmones cuando entra por las calles de los barrios a hacer domicilios. Descansa uno de la contaminaci\u00f3n del aire, como de la contaminaci\u00f3n auditiva, es un respiro que uno puede darse un momentico. Cuando voy con la ni\u00f1a procuro evitar las v\u00edas principales, porque el exosto de los buses le queda en la carita. <strong>No hay un solo SITP que no bote humo negro de forma indiscriminada.<\/strong> Es dif\u00edcil, por lo menos la calle 72 si me toca tomarla detr\u00e1s de los buses.\u201d<\/p>\n\n<p>A diferencia de Carolina, yo trabajo como periodista desde casa. Mis viajes en bicicleta est\u00e1n relacionados a ir a cubrir eventos o a realizar actividades y talleres con mi Fundaci\u00f3n Mamacitas en Bici.<strong> Es una organizaci\u00f3n pionera en Latinoam\u00e9rica en trabajar con madres cabeza de hogar desde el uso de la bicicleta<\/strong>, mientras creamos proyectos de innovaci\u00f3n social para cerrar brechas de violencias basadas en g\u00e9nero, y con la cual generamos conversaciones en torno a la movilidad del cuidado.<\/p>\n\n<p>Las horas pico son las horas m\u00e1s tortuosas para andar por la ciudad. Es la receta perfecta para encontrar el caos, el ruido y el mal olor en un sem\u00e1foro y repetir la historia en el siguiente. Adem\u00e1s de enfrascarse en situaciones de estr\u00e9s con otros actores en la v\u00eda, que no suelen tener en cuenta el espacio del ciclista, y que por lo general, es percibido como intruso. <strong>Una<\/strong> <strong>masa de personas que se mueve sin hacer ruido y que ocupa muy poco espacio es la que, en su mayor\u00eda, causa m\u00e1s molestias a la sociedad que gira en torno a una cultura centrada en el auto.<\/strong><\/p>\n\n<figure class=\"wp-block-image aligncenter size-large\"><img loading=\"lazy\" decoding=\"async\" width=\"1024\" height=\"683\" src=\"https:\/\/www.greenpeace.org\/static\/planet4-colombia-stateless\/2022\/09\/3f01d366-gpc-informe-calidad-de-aire-3-1-1024x683.jpg\" alt=\"\" class=\"wp-image-6168\" srcset=\"https:\/\/www.greenpeace.org\/static\/planet4-colombia-stateless\/2022\/09\/3f01d366-gpc-informe-calidad-de-aire-3-1-1024x683.jpg 1024w, https:\/\/www.greenpeace.org\/static\/planet4-colombia-stateless\/2022\/09\/3f01d366-gpc-informe-calidad-de-aire-3-1-300x200.jpg 300w, https:\/\/www.greenpeace.org\/static\/planet4-colombia-stateless\/2022\/09\/3f01d366-gpc-informe-calidad-de-aire-3-1-768x512.jpg 768w, https:\/\/www.greenpeace.org\/static\/planet4-colombia-stateless\/2022\/09\/3f01d366-gpc-informe-calidad-de-aire-3-1-1536x1025.jpg 1536w, https:\/\/www.greenpeace.org\/static\/planet4-colombia-stateless\/2022\/09\/3f01d366-gpc-informe-calidad-de-aire-3-1.jpg 2048w, https:\/\/www.greenpeace.org\/static\/planet4-colombia-stateless\/2022\/09\/3f01d366-gpc-informe-calidad-de-aire-3-1-510x340.jpg 510w\" sizes=\"auto, (max-width: 1024px) 100vw, 1024px\" \/><figcaption>&nbsp;\u00a9 Nathalia Angarita \/ Greenpeace<\/figcaption><\/figure>\n\n<p>A Carolina, que s\u00ed transita la ciudad durante todo el d\u00eda por su trabajo, le resulta familiar notar las diferencias en la calidad del aire entre los distintos horarios y recorridos que hace en la jornada.<\/p>\n\n<p>\u201cA las 4 o 5 de la tarde, que llega la hora pico, el aire es terrible, se siente el olor a humo. Yo mantengo tos constante todo el tiempo a ra\u00edz de eso. <strong>Trabajar como bici mensajera contribuye a mejorar la movilidad y a reducir las emisiones de gases contaminantes, pero al mismo tiempo, nos estamos tragando todo el smog\u201d<\/strong>.<\/p>\n\n<p>En una ciudad que busca convertirse en \u2018La Capital Mundial de la bici\u2019 con los actuales 590 kil\u00f3metros de ciclorrutas permanentes y 7 kil\u00f3metros de ciclov\u00edas temporales, los retos son inmensos, empezando por los problemas de seguridad que enfrentan los y las ciclistas.<\/p>\n\n<p>En Bogot\u00e1 se roban m\u00e1s de 10 mil bicicletas por a\u00f1o, eso sumado a la infraestructura en mal estado, la violencia de g\u00e9nero y<strong> la mala calidad del aire que se agudiza en localidades como Kenndy, Usme, Ciudad Bol\u00edvar, Puente Aranda y Bosa.<\/strong><\/p>\n\n<p>Por el momento, nosotras las bici activistas, bici mensajeras, mam\u00e1s ciclistas y ciclistas en general nos seguiremos enfrentando al aire contaminado y al humo caliente y gris. Continuaremos hablando de la tos que ya no se va y de los retos que vienen en temas de salud y para la ciudad con respecto al cuidado del aire.&nbsp;<\/p>\n\n<p><\/p>\n\n<figure class=\"wp-block-image aligncenter size-full is-resized\"><img loading=\"lazy\" decoding=\"async\" src=\"https:\/\/www.greenpeace.org\/static\/planet4-colombia-stateless\/2022\/09\/5fe9dc86-gp1stz5n_.jpg\" alt=\"\" class=\"wp-image-6169\" width=\"600\" height=\"400\" srcset=\"https:\/\/www.greenpeace.org\/static\/planet4-colombia-stateless\/2022\/09\/5fe9dc86-gp1stz5n_.jpg 800w, https:\/\/www.greenpeace.org\/static\/planet4-colombia-stateless\/2022\/09\/5fe9dc86-gp1stz5n_-300x200.jpg 300w, https:\/\/www.greenpeace.org\/static\/planet4-colombia-stateless\/2022\/09\/5fe9dc86-gp1stz5n_-768x512.jpg 768w, https:\/\/www.greenpeace.org\/static\/planet4-colombia-stateless\/2022\/09\/5fe9dc86-gp1stz5n_-510x340.jpg 510w\" sizes=\"auto, (max-width: 600px) 100vw, 600px\" \/><figcaption>\u00a9 Alessandro Vona \/ Greenpeace<br><\/figcaption><\/figure>\n\n<p><strong>El futuro de la movilidad es en dos ruedas, sin motores, ni emisi\u00f3n de gases contaminantes. Pero el futuro es ahora, es lo que estemos dispuestos a construir en este instante. Cuento contigo.<\/strong><\/p>\n\n<p><em>Para saber m\u00e1s sobre Mamacitas en bici, visita nuestro <a href=\"https:\/\/www.instagram.com\/mamacitasenbici\/?hl=es\" target=\"_blank\" rel=\"noreferrer noopener\">Instagram<\/a>\u00a0 y <a href=\"https:\/\/www.fundacionmamacitasenbici.com\" target=\"_blank\" rel=\"noreferrer noopener\">sitio web<\/a><\/em><\/p>\n","protected":false},"excerpt":{"rendered":"<p>Por Eliana Gonz\u00e1lez, periodista y directora de la Fundaci\u00f3n Mamacitas en Bici.\u00a0<\/p>\n","protected":false},"author":22,"featured_media":6163,"comment_status":"closed","ping_status":"open","sticky":false,"template":"","format":"standard","meta":{"ep_exclude_from_search":false,"p4_og_title":"","p4_og_description":"","p4_og_image":"","p4_og_image_id":"","p4_seo_canonical_url":"","p4_campaign_name":"not set","p4_local_project":"not set","p4_basket_name":"not set","p4_department":"","footnotes":""},"categories":[41],"tags":[43],"p4-page-type":[14],"class_list":["post-6162","post","type-post","status-publish","format-standard","has-post-thumbnail","hentry","category-blog","tag-nuestranuevaciudad","p4-page-type-blog"],"_links":{"self":[{"href":"https:\/\/www.greenpeace.org\/colombia\/wp-json\/wp\/v2\/posts\/6162","targetHints":{"allow":["GET"]}}],"collection":[{"href":"https:\/\/www.greenpeace.org\/colombia\/wp-json\/wp\/v2\/posts"}],"about":[{"href":"https:\/\/www.greenpeace.org\/colombia\/wp-json\/wp\/v2\/types\/post"}],"author":[{"embeddable":true,"href":"https:\/\/www.greenpeace.org\/colombia\/wp-json\/wp\/v2\/users\/22"}],"replies":[{"embeddable":true,"href":"https:\/\/www.greenpeace.org\/colombia\/wp-json\/wp\/v2\/comments?post=6162"}],"version-history":[{"count":13,"href":"https:\/\/www.greenpeace.org\/colombia\/wp-json\/wp\/v2\/posts\/6162\/revisions"}],"predecessor-version":[{"id":15612,"href":"https:\/\/www.greenpeace.org\/colombia\/wp-json\/wp\/v2\/posts\/6162\/revisions\/15612"}],"wp:featuredmedia":[{"embeddable":true,"href":"https:\/\/www.greenpeace.org\/colombia\/wp-json\/wp\/v2\/media\/6163"}],"wp:attachment":[{"href":"https:\/\/www.greenpeace.org\/colombia\/wp-json\/wp\/v2\/media?parent=6162"}],"wp:term":[{"taxonomy":"category","embeddable":true,"href":"https:\/\/www.greenpeace.org\/colombia\/wp-json\/wp\/v2\/categories?post=6162"},{"taxonomy":"post_tag","embeddable":true,"href":"https:\/\/www.greenpeace.org\/colombia\/wp-json\/wp\/v2\/tags?post=6162"},{"taxonomy":"p4-page-type","embeddable":true,"href":"https:\/\/www.greenpeace.org\/colombia\/wp-json\/wp\/v2\/p4-page-type?post=6162"}],"curies":[{"name":"wp","href":"https:\/\/api.w.org\/{rel}","templated":true}]}}