{"id":1329,"date":"2019-05-09T14:18:12","date_gmt":"2019-05-09T12:18:12","guid":{"rendered":"https:\/\/master.k8s.p4.greenpeace.org\/croatia\/?p=1329"},"modified":"2023-12-20T17:04:40","modified_gmt":"2023-12-20T15:04:40","slug":"poziv-civilnog-drustva","status":"publish","type":"post","link":"https:\/\/www.greenpeace.org\/croatia\/poziv-civilnog-drustva\/","title":{"rendered":"Poziv civilnog dru\u0161tva premijeru Andreju Plenkovi\u0107u i ostalim \u010delnicima EU"},"content":{"rendered":"<h3 class=\"leader\">Svakoga dana diljem Europe ljudi se sve vi\u0161e bore sa siroma\u0161tvom i nejednakosti, sve lo\u0161ijom dostupnosti zdravstvene skrbi te zabrinjavaju\u0107im razinama nezaposlenosti me\u0111u mladima.<\/h3>\n<div>\n<p>S druge pak strane, mnoge velike kompanije\u00a0one\u010di\u0161\u0107uju okoli\u0161, odbijaju pla\u0107ati svoj razmjerni udio poreza dok ostvaruju\u00a0nerazmjerno veliki politi\u010dki utjecaj. Goru\u0107i se problemi ne rje\u0161avaju, poput\u00a0klimatske krize, one\u010di\u0161\u0107enja zraka koje ubija stotine tisu\u0107a Europljana te krize s ratnim izbjeglicama, da spomenemo samo neke. Vrijednosti koje je EU neko\u0107\u00a0promicala, poput rodne jednakosti i jam\u010denja gra\u0111anskih i radni\u010dkih prava, sada su\u00a0zanemarene. Previ\u0161e je ljudi u Europi ostalo zaboravljeno.<\/p>\n<p><img loading=\"lazy\" decoding=\"async\" class=\"size-full wp-image-1334\" src=\"https:\/\/www.greenpeace.org\/static\/planet4-croatia-stateless\/2019\/06\/a4eaf464-gp0stqoxg.jpg\" alt=\"Heroes\u2019 Veto, pro-NGO Protest in Budapest. \u00a9 Zsuzsi Dorgo\" width=\"1200\" height=\"800\" srcset=\"https:\/\/www.greenpeace.org\/static\/planet4-croatia-stateless\/2019\/06\/a4eaf464-gp0stqoxg.jpg 1200w, https:\/\/www.greenpeace.org\/static\/planet4-croatia-stateless\/2019\/06\/a4eaf464-gp0stqoxg-300x200.jpg 300w, https:\/\/www.greenpeace.org\/static\/planet4-croatia-stateless\/2019\/06\/a4eaf464-gp0stqoxg-768x512.jpg 768w, https:\/\/www.greenpeace.org\/static\/planet4-croatia-stateless\/2019\/06\/a4eaf464-gp0stqoxg-1024x683.jpg 1024w, https:\/\/www.greenpeace.org\/static\/planet4-croatia-stateless\/2019\/06\/a4eaf464-gp0stqoxg-510x340.jpg 510w\" sizes=\"auto, (max-width: 1200px) 100vw, 1200px\" \/><\/p>\n<div>\n<p>Uo\u010di sastanka 27 EU dr\u017eavnika u rumunjskom gradu Sibiuu radi razgovora o\u00a0budu\u0107nosti Europe,\u00a0<a href=\"https:\/\/storage.googleapis.com\/planet4-eu-unit-stateless\/2019\/05\/90c6e4bd-20190509-letter-civil-society-sibiu-future-of-europe-summit.pdf\">55 organizacija civilnog dru\u0161tva uputilo im je pismo<\/a>\u00a0pozivaju\u0107i\u00a0ih da za povjerenike Europske komisije nominiraju osobe koja \u0107e raditi za dobrobit\u00a0dana\u0161njih i budu\u0107ih generacija, stavljaju\u0107i na prvo mjesto okoli\u0161, kvalitetu \u017eivota i\u00a0dostojanstven rad.<\/p>\n<\/div>\n<\/div>\n<p><a href=\"https:\/\/www.greenpeace.org\/static\/planet4-croatia-stateless\/2019\/06\/226aeb81-pismo-premijeru-plenkovi\u0107u-i-drugim-\u010delnicima-eu.pdf\" target=\"_blank\" rel=\"noopener noreferrer\">Cijelo pismo pro\u010ditajte ovdje.<\/a><\/p>\n","protected":false},"excerpt":{"rendered":"<p>Svakoga dana diljem Europe ljudi se sve vi\u0161e bore sa siroma\u0161tvom i nejednakosti, sve lo\u0161ijom dostupnosti zdravstvene skrbi te zabrinjavaju\u0107im razinama nezaposlenosti me\u0111u mladima. S druge pak strane, mnoge velike&hellip;<\/p>\n","protected":false},"author":20,"featured_media":1334,"comment_status":"open","ping_status":"open","sticky":false,"template":"","format":"standard","meta":{"ep_exclude_from_search":false,"p4_og_title":"","p4_og_description":"","p4_og_image":"","p4_og_image_id":"","p4_seo_canonical_url":"","p4_campaign_name":"","p4_local_project":"","p4_basket_name":"","p4_department":"","footnotes":""},"categories":[29],"tags":[24,41],"p4-page-type":[46],"class_list":["post-1329","post","type-post","status-publish","format-standard","has-post-thumbnail","hentry","category-klima-i-energija","tag-klimatskepromjene","tag-zdravlje","p4-page-type-vijest"],"_links":{"self":[{"href":"https:\/\/www.greenpeace.org\/croatia\/wp-json\/wp\/v2\/posts\/1329","targetHints":{"allow":["GET"]}}],"collection":[{"href":"https:\/\/www.greenpeace.org\/croatia\/wp-json\/wp\/v2\/posts"}],"about":[{"href":"https:\/\/www.greenpeace.org\/croatia\/wp-json\/wp\/v2\/types\/post"}],"author":[{"embeddable":true,"href":"https:\/\/www.greenpeace.org\/croatia\/wp-json\/wp\/v2\/users\/20"}],"replies":[{"embeddable":true,"href":"https:\/\/www.greenpeace.org\/croatia\/wp-json\/wp\/v2\/comments?post=1329"}],"version-history":[{"count":7,"href":"https:\/\/www.greenpeace.org\/croatia\/wp-json\/wp\/v2\/posts\/1329\/revisions"}],"predecessor-version":[{"id":3502,"href":"https:\/\/www.greenpeace.org\/croatia\/wp-json\/wp\/v2\/posts\/1329\/revisions\/3502"}],"wp:featuredmedia":[{"embeddable":true,"href":"https:\/\/www.greenpeace.org\/croatia\/wp-json\/wp\/v2\/media\/1334"}],"wp:attachment":[{"href":"https:\/\/www.greenpeace.org\/croatia\/wp-json\/wp\/v2\/media?parent=1329"}],"wp:term":[{"taxonomy":"category","embeddable":true,"href":"https:\/\/www.greenpeace.org\/croatia\/wp-json\/wp\/v2\/categories?post=1329"},{"taxonomy":"post_tag","embeddable":true,"href":"https:\/\/www.greenpeace.org\/croatia\/wp-json\/wp\/v2\/tags?post=1329"},{"taxonomy":"p4-page-type","embeddable":true,"href":"https:\/\/www.greenpeace.org\/croatia\/wp-json\/wp\/v2\/p4-page-type?post=1329"}],"curies":[{"name":"wp","href":"https:\/\/api.w.org\/{rel}","templated":true}]}}