{"id":1554,"date":"2019-11-21T13:40:37","date_gmt":"2019-11-21T11:40:37","guid":{"rendered":"https:\/\/www.greenpeace.org\/croatia\/?p=1554"},"modified":"2019-11-21T13:40:38","modified_gmt":"2019-11-21T11:40:38","slug":"tribina-energetski-i-klimatski-plan-rh-uteg-ili-spas-za-klimu","status":"publish","type":"post","link":"https:\/\/www.greenpeace.org\/croatia\/tribina-energetski-i-klimatski-plan-rh-uteg-ili-spas-za-klimu\/","title":{"rendered":"Tribina: Energetski i klimatski plan RH &#8211; uteg ili spas za klimu?"},"content":{"rendered":"\n<p> Greenpeace i Zelena akcija organiziraju tribinu \u201cEnergetski i klimatski plan RH &#8211; uteg ili spas za klimu?\u201d, kao doprinos trenutnoj javnoj raspravi o Nacrtu Integriranog nacionalnog energetskog i klimatskog plana RH za razdoblje od 2021. do 2030., koja \u0107e se odr\u017eati u utorak, 26. studenog, od 10:00 do 12:00 sati u Novinarskom domu u Zagrebu (Perkov\u010deva ulica 2). <\/p>\n\n<figure class=\"wp-block-image size-large  caption-style-blue-overlay caption-alignment-center\"><img loading=\"lazy\" decoding=\"async\" width=\"1024\" height=\"541\" src=\"https:\/\/www.greenpeace.org\/static\/planet4-croatia-stateless\/2019\/11\/f567710c-sustainable_electricity_-_renewable_energy_icon-1024x541.png\" alt=\"\" class=\"wp-image-1555\" srcset=\"https:\/\/www.greenpeace.org\/static\/planet4-croatia-stateless\/2019\/11\/f567710c-sustainable_electricity_-_renewable_energy_icon-1024x541.png 1024w, https:\/\/www.greenpeace.org\/static\/planet4-croatia-stateless\/2019\/11\/f567710c-sustainable_electricity_-_renewable_energy_icon-300x158.png 300w, https:\/\/www.greenpeace.org\/static\/planet4-croatia-stateless\/2019\/11\/f567710c-sustainable_electricity_-_renewable_energy_icon-768x406.png 768w, https:\/\/www.greenpeace.org\/static\/planet4-croatia-stateless\/2019\/11\/f567710c-sustainable_electricity_-_renewable_energy_icon-510x269.png 510w, https:\/\/www.greenpeace.org\/static\/planet4-croatia-stateless\/2019\/11\/f567710c-sustainable_electricity_-_renewable_energy_icon.png 1176w\" sizes=\"auto, (max-width: 1024px) 100vw, 1024px\" \/><\/figure>\n\n<p>Godine 2019. i 2020. izuzetno su bitne za Republiku Hrvatsku zbog dono\u0161enja niza javnih politika i strategija vezanih uz klimatske promjene i energetiku. Nakon usvajanja globalnih ciljeva za smanjenje emisija stakleni\u010dkih plinova u sklopu Pari\u0161kog sporazuma, znanstvena zajednica je pro\u0161le godine u posebnom izvje\u0161taju Me\u0111uvladina panela o klimatskim promjenama (IPCC) o globalnom zagrijavanju za 1.5\u00b0C pozvala vlade na dono\u0161enje puno sna\u017enijih mjera za smanjenje emisija i dekarbonizacije svih sektora prije 2030. godine.<\/p>\n\n<p>Nacrt plana sadr\u017ei pregled nacionalnih ciljeva za svaku od pet klju\u010dnih dimenzija Energetske unije i odgovaraju\u0107e politike i mjere za ostvarivanje tih ciljeva. Posebnu pozornost treba posvetiti ciljevima do 2030. godine, koji uklju\u010duju smanjenje emisija stakleni\u010dkih plinova, energiju iz obnovljivih izvora, energetsku u\u010dinkovitost i elektroenergetsku me\u0111usobnu povezanost.<\/p>\n\n<p><strong>Na tribini \u0107e se analizirati pojedini aspekti Nacrta plana, poput dekarbonizacije energetskog sektora, planiranih novih ulaganja u fosilna goriva, pitanje energetske sigurnosti, ulaganja u obnovljive izvore energije i razvoja gra\u0111anske energije te pravedne tranzicije.<\/strong>&nbsp;Razgovarat \u0107e se i o ambicioznosti samog Plana po pitanju ubla\u017eavanja klimatskih promjena prije 2030. godine, s obzirom na izvje\u0161taj IPCC-a te nedavnu deklaraciju za progla\u0161enje klimatske \u201cuzbune\u201d koju je potpisalo 11.000 znanstvenika i znanstvenica iz 153 zemlje.<\/p>\n\n<p><strong>Govornici_e na tribini:<\/strong><\/p>\n\n<ul class=\"wp-block-list\"><li>Dunja Mazzocco Drvar, meteorologinja RTL-a, moderatorica<\/li><li>Goran Kraja\u010di\u0107, doc. dr. sc., FSB<\/li><li>Zoran Tomi\u0107, Greenpeace<\/li><li>Marija Mileta, Zelena akcija<\/li><li>Luka Tomac, Zelena akcija<\/li><li>Zoran Kordi\u0107, Zelena energetska zadruga<\/li><li>Ostali govornici_e (\u010dekamo potvrdu)<\/li><\/ul>\n\n<p>Nije potrebna prethodna prijava za sudjelovanje na tribini.<br>Facebook event >><a href=\"https:\/\/act.gp\/2DfFPZb\"> https:\/\/act.gp\/2DfFPZb<\/a><\/p>\n","protected":false},"excerpt":{"rendered":"<p>Greenpeace i Zelena akcija organiziraju tribinu \u201cEnergetski i klimatski plan RH &#8211; uteg ili spas za klimu?\u201d, kao doprinos trenutnoj javnoj raspravi o Nacrtu Integriranog nacionalnog energetskog i klimatskog plana.<\/p>\n","protected":false},"author":20,"featured_media":1555,"comment_status":"open","ping_status":"open","sticky":false,"template":"","format":"standard","meta":{"ep_exclude_from_search":false,"p4_og_title":"","p4_og_description":"","p4_og_image":"","p4_og_image_id":"","p4_seo_canonical_url":"","p4_campaign_name":"not set","p4_local_project":"","p4_basket_name":"not set","p4_department":"","footnotes":""},"categories":[29],"tags":[23,24,27],"p4-page-type":[14],"class_list":["post-1554","post","type-post","status-publish","format-standard","has-post-thumbnail","hentry","category-klima-i-energija","tag-obnovljiviizvori","tag-klimatskepromjene","tag-fosilnagoriva","p4-page-type-pr"],"_links":{"self":[{"href":"https:\/\/www.greenpeace.org\/croatia\/wp-json\/wp\/v2\/posts\/1554","targetHints":{"allow":["GET"]}}],"collection":[{"href":"https:\/\/www.greenpeace.org\/croatia\/wp-json\/wp\/v2\/posts"}],"about":[{"href":"https:\/\/www.greenpeace.org\/croatia\/wp-json\/wp\/v2\/types\/post"}],"author":[{"embeddable":true,"href":"https:\/\/www.greenpeace.org\/croatia\/wp-json\/wp\/v2\/users\/20"}],"replies":[{"embeddable":true,"href":"https:\/\/www.greenpeace.org\/croatia\/wp-json\/wp\/v2\/comments?post=1554"}],"version-history":[{"count":2,"href":"https:\/\/www.greenpeace.org\/croatia\/wp-json\/wp\/v2\/posts\/1554\/revisions"}],"predecessor-version":[{"id":1557,"href":"https:\/\/www.greenpeace.org\/croatia\/wp-json\/wp\/v2\/posts\/1554\/revisions\/1557"}],"wp:featuredmedia":[{"embeddable":true,"href":"https:\/\/www.greenpeace.org\/croatia\/wp-json\/wp\/v2\/media\/1555"}],"wp:attachment":[{"href":"https:\/\/www.greenpeace.org\/croatia\/wp-json\/wp\/v2\/media?parent=1554"}],"wp:term":[{"taxonomy":"category","embeddable":true,"href":"https:\/\/www.greenpeace.org\/croatia\/wp-json\/wp\/v2\/categories?post=1554"},{"taxonomy":"post_tag","embeddable":true,"href":"https:\/\/www.greenpeace.org\/croatia\/wp-json\/wp\/v2\/tags?post=1554"},{"taxonomy":"p4-page-type","embeddable":true,"href":"https:\/\/www.greenpeace.org\/croatia\/wp-json\/wp\/v2\/p4-page-type?post=1554"}],"curies":[{"name":"wp","href":"https:\/\/api.w.org\/{rel}","templated":true}]}}