{"id":1571,"date":"2019-12-20T14:12:59","date_gmt":"2019-12-20T12:12:59","guid":{"rendered":"https:\/\/www.greenpeace.org\/croatia\/?p=1571"},"modified":"2023-12-20T17:21:13","modified_gmt":"2023-12-20T15:21:13","slug":"otklon-od-jednokratnog","status":"publish","type":"post","link":"https:\/\/www.greenpeace.org\/croatia\/otklon-od-jednokratnog\/","title":{"rendered":"Vodi\u010d za provedbu Direktive o jednokratnoj plastici"},"content":{"rendered":"\n<h2 class=\"wp-block-heading\"><em>Otklon od jednokratnog &#8211; Vodi\u010d za provedbu Direktive o plastici za jednokratnu uporabu namijenjen nacionalnim donositeljima odluka<\/em> daje preporuke za njenu kvalitetnu i ambicioznu provedbu<\/h2>\n\n<figure class=\"wp-block-image size-large caption-style-blue-overlay caption-alignment-center\"><img loading=\"lazy\" decoding=\"async\" width=\"1024\" height=\"683\" src=\"https:\/\/www.greenpeace.org\/static\/planet4-croatia-stateless\/2019\/12\/301af02c-img_7837-1024x683.jpg\" alt=\"\" class=\"wp-image-1572\" srcset=\"https:\/\/www.greenpeace.org\/static\/planet4-croatia-stateless\/2019\/12\/301af02c-img_7837-1024x683.jpg 1024w, https:\/\/www.greenpeace.org\/static\/planet4-croatia-stateless\/2019\/12\/301af02c-img_7837-300x200.jpg 300w, https:\/\/www.greenpeace.org\/static\/planet4-croatia-stateless\/2019\/12\/301af02c-img_7837-768x512.jpg 768w, https:\/\/www.greenpeace.org\/static\/planet4-croatia-stateless\/2019\/12\/301af02c-img_7837-1536x1024.jpg 1536w, https:\/\/www.greenpeace.org\/static\/planet4-croatia-stateless\/2019\/12\/301af02c-img_7837-2048x1366.jpg 2048w, https:\/\/www.greenpeace.org\/static\/planet4-croatia-stateless\/2019\/12\/301af02c-img_7837-510x340.jpg 510w\" sizes=\"auto, (max-width: 1024px) 100vw, 1024px\" \/><figcaption class=\"wp-element-caption\">Zaga\u0111enje na otoku Pa\u0161manu<div class=\"credit icon-left\"> \u00a9 Matej Ko\u017ei\u0107<\/div><\/figcaption><\/figure>\n\n<p><em>Direktiva o smanjenju utjecaja odre\u0111enih plasti\u010dnih proizvoda\nna okoli\u0161, <\/em>koju\nse \u010desto naziva <strong><em>Direktivom o plastici za jednokratnu uporabu<\/em><\/strong>, stupila je na\nsnagu 2. srpnja 2019. godine. Cilj joj je rije\u0161iti problem one\u010di\u0161\u0107enja\nplastikom za jednokratnu uporabu (i ribolovnim alatom), predmetima koje se\nnaj\u010de\u0161\u0107e pronalazi na europskim pla\u017eama.<\/p>\n\n<p><strong>Direktivom se tra\u017ei prelazak\ns plastike za jednokratnu uporabu prema vi\u0161ekratnim proizvodima i sustavima<\/strong>. Obuhva\u0107a niz mjera javne\npolitike vezanih uz plasti\u010dne predmete za jednokratnu uporabu, uklju\u010duju\u0107i\ntr\u017ei\u0161na ograni\u010denja, smanjenje potro\u0161nje, zahtjeve u pogledu dizajna,\nskupljanja i ozna\u010davanja te programe pro\u0161irene odgovornosti proizvo\u0111a\u010da, ovisno\no artiklu i dostupnim alternativama.<\/p>\n\n<p><strong><em>Otklon od jednokratnog -Vodi\u010d za provedbu Direktive o plastici za jednokratnu uporabu namijenjen nacionalnim donositeljima odluka<\/em><\/strong>:<\/p>\n\n<ul class=\"wp-block-list\">\n<li>prikazuje klju\u010dne elemente Direktive o plastici za jednokratnu uporabu,<\/li>\n<\/ul>\n\n<ul class=\"wp-block-list\">\n<li>daje preporuke kako nacionalni donositelji odluka mogu najbolje provesti njezine odredbe o plastici za jednokratnu uporabu te <\/li>\n<\/ul>\n\n<ul class=\"wp-block-list\">\n<li>isti\u010de primjere dobre prakse.<\/li>\n<\/ul>\n\n<p>Publikacija je rezultat zajedni\u010dkih\nnapora globalnog pokreta <a href=\"https:\/\/www.breakfreefromplastic.org\/\">Break Free From Plastic<\/a> i saveza vode\u0107ih europskih udruga <a href=\"https:\/\/rethinkplasticalliance.eu\/\">Rethink Plastic<\/a>.<\/p>\n\n<p>Vodi\u010d smo poslali <strong>Ministarstvu za\u0161tite okoli\u0161a i energetike<\/strong> te pozvali na \u0161to skoriju, kvalitetniju i ambiciozniju provedbu Direktive. Va\u017eno je da provedba nadi\u0111e minimalne obaveze i poka\u017ee na djelu kako je do\u0161lo vrijeme da stanemo na kraj one\u010di\u0161\u0107enju plastikom, \u010dime \u0161aljemo sna\u017enu poruku u razdoblju predsjedanja Europskom unijom.<\/p>\n\n<p><a href=\"https:\/\/www.greenpeace.org\/static\/planet4-croatia-stateless\/2019\/12\/6c7b7b61-vodi\u010d-otklon-od-jednokratnog.pdf\" data-type=\"URL\" data-id=\"https:\/\/www.greenpeace.org\/static\/planet4-croatia-stateless\/2019\/12\/6c7b7b61-vodi\u010d-otklon-od-jednokratnog.pdf\">Vodi\u010d za provedbu Direktive o jednokratnoj plastici<\/a><\/p>\n\n<div class=\"wp-block-file\"><\/div>\n\n<p><\/p>\n","protected":false},"excerpt":{"rendered":"<p>Otklon od jednokratnog- Vodi\u010d za provedbu Direktive o plastici za jednokratnu uporabu namijenjen nacionalnim donositeljima odluka daje preporuke za njenu kvalitetnu i ambicioznu provedbu.<\/p>\n","protected":false},"author":20,"featured_media":1576,"comment_status":"open","ping_status":"open","sticky":false,"template":"","format":"standard","meta":{"ep_exclude_from_search":false,"p4_og_title":"","p4_og_description":"","p4_og_image":"","p4_og_image_id":"","p4_seo_canonical_url":"","p4_campaign_name":"not set","p4_local_project":"not set","p4_basket_name":"not set","p4_department":"","footnotes":""},"categories":[31],"tags":[22,25],"p4-page-type":[15],"class_list":["post-1571","post","type-post","status-publish","format-standard","has-post-thumbnail","hentry","category-ne-plastici","tag-jednokratnaplastika","tag-jadranbezplastike","p4-page-type-publikacija"],"_links":{"self":[{"href":"https:\/\/www.greenpeace.org\/croatia\/wp-json\/wp\/v2\/posts\/1571","targetHints":{"allow":["GET"]}}],"collection":[{"href":"https:\/\/www.greenpeace.org\/croatia\/wp-json\/wp\/v2\/posts"}],"about":[{"href":"https:\/\/www.greenpeace.org\/croatia\/wp-json\/wp\/v2\/types\/post"}],"author":[{"embeddable":true,"href":"https:\/\/www.greenpeace.org\/croatia\/wp-json\/wp\/v2\/users\/20"}],"replies":[{"embeddable":true,"href":"https:\/\/www.greenpeace.org\/croatia\/wp-json\/wp\/v2\/comments?post=1571"}],"version-history":[{"count":9,"href":"https:\/\/www.greenpeace.org\/croatia\/wp-json\/wp\/v2\/posts\/1571\/revisions"}],"predecessor-version":[{"id":3516,"href":"https:\/\/www.greenpeace.org\/croatia\/wp-json\/wp\/v2\/posts\/1571\/revisions\/3516"}],"wp:featuredmedia":[{"embeddable":true,"href":"https:\/\/www.greenpeace.org\/croatia\/wp-json\/wp\/v2\/media\/1576"}],"wp:attachment":[{"href":"https:\/\/www.greenpeace.org\/croatia\/wp-json\/wp\/v2\/media?parent=1571"}],"wp:term":[{"taxonomy":"category","embeddable":true,"href":"https:\/\/www.greenpeace.org\/croatia\/wp-json\/wp\/v2\/categories?post=1571"},{"taxonomy":"post_tag","embeddable":true,"href":"https:\/\/www.greenpeace.org\/croatia\/wp-json\/wp\/v2\/tags?post=1571"},{"taxonomy":"p4-page-type","embeddable":true,"href":"https:\/\/www.greenpeace.org\/croatia\/wp-json\/wp\/v2\/p4-page-type?post=1571"}],"curies":[{"name":"wp","href":"https:\/\/api.w.org\/{rel}","templated":true}]}}