{"id":1688,"date":"2020-03-06T12:35:40","date_gmt":"2020-03-06T10:35:40","guid":{"rendered":"https:\/\/www.greenpeace.org\/croatia\/?p=1688"},"modified":"2023-12-20T17:18:55","modified_gmt":"2023-12-20T15:18:55","slug":"30-do-30-publikacija","status":"publish","type":"post","link":"https:\/\/www.greenpeace.org\/croatia\/30-do-30-publikacija\/","title":{"rendered":"30 DO &#8217;30. &#8211; Plan za za\u0161titu svjetskih mora"},"content":{"rendered":"\n<p>Otvorena mora sa\u010dinjavaju ogromna zajedni\u010dka prostranstva koja pokrivaju 61% povr\u0161ine svih mora te 73% njihova volumena. Ona obuhva\u0107aju nevjerojatnih 43% ukupne Zemljine povr\u0161ine te 70% morskog i kopnenog prostora na kojem postoji \u017eivot. Te su me\u0111unarodne vode dom nezamislivom bogatstvu morskog \u017eivota i ekosustava, a zbog svojeg ogromnog prostranstva od \u017eivotne su va\u017enosti za zdravlje planeta Zemlje. No posljednjih se je desetlje\u0107a to bogatstvo smanjilo pod sve ve\u0107im pritiskom izazvanim raznovrsnim ljudskim utjecajima, \u0161to je potaknulo Ujedinjene narode na povijesni poduhvat pove\u0107anja za\u0161tite mora i promjene na\u010dina njihovim upravljanjem. <\/p>\n\n<p>Klju\u010d za za\u0161titu stani\u0161ta i vrsta, obnovu bioraznolikosti i ekosustava u oceanima te odr\u017eavanje funkcije ekosustava od \u017eivotne va\u017enosti za sve le\u017ei u stvaranju <strong>potpuno za\u0161ti\u0107enih morskih podru\u010dja (tzv. rezervata ili uto\u010di\u0161ta)<\/strong>. Ovo izvje\u0161\u0107e pokazuje da je mogu\u0107e izgraditi ekolo\u0161ki reprezentativnu, globalnu mre\u017eu za\u0161ti\u0107enih podru\u010dja na otvorenim morima da bi se odgovorilo na krizu koja prijeti oceanima i omogu\u0107io njihov oporavak. Postoji prijeka potreba, a rje\u0161enje je nadohvat ruke. Sve \u0161to je potrebno je politi\u010dka volja. <\/p>\n\n<p><a href=\"https:\/\/www.greenpeace.org\/static\/planet4-croatia-stateless\/2020\/03\/35f1ad42-30-do-30-plan-za-za\u0161titu-svjetskih-mora.pdf\" data-type=\"URL\" data-id=\"https:\/\/www.greenpeace.org\/static\/planet4-croatia-stateless\/2020\/03\/35f1ad42-30-do-30-plan-za-za\u0161titu-svjetskih-mora.pdf\">30 do &#8217;30 &#8211; Plan za za\u0161titu svjetskih mora<\/a><\/p>\n\n<div class=\"wp-block-file\"><\/div>\n\n<p>Ovo je sa\u017eetak izvje\u0161\u0107a koje je u cijelosti na engleskom dostupno <a href=\"http:\/\/greenpeace.org\/30x30\">ovdje<\/a>.<\/p>\n\n<div class=\"wp-block-file aligncenter\"><\/div>\n\n<figure class=\"wp-block-image size-large  caption-style-blue-overlay caption-alignment-center\"><img loading=\"lazy\" decoding=\"async\" width=\"553\" height=\"787\" src=\"https:\/\/www.greenpeace.org\/static\/planet4-croatia-stateless\/2020\/03\/372c58c1-30x30-1.png\" alt=\"\" class=\"wp-image-1692\" srcset=\"https:\/\/www.greenpeace.org\/static\/planet4-croatia-stateless\/2020\/03\/372c58c1-30x30-1.png 553w, https:\/\/www.greenpeace.org\/static\/planet4-croatia-stateless\/2020\/03\/372c58c1-30x30-1-211x300.png 211w, https:\/\/www.greenpeace.org\/static\/planet4-croatia-stateless\/2020\/03\/372c58c1-30x30-1-239x340.png 239w\" sizes=\"auto, (max-width: 553px) 100vw, 553px\" \/><\/figure>\n","protected":false},"excerpt":{"rendered":"<p>Klju\u010d za za\u0161titu stani\u0161ta i vrsta, obnovu bioraznolikosti i ekosustava u oceanima te odr\u017eavanje funkcije ekosustava od \u017eivotne va\u017enosti za sve le\u017ei u stvaranju potpuno za\u0161ti\u0107enih morskih podru\u010dja (tzv. rezervata ili uto\u010di\u0161ta). <\/p>\n","protected":false},"author":20,"featured_media":1692,"comment_status":"open","ping_status":"open","sticky":false,"template":"","format":"standard","meta":{"ep_exclude_from_search":false,"p4_og_title":"30 DO '30. - Plan za za\u0161titu svjetskih mora","p4_og_description":"<p>Klju\u010d za za\u0161titu stani\u0161ta i vrsta, obnovu bioraznolikosti i ekosustava u oceanima te odr\u017eavanje funkcije ekosustava od \u017eivotne va\u017enosti za sve le\u017ei u stvaranju potpuno za\u0161ti\u0107enih morskih podru\u010dja (tzv. rezervata ili uto\u010di\u0161ta).<\/p>","p4_og_image":"","p4_og_image_id":"","p4_seo_canonical_url":"","p4_campaign_name":"Ocean Sanctuaries","p4_local_project":"","p4_basket_name":"Oceans","p4_department":"","footnotes":""},"categories":[47],"tags":[48],"p4-page-type":[15],"class_list":["post-1688","post","type-post","status-publish","format-standard","has-post-thumbnail","hentry","category-oceani","tag-zastitimooceane","p4-page-type-publikacija"],"_links":{"self":[{"href":"https:\/\/www.greenpeace.org\/croatia\/wp-json\/wp\/v2\/posts\/1688","targetHints":{"allow":["GET"]}}],"collection":[{"href":"https:\/\/www.greenpeace.org\/croatia\/wp-json\/wp\/v2\/posts"}],"about":[{"href":"https:\/\/www.greenpeace.org\/croatia\/wp-json\/wp\/v2\/types\/post"}],"author":[{"embeddable":true,"href":"https:\/\/www.greenpeace.org\/croatia\/wp-json\/wp\/v2\/users\/20"}],"replies":[{"embeddable":true,"href":"https:\/\/www.greenpeace.org\/croatia\/wp-json\/wp\/v2\/comments?post=1688"}],"version-history":[{"count":16,"href":"https:\/\/www.greenpeace.org\/croatia\/wp-json\/wp\/v2\/posts\/1688\/revisions"}],"predecessor-version":[{"id":3515,"href":"https:\/\/www.greenpeace.org\/croatia\/wp-json\/wp\/v2\/posts\/1688\/revisions\/3515"}],"wp:featuredmedia":[{"embeddable":true,"href":"https:\/\/www.greenpeace.org\/croatia\/wp-json\/wp\/v2\/media\/1692"}],"wp:attachment":[{"href":"https:\/\/www.greenpeace.org\/croatia\/wp-json\/wp\/v2\/media?parent=1688"}],"wp:term":[{"taxonomy":"category","embeddable":true,"href":"https:\/\/www.greenpeace.org\/croatia\/wp-json\/wp\/v2\/categories?post=1688"},{"taxonomy":"post_tag","embeddable":true,"href":"https:\/\/www.greenpeace.org\/croatia\/wp-json\/wp\/v2\/tags?post=1688"},{"taxonomy":"p4-page-type","embeddable":true,"href":"https:\/\/www.greenpeace.org\/croatia\/wp-json\/wp\/v2\/p4-page-type?post=1688"}],"curies":[{"name":"wp","href":"https:\/\/api.w.org\/{rel}","templated":true}]}}