{"id":1805,"date":"2018-12-17T15:47:00","date_gmt":"2018-12-17T13:47:00","guid":{"rendered":"https:\/\/www.greenpeace.org\/croatia\/?p=1805"},"modified":"2020-04-06T15:52:55","modified_gmt":"2020-04-06T13:52:55","slug":"oslobadamo-energiju-iz-obnovljivih-izvora-zajednice","status":"publish","type":"post","link":"https:\/\/www.greenpeace.org\/croatia\/oslobadamo-energiju-iz-obnovljivih-izvora-zajednice\/","title":{"rendered":"Osloba\u0111amo energiju iz obnovljivih izvora zajednice"},"content":{"rendered":"\n<p>Svijet je suo\u010den s katastrofalnim klimatskim promjenama i prelazak Europe na energetske sustave bez fosilnih goriva je sad hitniji no ikad ranije. Diljem svijeta lokalne zajednice osje\u0107aju posljedice klimatskih poreme\u0107aja. Europa kao jedna od najbogatijih svjetskih regija i kolijevka industrijske revolucije ima na sebi odgovornost predvoditi borbu protiv njihovih uzroka.<\/p>\n\n<p> Prelazak na novu, dru\u0161tveno pravednu energetsku paradigmu zna\u010di dati izvore obnovljive energije u ruke zajednica i pojedinaca i time oduzeti mo\u0107 iz ruku industrije fosilnih goriva, koja neumorno sprje\u010dava napore koji joj ugro\u017eavaju financijske interese, ali uvijek na \u0161tetu ljudi i planeta. <\/p>\n\n<p><strong>Vi\u0161e pro\u010ditajte u publikaciji:<\/strong><\/p>\n\n<div class=\"wp-block-file\"><a href=\"https:\/\/www.greenpeace.org\/static\/planet4-croatia-stateless\/2020\/04\/01b59061-osloba\u0111amo-energiju-iz-obnovljivih-izvora-zajednice.pdf\"><strong> Osloba\u0111amo energiju iz obnovljivih izvora zajednice <\/strong><\/a><\/div>\n\n<p><\/p>\n\n<figure class=\"wp-block-image size-large  caption-style-blue-overlay caption-alignment-center\"><img loading=\"lazy\" decoding=\"async\" width=\"913\" height=\"914\" src=\"https:\/\/www.greenpeace.org\/static\/planet4-croatia-stateless\/2020\/04\/86ce2601-osloba\u0111amo-energiju.png\" alt=\"\" class=\"wp-image-1807\" srcset=\"https:\/\/www.greenpeace.org\/static\/planet4-croatia-stateless\/2020\/04\/86ce2601-osloba\u0111amo-energiju.png 913w, https:\/\/www.greenpeace.org\/static\/planet4-croatia-stateless\/2020\/04\/86ce2601-osloba\u0111amo-energiju-300x300.png 300w, https:\/\/www.greenpeace.org\/static\/planet4-croatia-stateless\/2020\/04\/86ce2601-osloba\u0111amo-energiju-150x150.png 150w, https:\/\/www.greenpeace.org\/static\/planet4-croatia-stateless\/2020\/04\/86ce2601-osloba\u0111amo-energiju-768x769.png 768w, https:\/\/www.greenpeace.org\/static\/planet4-croatia-stateless\/2020\/04\/86ce2601-osloba\u0111amo-energiju-340x340.png 340w\" sizes=\"auto, (max-width: 913px) 100vw, 913px\" \/><\/figure>\n","protected":false},"excerpt":{"rendered":"<p>Svijet je suo\u010den s katastrofalnim klimatskim promjenama i prelazak Europe na energetske sustave bez fosilnih goriva je sad hitniji no ikad ranije. Diljem svijeta lokalne zajednice osje\u0107aju posljedice klimatskih poreme\u0107aja.<\/p>\n","protected":false},"author":20,"featured_media":1807,"comment_status":"open","ping_status":"open","sticky":false,"template":"","format":"standard","meta":{"ep_exclude_from_search":false,"p4_og_title":"","p4_og_description":"","p4_og_image":"","p4_og_image_id":"","p4_seo_canonical_url":"","p4_campaign_name":"not set","p4_local_project":"","p4_basket_name":"not set","p4_department":"","footnotes":""},"categories":[29],"tags":[23],"p4-page-type":[15],"class_list":["post-1805","post","type-post","status-publish","format-standard","has-post-thumbnail","hentry","category-klima-i-energija","tag-obnovljiviizvori","p4-page-type-publikacija"],"_links":{"self":[{"href":"https:\/\/www.greenpeace.org\/croatia\/wp-json\/wp\/v2\/posts\/1805","targetHints":{"allow":["GET"]}}],"collection":[{"href":"https:\/\/www.greenpeace.org\/croatia\/wp-json\/wp\/v2\/posts"}],"about":[{"href":"https:\/\/www.greenpeace.org\/croatia\/wp-json\/wp\/v2\/types\/post"}],"author":[{"embeddable":true,"href":"https:\/\/www.greenpeace.org\/croatia\/wp-json\/wp\/v2\/users\/20"}],"replies":[{"embeddable":true,"href":"https:\/\/www.greenpeace.org\/croatia\/wp-json\/wp\/v2\/comments?post=1805"}],"version-history":[{"count":3,"href":"https:\/\/www.greenpeace.org\/croatia\/wp-json\/wp\/v2\/posts\/1805\/revisions"}],"predecessor-version":[{"id":1810,"href":"https:\/\/www.greenpeace.org\/croatia\/wp-json\/wp\/v2\/posts\/1805\/revisions\/1810"}],"wp:featuredmedia":[{"embeddable":true,"href":"https:\/\/www.greenpeace.org\/croatia\/wp-json\/wp\/v2\/media\/1807"}],"wp:attachment":[{"href":"https:\/\/www.greenpeace.org\/croatia\/wp-json\/wp\/v2\/media?parent=1805"}],"wp:term":[{"taxonomy":"category","embeddable":true,"href":"https:\/\/www.greenpeace.org\/croatia\/wp-json\/wp\/v2\/categories?post=1805"},{"taxonomy":"post_tag","embeddable":true,"href":"https:\/\/www.greenpeace.org\/croatia\/wp-json\/wp\/v2\/tags?post=1805"},{"taxonomy":"p4-page-type","embeddable":true,"href":"https:\/\/www.greenpeace.org\/croatia\/wp-json\/wp\/v2\/p4-page-type?post=1805"}],"curies":[{"name":"wp","href":"https:\/\/api.w.org\/{rel}","templated":true}]}}