{"id":1821,"date":"2020-04-16T10:35:00","date_gmt":"2020-04-16T08:35:00","guid":{"rendered":"https:\/\/www.greenpeace.org\/croatia\/?p=1821"},"modified":"2020-04-23T09:46:01","modified_gmt":"2020-04-23T07:46:01","slug":"koronavirus-i-ono-sto-slijedi-u-skoroj-buducnosti","status":"publish","type":"post","link":"https:\/\/www.greenpeace.org\/croatia\/koronavirus-i-ono-sto-slijedi-u-skoroj-buducnosti\/","title":{"rendered":"Koronavirus i ono \u0161to slijedi u skoroj budu\u0107nosti"},"content":{"rendered":"\n<figure class=\"wp-block-image size-large  caption-style-blue-overlay caption-alignment-center\"><img loading=\"lazy\" decoding=\"async\" width=\"1024\" height=\"683\" src=\"https:\/\/www.greenpeace.org\/static\/planet4-croatia-stateless\/2020\/04\/77a91d02-gp0sttsd1-1024x683.jpg\" title=\"Forest Fires in Candeiras do Jamari, Amazon - Second Overflight (2019). \u00a9 Victor Moriyama \/ Greenpeace\" alt=\"Forest Fires in Candeiras do Jamari, Amazon - Second Overflight (2019). \u00a9 Victor Moriyama \/ Greenpeace\" class=\"wp-image-1823\" srcset=\"https:\/\/www.greenpeace.org\/static\/planet4-croatia-stateless\/2020\/04\/77a91d02-gp0sttsd1-1024x683.jpg 1024w, https:\/\/www.greenpeace.org\/static\/planet4-croatia-stateless\/2020\/04\/77a91d02-gp0sttsd1-300x200.jpg 300w, https:\/\/www.greenpeace.org\/static\/planet4-croatia-stateless\/2020\/04\/77a91d02-gp0sttsd1-768x512.jpg 768w, https:\/\/www.greenpeace.org\/static\/planet4-croatia-stateless\/2020\/04\/77a91d02-gp0sttsd1-510x340.jpg 510w, https:\/\/www.greenpeace.org\/static\/planet4-croatia-stateless\/2020\/04\/77a91d02-gp0sttsd1.jpg 1200w\" sizes=\"auto, (max-width: 1024px) 100vw, 1024px\" \/><figcaption><div class=\"credit icon-left\"> \u00a9 Victor Moriyama \/ Greenpeace<\/div><\/figcaption><\/figure>\n\n<p><strong>Sada se ve\u0107 gotovo svi stru\u010dnjaci sla\u017eu da je pandemija COVID-a 19 uzrokovana koronavirusom (SARS-CoV-2), povezana s onim \u0161to se doga\u0111a u okoli\u0161u<\/strong>, i onime o \u010demu govore kampanje Greenpeacea. Na primjer, Giovanni Maga, ravnatelj Instituta za molekularnu genetiku u Padovi (CNR-IGM), ka\u017ee da ima mnogo \u010dimbenika koji utje\u010du na sve \u010de\u0161\u0107e epidemije posljednjih desetlje\u0107a, kao \u0161to su: \u201e<em>Klimatske promjene koje mijenjaju stani\u0161ta vektorskih \u017eivotinja ovih virusa, ljudsko uplitanje u sve ve\u0107i broj netaknutih ekosustava, prenaseljenost te u\u010destalost i brzina kretanja ljudi<\/em>.\u201d<\/p>\n\n<p><strong>Na\u017ealost, ovaj nam je scenarij svima dobro poznat.<\/strong> U izvje\u0161taju iz 2007. o zdravlju u 21. stolje\u0107u, Svjetska je zdravstvena organizacija &#8211; ona ista koja je slu\u017ebeno proglasila ovu pandemiju &#8211; upozorila da <strong>rizik od virusnih epidemija raste u svijetu naru\u0161ene osjetljive ravnote\u017ee izme\u0111u ljudi i mikroba, uslijed nekoliko \u010dimbenika me\u0111u kojima su promjena klime i ekosustava.<\/strong> Tome u prilog svjedo\u010de i drugi koronavirusi poput SARS-a i MERS-a te posebno opasni virusi poput HIV-a i Ebole.<\/p>\n\n<h2 class=\"wp-block-heading\">Zvono na uzbunu<\/h2>\n\n<p>Kako to jednostavno poja\u0161njava virologinja Ilaria Capua, koja od 2016. vodi jedan od zavoda na Institutu za nove patogene Sveu\u010dili\u0161ta u Floridi, \u0161irenje ovih novih virusa neizbje\u017ean je odgovor prirode na ljudski napad: <strong>\u201e<em>Pojava \u010dak tri koronavirusa u manje od dva desetlje\u0107a zvono je koje poziva na uzbunu. Osim toga, te su pojave povezane s promjenama u ekosustavu: ako se okoli\u0161 naru\u0161i, virus tra\u017ei novog doma\u0107ina<\/em><\/strong><strong>\u201d<\/strong>. Drugim rije\u010dima, uni\u0161tavanje prirode gotovo uvijek podrazumijeva i uni\u0161tavanje vlastitoga zdravlja: \u201e<em>Ako se petljate u neki ekosustav i nanosite mu \u0161tetu, on \u0107e na\u0107i na\u010dina da povrati ravnote\u017eu. A to \u010desto mo\u017ee imati patolo\u0161ke posljedice za ljudska bi\u0107a<\/em>\u201d.<\/p>\n\n<p>Taj je mehanizam jako dobro objasnio David Quammen, autor eseja \u201ePrelijevanje &#8211; evolucija pandemije\u201d, koji je doslovce nestao s polica knji\u017eara u Italiji proteklih tjedana. Ovdje citiram njegove rije\u010di iz jednoga nedavnog razgovora za \u010dasopis <em>Wired<\/em>: <strong>\u201e<em>Razlozi zbog kojih \u0107emo i ubudu\u0107e svjedo\u010diti krizama poput ove jesu sljede\u0107i:<\/em><\/strong><\/p>\n\n<p><strong>1) <\/strong><em>na\u0161i raznoliki <strong>ekosustavi<\/strong> puni su mnogih vrsta <strong>\u017eivotinja<\/strong>, biljaka i ostalih bi\u0107a, a svaka od njih ima vlastite jedinstvene <strong>viruse<\/strong><\/em><strong>;<\/strong><\/p>\n\n<p><strong>2) <\/strong><em>mnogi od tih <strong>virusa<\/strong>, a napose oni u divljih sisavaca, <strong>mogu zaraziti i \u010dovjeka<\/strong><\/em><strong>;<\/strong><\/p>\n\n<p><strong>3) <\/strong><em>mi sve bezobzirnije <strong>zadiremo u te ekosustave<\/strong> i tako se izla\u017eemo <strong>novim virusima<\/strong> te<\/em><strong><\/strong><\/p>\n\n<p><strong>4) <\/strong><em>kad se <strong>virus<\/strong> \u201e<strong>prelije<\/strong>\u201d, tj. prije\u0111e sa \u017eivotinje nositelja na \u010dovjeka i prilagodi se prijenosu me\u0111u ljudima, taj je virus dobio na lutriji:<\/em><em> najednom mu je na raspolaganju 7,7 milijardi jedinki s gustom naseljeno\u0161\u0107u, a koje putuju posvuda i tako omogu\u0107avaju \u0161irenje<\/em>.\u201d<\/p>\n\n<p><strong>Pratite li malo pa\u017eljivije stvari, primijetit \u0107ete da je rizik od \u201eprelijevanja\u201d ra\u0161iren po cijelom svijetu.<\/strong> U slu\u010daju <strong>koronavirusa<\/strong>, istra\u017eivanja su se usredoto\u010dila na kinesku d\u017eunglu i lokalne populacije \u0161i\u0161mi\u0161a. No kod drugih nedavnih epidemija virus je mogao prije\u0107i na \u010dovjeka s drugih <strong>divljih \u017eivotinja<\/strong> poput sova, deva i primata. A njihova se izvori\u0161ta mogu nalaziti u pustinjama Bliskog istoka ili afri\u010dkim d\u017eunglama, ba\u0161 kao \u0161to se nove bolesti javljaju u Amazoniji i australskim \u0161umama. \u010cak se je i smrtonosni virus Ebole prenio na ljude zahvaljuju\u0107i prelijevanju izme\u0111u vrsta, i premda se jo\u0161 ne zna otkuda potje\u010de, znanstvenici sve vi\u0161e sumnjanju na \u0161i\u0161mi\u0161e, koji su sisavci poput nas, samo \u0161to jo\u0161 i lete.<\/p>\n\n<h2 class=\"wp-block-heading\">Klimatska kriza i prastari virusi<\/h2>\n\n<p><strong>No rizik bi mogao biti i ve\u0107i uzme li se u obzir i vremenska dimenzija.<\/strong> Otapanje leda i ledenjaka mogli bi, u stvari, osloboditi prastare i vrlo opasne viruse. Na primjer, u sije\u010dnju 2020. skupina kineskih i ameri\u010dkih znanstvenika obznanila je da su u uzorcima leda uzetima s Tibetanske visoravni i starima 15 tisu\u0107a godina prona\u0161li \u010dak 33 virusa, od kojih je 28 potpuno nepoznatih.<\/p>\n\n<p>Tako\u0111er su otkriveni tragovi virusa \u0161panjolske gripe u alja\u0161kom ledu, a fragmenti DNK velikih boginja pojavili su se u sjeveroisto\u010dnom sibirskom permafrostu. Upravo je <strong>permafrost<\/strong> savr\u0161eno skladi\u0161te za bakterije i viruse, barem dok ih ne oslobodi globalno zatopljenje. A da bi nam se upravo to moglo dogoditi svjedo\u010di i incident koji se dogodio u Sibiru u ljeto 2016., kada je tisu\u0107u sobova i jednog tinejd\u017eera ubio oslobo\u0111eni <strong>antraks<\/strong> te zarazio jo\u0161 desetke ljudi.<\/p>\n\n<p><strong>Klima i zaraze idu ruku pod ruku.<\/strong> O njihovoj povezanosti svjedo\u010di i izvje\u0161taj \u010dasopisa <em>The Lancet <\/em>iz 2019. (\u201e<em>Lancet<\/em> Countdown Report\u201d) koji povezuje klimatske promjene sa sve ve\u0107im \u0161irenjem zaraznih bolesti. Na zagrijanome planetu virusi, bakterije, gljive te paraziti imaju sjajne uvijete da se eksplozivno \u0161ire, genski rekombiniraju te tako produ\u017ee sezonu i geografsku ra\u0161irenost mnogih bolesti. <strong>Mi u Greenpeaceu smo taj rizik prepoznali na vrijeme. Jo\u0161 je u izvje\u0161taju o globalnom zatopljenju \u201eGlobal Warming: The Greenpeace Report\u201d <\/strong>(1990.) &#8211; koji upravo navr\u0161ava trideset godina &#8211; epidemiolog Andrew Haines, koji je kasnije postao ravnateljem Londonskog fakulteta za higijenu i tropsku medicinu (London School of Hygiene &amp; Tropical Medicine), upozorio je da je jedna od sekundarnih posljedica klimatskih promjena \u201e<em>\u0161irenje vektora bolesti, \u0161to bi nas trebalo zabrinjavati<\/em>.\u201c<\/p>\n\n<p>Ukratko, ako je mehanizam prijenosa koronavirusa, kako smatraju znanstvenici, onaj s vrste na vrstu uslijed mije\u0161anja s divljim \u017eivotinjama, pa jo\u0161 poja\u010dan koncentracijom stanovnika u mega-gradovima i preno\u0161en globalizacijom, <strong>klimatska bi kriza mogla donijeti i opasnije scenarije.<\/strong> U njima se ponovno javljaju prastari virusi zarobljeni u polarnome ili himalajskome ledu koji su se mo\u017eda prelili u pradavna vremena i za koje smo smatrali da su zauvijek iskorijenjeni. Ili jo\u0161 gore, mo\u017eda se pojave bolesti o kojima ne znamo apsolutno ni\u0161ta.<\/p>\n\n<h2 class=\"wp-block-heading\">Mo\u0107 i odgovornost<\/h2>\n\n<p>David Quammen tvrdi da \u201e<em>\u0161to vi\u0161e uni\u0161tavamo ekosustave to vi\u0161e tjeramo viruse s njihovih prirodnih doma\u0107ina na sebe kao alternativne doma\u0107ine<\/em>.\u201d <strong>Rje\u0161enje? Jedino je rje\u0161enje potpuno redefinirati na\u0161 odnos s prirodom, \u0161to obuhva\u0107a za\u0161titu bioraznolikosti, zaustavljanje klimatske krize, obuzdavanje uni\u0161tavanja \u0161uma te smanjenje iskori\u0161tavanja resursa.<\/strong> Zvu\u010di poznato? Radi se o problemima koji su oduvijek u sredi\u0161tu Greenpeaceovih kampanja i komunikacija.<\/p>\n\n<p>Kad se zaustavi pandemija koronavirusa, trebat \u0107e ne\u0161to u\u010diniti s \u010dimbenicima koji su doveli do nje, a da se pritom ne pribjegava pripisivanju odgovornosti \u201eklimi\u201d, tipi\u010dnoj za politi\u010dare, novinare i javno mnijenje kad se recimo radi o uraganima, poplavama ili razaraju\u0107im po\u017earima, da bi se na nju zaboravilo \u010dim neposredna opasnost prestane. Ne poduzme li se ne\u0161to u vezi s uzrocima \u0161irenja novih virusa, koji su dijelom i okoli\u0161ni, nastavit \u0107emo \u017eivjeti s ozbiljnim potencijalnim rizikom.<\/p>\n\n<p>Evo kako to obja\u0161njava Ilaira Capua: <strong>\u201e<em>\u017divimo u zatvorenom okoli\u0161u poput akvarija. Na\u0161e zdravlje ovisi o genetskim predispozicijama (20%) te okoli\u0161nim \u010dimbenicima (80%). Osim pogo\u0111enog organizma, lije\u010denje mora obuhvatiti i kontekst<\/em>.\u201c<\/strong><\/p>\n\n<p>\u201e<em>Mi se ne mo\u017eemo izvu\u0107i iz ove situacije, iz ove dileme<\/em>\u201d, ka\u017ee Quammen. \u201e<em>Dio smo prirode, one koja postoji samo na ovom planetu. Mnogo nas je &#8211; 7.7 milijardi &#8211; i k tome tro\u0161imo sve resurse gladno i pohlepno, kao da smo neka tamna tvar u sredi\u0161tu galaksije. Sve uvla\u010dimo u sebe. Uklju\u010duju\u0107i i viruse<\/em>.\u201d<\/p>\n\n<p>Drugim rije\u010dima, ljudski je rod ve\u0107 dugo za komandnim mostom broda koji se zove Zemlja i, podvrgavaju\u0107i prirodu radnjama koje su \u010desto nepopravljive postao je \u201eagent preobrazbe\u201d &#8211; poput neke geolo\u0161ke sile &#8211; do te mjere da znanstvenici koriste naziv \u201eantropocen\u201d za doba u kojem \u017eivimo. A kako to uvijek biva, <strong>s gotovo bezgrani\u010dnom &#8211; a k tome i razornom &#8211; mo\u0107i dolazi i jednako velika odgovornost da preobrazba ne postane katastrofalna i ne okrene se protiv nas. Da ne ugrozimo sami sebe. Ovdje se ne radi o na\u0161em planetu, ve\u0107 o njegovim stanovnicima. O nama i na\u0161oj djeci.<\/strong><\/p>\n\n<p><em>Originalni blog na talijanskom jeziku <a href=\"https:\/\/www.greenpeace.org\/italy\/storia\/7098\/il-coronavirus-e-il-nostro-futuro-prossimo\/\" target=\"_blank\" rel=\"noreferrer noopener\">objavljen <\/a>je 17.3.2020.<\/em><\/p>\n\n<h2 class=\"wp-block-heading\">Literatura (uglavnom na talijanskom)<\/h2>\n\n<p><strong>\u010cLANCI:<\/strong><\/p>\n\n<p>Jim Robbins, \u201c<a rel=\"noreferrer noopener\" href=\"https:\/\/www.nytimes.com\/2012\/07\/15\/sunday-review\/the-ecology-of-disease.html?auth=linked-google\" target=\"_blank\">The Ecology of Disease<\/a>\u201d, in \u201cNew York Times\u201d, 2012.<\/p>\n\n<p>Donald, G. McNeil Jr., \u201c<a href=\"https:\/\/www.nytimes.com\/2019\/10\/25\/health\/predict-usaid-viruses.html?auth=login-google\" target=\"_blank\" rel=\"noreferrer noopener\">Scientists Were Hunting for the Next Ebola. Now the U.S. Has Cut Off Their Funding<\/a>\u201d, in \u201cNew York Times\u201d, 2019.<\/p>\n\n<p>\u201c<a href=\"https:\/\/www.agi.it\/scienza\/scioglimento_ghiacci_virus-6890769\/news\/2020-01-15\/\" target=\"_blank\" rel=\"noreferrer noopener\">Lo scioglimento dei ghiacci potrebbe rilasciare virus di 15 mila anni fa<\/a>\u201d, in \u201cAGI\u201d, 15.01.20.<\/p>\n\n<p>Angela Iacucci, \u201c<a href=\"https:\/\/www.galileonet.it\/spillover-coronavisu-salto-specie\/\" target=\"_blank\" rel=\"noreferrer noopener\">Spillover, il nuovo coronavirus come Sars, morbillo ed Ebola ha origine animale<\/a>\u201d, in \u201cGalileonet\u201d, 22.01.20.<\/p>\n\n<p>Silvia Granziero, \u201c<a href=\"https:\/\/thevision.com\/habitat\/scioglimento-ghiacciai-coronavirus\/\" target=\"_blank\" rel=\"noreferrer noopener\">Lo scioglimento dei ghiacciai \u00e8 pi\u00f9 pericoloso del coronavirus, Ma non ne parla nessuno<\/a>\u201d, in \u201cThe Vision\u201d, 05.02.20.<\/p>\n\n<p>Fabrizio Bianchi, Liliana Cori,&nbsp;<a href=\"https:\/\/www.scienzainrete.it\/articolo\/paura-ai-tempi-del-coronavirus\/fabrizio-bianchi-liliana-cori\/2020-02-24\" target=\"_blank\" rel=\"noreferrer noopener\">La paura ai tempi del Coronavirus<\/a>, in \u201cscienzainrete\u201d, 24.02.20.<\/p>\n\n<p>Mariella Bussolati, \u201c<a href=\"https:\/\/it.businessinsider.com\/perche-crisi-climatica-consumo-del-suolo-inquinamento-e-coronavirus-sono-legati-a-doppio-filo\/\" target=\"_blank\" rel=\"noreferrer noopener\">Perch\u00e9 crisi climatica, consumo del suolo, inquinamento e coronavirus sono legati a doppio filo<\/a>\u201d, 26.02.20.<\/p>\n\n<p><a href=\"https:\/\/www.linkiesta.it\/it\/article\/2020\/02\/27\/ilaria-capua-epidemia-coronavirus\/45594\/\" target=\"_blank\" rel=\"noreferrer noopener\">Per Ilaria Capua, le epidemie come il coronavirus derivano dalle azioni dell\u2019uomo sull\u2019ambiente<\/a>, in \u201cLinkiesta\u201d, 27.02.20.<\/p>\n\n<p>Stefano Verde,&nbsp;<a href=\"https:\/\/www.rivistaenergia.it\/2020\/03\/dalla-cop-25-al-covid-19-limportanza-della-dimensione-globale-dei-fenomeni\/\" target=\"_blank\" rel=\"noreferrer noopener\">Da COP-25 al COVID-19: l\u2019importanza della dimensione globale dei fenomeni,<\/a>&nbsp;04.03.20.<\/p>\n\n<p>Simona Re, \u201c<a href=\"https:\/\/www.rivistamicron.it\/approfondimenti\/la-lezione-di-covid-19-sul-clima\/\" target=\"_blank\" rel=\"noreferrer noopener\">La lezione di Covid-19 sul clima<\/a>\u201d in \u201cMicron. Ecologia, scienza, conoscenza\u201d, 07.03.20.<\/p>\n\n<p>Davide Piacenza, \u201c<a href=\"https:\/\/www.wired.it\/play\/cultura\/2020\/03\/09\/coronavirus-david-quammen-spillover-intervista\/\" target=\"_blank\" rel=\"noreferrer noopener\">Il virus siamo noi, nessuno si senta offeso. Un\u2019intervista a David Quammen<\/a>\u201d, in \u201cWired\u201d, 09.03.20.<\/p>\n\n<p><strong>IZVJE\u0160TAJI:<\/strong><\/p>\n\n<p>\u201cClima. Rapporto Greenpeace sul riscaldamento della Terra\u201d, Edizioni del Grifo, 1992 (ed. originale 1990).<\/p>\n\n<p>World Health Organization, \u201c<a href=\"https:\/\/www.who.int\/whr\/2007\/whr07_en.pdf\" target=\"_blank\" rel=\"noreferrer noopener\">A safer future. Global Public Health Security in the 21st Century<\/a>\u201d, The World Health Report 2007.<\/p>\n\n<p>\u201c<a href=\"https:\/\/www.thelancet.com\/journals\/lancet\/article\/PIIS0140-6736(19)32596-6\/fulltext\" target=\"_blank\" rel=\"noreferrer noopener\">The 2019 Report of the Lancet Countdown on Health and Climate Change<\/a>\u201d, The Lancet, 2019<\/p>\n\n<figure class=\"wp-block-image size-large  caption-style-blue-overlay caption-alignment-center\"><img loading=\"lazy\" decoding=\"async\" width=\"1024\" height=\"683\" src=\"https:\/\/www.greenpeace.org\/static\/planet4-croatia-stateless\/2020\/04\/b680d86a-gp01u9w-1024x683.jpg\" title=\"Nioghalvfjerdsfjorden Glacier in Greenland. \u00a9 Nick Cobbing \/ Greenpeace\" alt=\"Nioghalvfjerdsfjorden Glacier in Greenland. \u00a9 Nick Cobbing \/ Greenpeace\" class=\"wp-image-1824\" srcset=\"https:\/\/www.greenpeace.org\/static\/planet4-croatia-stateless\/2020\/04\/b680d86a-gp01u9w-1024x683.jpg 1024w, https:\/\/www.greenpeace.org\/static\/planet4-croatia-stateless\/2020\/04\/b680d86a-gp01u9w-300x200.jpg 300w, https:\/\/www.greenpeace.org\/static\/planet4-croatia-stateless\/2020\/04\/b680d86a-gp01u9w-768x512.jpg 768w, https:\/\/www.greenpeace.org\/static\/planet4-croatia-stateless\/2020\/04\/b680d86a-gp01u9w-510x340.jpg 510w, https:\/\/www.greenpeace.org\/static\/planet4-croatia-stateless\/2020\/04\/b680d86a-gp01u9w.jpg 1200w\" sizes=\"auto, (max-width: 1024px) 100vw, 1024px\" \/><figcaption><div class=\"credit icon-left\"> \u00a9 Nick Cobbing \/ Greenpeace<\/div><\/figcaption><\/figure>\n\n<p><\/p>\n","protected":false},"excerpt":{"rendered":"<p>Sada se ve\u0107 gotovo svi stru\u010dnjaci sla\u017eu da je pandemija COVID-a 19 uzrokovana koronavirusom (SARS-CoV-2), povezana s onim \u0161to se doga\u0111a u okoli\u0161u, i onime o \u010demu govore kampanje Greenpeacea.<\/p>\n","protected":false},"author":20,"featured_media":1823,"comment_status":"open","ping_status":"open","sticky":false,"template":"","format":"standard","meta":{"ep_exclude_from_search":false,"p4_og_title":"","p4_og_description":"","p4_og_image":"","p4_og_image_id":"","p4_seo_canonical_url":"","p4_campaign_name":"not set","p4_local_project":"not set","p4_basket_name":"not set","p4_department":"","footnotes":""},"categories":[1],"tags":[24,50],"p4-page-type":[16],"class_list":["post-1821","post","type-post","status-publish","format-standard","has-post-thumbnail","hentry","category-uncategorized","tag-klimatskepromjene","tag-koronavirus","p4-page-type-blog"],"_links":{"self":[{"href":"https:\/\/www.greenpeace.org\/croatia\/wp-json\/wp\/v2\/posts\/1821","targetHints":{"allow":["GET"]}}],"collection":[{"href":"https:\/\/www.greenpeace.org\/croatia\/wp-json\/wp\/v2\/posts"}],"about":[{"href":"https:\/\/www.greenpeace.org\/croatia\/wp-json\/wp\/v2\/types\/post"}],"author":[{"embeddable":true,"href":"https:\/\/www.greenpeace.org\/croatia\/wp-json\/wp\/v2\/users\/20"}],"replies":[{"embeddable":true,"href":"https:\/\/www.greenpeace.org\/croatia\/wp-json\/wp\/v2\/comments?post=1821"}],"version-history":[{"count":5,"href":"https:\/\/www.greenpeace.org\/croatia\/wp-json\/wp\/v2\/posts\/1821\/revisions"}],"predecessor-version":[{"id":1829,"href":"https:\/\/www.greenpeace.org\/croatia\/wp-json\/wp\/v2\/posts\/1821\/revisions\/1829"}],"wp:featuredmedia":[{"embeddable":true,"href":"https:\/\/www.greenpeace.org\/croatia\/wp-json\/wp\/v2\/media\/1823"}],"wp:attachment":[{"href":"https:\/\/www.greenpeace.org\/croatia\/wp-json\/wp\/v2\/media?parent=1821"}],"wp:term":[{"taxonomy":"category","embeddable":true,"href":"https:\/\/www.greenpeace.org\/croatia\/wp-json\/wp\/v2\/categories?post=1821"},{"taxonomy":"post_tag","embeddable":true,"href":"https:\/\/www.greenpeace.org\/croatia\/wp-json\/wp\/v2\/tags?post=1821"},{"taxonomy":"p4-page-type","embeddable":true,"href":"https:\/\/www.greenpeace.org\/croatia\/wp-json\/wp\/v2\/p4-page-type?post=1821"}],"curies":[{"name":"wp","href":"https:\/\/api.w.org\/{rel}","templated":true}]}}