{"id":1950,"date":"2020-07-01T10:15:44","date_gmt":"2020-07-01T08:15:44","guid":{"rendered":"https:\/\/www.greenpeace.org\/croatia\/?p=1950"},"modified":"2023-12-20T17:39:55","modified_gmt":"2023-12-20T15:39:55","slug":"sumska-projekcija-za-zeleni-oporavak","status":"publish","type":"post","link":"https:\/\/www.greenpeace.org\/croatia\/sumska-projekcija-za-zeleni-oporavak\/","title":{"rendered":"\u0160umska projekcija za zeleni oporavak"},"content":{"rendered":"\n<p><strong>Aktivisti Greenpeacea sino\u0107 su pored Medvedgrada u Zagrebu organizirali projekciju poruka i vizuala na \u0161umu kako bi ukazali na va\u017enost zelenog oporavka, odnosno dovo\u0111enja za\u0161tite klime i okoli\u0161a u sredi\u0161te planiranja oporavka od gospodarske krize uzrokovane pandemijom koronavirusa. \u201cTra\u017eimo zeleni oporavak\u201d i&nbsp; \u201cStop klimatskoj krizi\u201d neke su od poruka veli\u010dine 20 metara projiciranih na \u0161umsku kulisu. Uz poruke, na \u0161umu su projicirane i kratke animacije.<\/strong><\/p>\n\n<figure class=\"wp-block-image size-large  caption-style-blue-overlay caption-alignment-center\"><img loading=\"lazy\" decoding=\"async\" width=\"1024\" height=\"683\" src=\"https:\/\/www.greenpeace.org\/static\/planet4-croatia-stateless\/2020\/07\/d8ee8c25-greenpeace_bojan-haron-markicevic-1024x683.jpg\" alt=\"\" class=\"wp-image-1954\" srcset=\"https:\/\/www.greenpeace.org\/static\/planet4-croatia-stateless\/2020\/07\/d8ee8c25-greenpeace_bojan-haron-markicevic-1024x683.jpg 1024w, https:\/\/www.greenpeace.org\/static\/planet4-croatia-stateless\/2020\/07\/d8ee8c25-greenpeace_bojan-haron-markicevic-300x200.jpg 300w, https:\/\/www.greenpeace.org\/static\/planet4-croatia-stateless\/2020\/07\/d8ee8c25-greenpeace_bojan-haron-markicevic-768x512.jpg 768w, https:\/\/www.greenpeace.org\/static\/planet4-croatia-stateless\/2020\/07\/d8ee8c25-greenpeace_bojan-haron-markicevic-1536x1025.jpg 1536w, https:\/\/www.greenpeace.org\/static\/planet4-croatia-stateless\/2020\/07\/d8ee8c25-greenpeace_bojan-haron-markicevic-2048x1366.jpg 2048w, https:\/\/www.greenpeace.org\/static\/planet4-croatia-stateless\/2020\/07\/d8ee8c25-greenpeace_bojan-haron-markicevic-510x340.jpg 510w\" sizes=\"auto, (max-width: 1024px) 100vw, 1024px\" \/><\/figure>\n\n<p><em>\u201cOsim gospodarske krize, prijeti nam i puno razornija klimatska kriza, koja mo\u017ee imati nesagledive posljedice na gospodarstvo i na okoli\u0161. Tra\u017eili smo od stranaka i koalicija koje su se kandidirale na predstoje\u0107im izborima da se izjasne kojim mjerama planiraju osigurati zeleni oporavak te za\u0161tititi Hrvatsku od posljedica klimatskih promjena. Pozivamo i bira\u010de da se u odabiru predstavnika koji \u0107e Hrvatskom upravljati idu\u0107e \u010detiri godine vode va\u017enim pitanjima poput zaustavljanja klimatske krize, za\u0161tite mora, one\u010di\u0161\u0107enja plastikom, obnovljivih izvora energije, zelenih radnih mjesta te lokalne i odr\u017eive poljoprivrede. Oporavak mo\u017ee i mora biti pravedan i zelen\u201d, <\/em>rekla je Petra Andri\u0107, voditeljica Greenpeaceove kampanje.<\/p>\n\n<p><a href=\"https:\/\/www.greenpeace.org\/croatia\/zeleni-oporavak-i-klimatska-kriza-moraju-biti-prioriteti-u-politickim-programima\/\"><strong>Anketni upitnik<\/strong><\/a> poslan je svim strankama i koalicijama koje su prema istra\u017eivanju agencije Promocija plus prelazile 1% podr\u0161ke gra\u0111ana.&nbsp; Ve\u0107ina stranaka koje su se odazvale na anketu odgovorile su pozitivno na sva pitanja u vezi ekolo\u0161kih mjera koje smatramo nu\u017enima za spas klime i za zeleni oporavak. Od ve\u0107ih stranaka jedino se HDZ i MOST nisu izjasnili o svojim stavovima koji se ti\u010du za\u0161tite okoli\u0161a i klime. Sadr\u017eaj i rezultate ankete mo\u017eete vidjeti <a href=\"https:\/\/www.greenpeace.org\/croatia\/rezultati-anketnog-upitnika-o-zelenom-oporavku\/\">ovdje<\/a>.&nbsp;<\/p>\n\n<p><em>\u201cKada bismo sudili isklju\u010divo prema odgovorima ve\u0107ine politi\u010dara u anketi, dojam bi bio da Hrvatsku \u010deka blistava i obnovljiva budu\u0107nost. No, u predizbornoj kampanji na\u017ealost nema dovoljno govora o okoli\u0161nim temama, \u0161to je zabrinjavaju\u0107e. Dr\u017eat \u0107emo za rije\u010d sve stranke koje su se u na\u0161em upitniku obvezale voditi ra\u010duna o spasu klime i za\u0161titi okoli\u0161a. Bez obzira na to koje stranke budu sastavljale novu hrvatsku vladu, i dalje \u0107emo sna\u017eno tra\u017eiti zeleni oporavak kao jedini smjer koji jam\u010di budu\u0107nost ljudi i planeta\u201d<\/em>, dodala je Andri\u0107.<\/p>\n\n<p><\/p>\n","protected":false},"excerpt":{"rendered":"<p>Aktivisti Greenpeacea sino\u0107 su pored Medvedgrada u Zagrebu organizirali projekciju poruka i vizuala na \u0161umu kako bi ukazali na va\u017enost zelenog oporavka, odnosno dovo\u0111enja za\u0161tite klime i okoli\u0161a u sredi\u0161te&hellip;<\/p>\n","protected":false},"author":26,"featured_media":1954,"comment_status":"open","ping_status":"open","sticky":false,"template":"","format":"standard","meta":{"ep_exclude_from_search":false,"p4_og_title":"","p4_og_description":"","p4_og_image":"","p4_og_image_id":"","p4_seo_canonical_url":"","p4_campaign_name":"not set","p4_local_project":"not set","p4_basket_name":"not set","p4_department":"","footnotes":""},"categories":[29],"tags":[23,24,27,50,51],"p4-page-type":[14],"class_list":["post-1950","post","type-post","status-publish","format-standard","has-post-thumbnail","hentry","category-klima-i-energija","tag-obnovljiviizvori","tag-klimatskepromjene","tag-fosilnagoriva","tag-koronavirus","tag-zelenioporavak","p4-page-type-pr"],"_links":{"self":[{"href":"https:\/\/www.greenpeace.org\/croatia\/wp-json\/wp\/v2\/posts\/1950","targetHints":{"allow":["GET"]}}],"collection":[{"href":"https:\/\/www.greenpeace.org\/croatia\/wp-json\/wp\/v2\/posts"}],"about":[{"href":"https:\/\/www.greenpeace.org\/croatia\/wp-json\/wp\/v2\/types\/post"}],"author":[{"embeddable":true,"href":"https:\/\/www.greenpeace.org\/croatia\/wp-json\/wp\/v2\/users\/26"}],"replies":[{"embeddable":true,"href":"https:\/\/www.greenpeace.org\/croatia\/wp-json\/wp\/v2\/comments?post=1950"}],"version-history":[{"count":5,"href":"https:\/\/www.greenpeace.org\/croatia\/wp-json\/wp\/v2\/posts\/1950\/revisions"}],"predecessor-version":[{"id":3521,"href":"https:\/\/www.greenpeace.org\/croatia\/wp-json\/wp\/v2\/posts\/1950\/revisions\/3521"}],"wp:featuredmedia":[{"embeddable":true,"href":"https:\/\/www.greenpeace.org\/croatia\/wp-json\/wp\/v2\/media\/1954"}],"wp:attachment":[{"href":"https:\/\/www.greenpeace.org\/croatia\/wp-json\/wp\/v2\/media?parent=1950"}],"wp:term":[{"taxonomy":"category","embeddable":true,"href":"https:\/\/www.greenpeace.org\/croatia\/wp-json\/wp\/v2\/categories?post=1950"},{"taxonomy":"post_tag","embeddable":true,"href":"https:\/\/www.greenpeace.org\/croatia\/wp-json\/wp\/v2\/tags?post=1950"},{"taxonomy":"p4-page-type","embeddable":true,"href":"https:\/\/www.greenpeace.org\/croatia\/wp-json\/wp\/v2\/p4-page-type?post=1950"}],"curies":[{"name":"wp","href":"https:\/\/api.w.org\/{rel}","templated":true}]}}