{"id":2002,"date":"2020-10-30T13:55:02","date_gmt":"2020-10-30T11:55:02","guid":{"rendered":"https:\/\/www.greenpeace.org\/croatia\/?p=2002"},"modified":"2023-12-20T17:38:50","modified_gmt":"2023-12-20T15:38:50","slug":"vlada-rh-mora-prioritizirati-zeleni-i-pravedni-oporavak","status":"publish","type":"post","link":"https:\/\/www.greenpeace.org\/croatia\/vlada-rh-mora-prioritizirati-zeleni-i-pravedni-oporavak\/","title":{"rendered":"Vlada RH mora prioritizirati zeleni i pravedni oporavak"},"content":{"rendered":"\n<p>Vlada RH mora iskoristiti EU sredstva koja su joj na raspolaganju za uistinu odr\u017eiv i pravedan oporavak od trenutne klimatske, gospodarske i zdravstvene krize te u tu svrhu ostvariti dijalog s nevladinim organizacijama, akademskom zajednicom i zainteresiranim gra\u0111anima.<\/p>\n\n<p>Poruka je to koju su uputili Dru\u0161tvo za oblikovanje odr\u017eivog razvoja (DOOR), Greenpeace u Hrvatskoj, Zelena akcija i Zelena energetska zadruga (ZEZ) na ju\u010dera\u0161njem okruglom stolu \u201cZajedno za zeleni oporavak i razvoj\u201d u Novinarskom domu. Predstavili su<a href=\"https:\/\/docs.google.com\/forms\/d\/e\/1FAIpQLSeJgZxTGJG0ECs87gq67Xri78uZiK0dxJ6jl_tKZpRLTrbrkg\/viewform\"> Zahtjeve za hrvatski zeleni oporavak i razvoj<\/a> koje su u srpnju predali novoizabranim zastupnicima i zastupnicama u Hrvatskom saboru, tra\u017ee\u0107i sna\u017enu tranziciju prema niskouglji\u010dnom razvoju i stvaranju novih zelenih radnih mjesta.<\/p>\n\n<figure class=\"wp-block-image size-large  caption-style-medium caption-alignment-right\"><img loading=\"lazy\" decoding=\"async\" width=\"1024\" height=\"606\" src=\"https:\/\/www.greenpeace.org\/static\/planet4-croatia-stateless\/2020\/10\/b5d7a38a-img_5708-crop-1024x606.jpg\" alt=\"\" class=\"wp-image-2003\" srcset=\"https:\/\/www.greenpeace.org\/static\/planet4-croatia-stateless\/2020\/10\/b5d7a38a-img_5708-crop-1024x606.jpg 1024w, https:\/\/www.greenpeace.org\/static\/planet4-croatia-stateless\/2020\/10\/b5d7a38a-img_5708-crop-300x177.jpg 300w, https:\/\/www.greenpeace.org\/static\/planet4-croatia-stateless\/2020\/10\/b5d7a38a-img_5708-crop-768x454.jpg 768w, https:\/\/www.greenpeace.org\/static\/planet4-croatia-stateless\/2020\/10\/b5d7a38a-img_5708-crop-1536x908.jpg 1536w, https:\/\/www.greenpeace.org\/static\/planet4-croatia-stateless\/2020\/10\/b5d7a38a-img_5708-crop-2048x1211.jpg 2048w, https:\/\/www.greenpeace.org\/static\/planet4-croatia-stateless\/2020\/10\/b5d7a38a-img_5708-crop-510x302.jpg 510w\" sizes=\"auto, (max-width: 1024px) 100vw, 1024px\" \/><figcaption class=\"wp-element-caption\">Foto: Marija Mileta<\/figcaption><\/figure>\n\n<p>U uvodnoj rije\u010di, u ime organizatora, prisutnima se obratio predsjednik Zelene akcije, Luka Tomac. \u201cNa\u0161e je zahtjeve potpisalo osamdeset organizacija civilnog dru\u0161tva, energetskih agencija, institucija i tvrtki po \u010demu je o\u010digledno da svi sli\u010dno razmi\u0161ljamo\u201d, naglasio je Tomac. Rekao je da se svijet stubokom promijenio posljednje godine, a klimatska kriza je i dalje tu, samo imamo godinu dana manje za njeno rje\u0161avanje. \u201cNemamo vremena da uz rje\u0161avanje klimatske krize idemo spa\u0161avati fosilnu industriju. Moramo hitno mijenjati na\u010din na koji proizvodimo energiju i hranu te na\u010din na koji se kre\u0107emo\u201d, dodao je Tomac.<\/p>\n\n<p>Uvod u okrugli stol dao je posebni savjetnik Predsjednika RH, Julije Domac. \u201cNa razini na\u010delne politike smo napravili napredak. Prvi politi\u010dari u zemlji imaju puna usta obnovljivih izvora energije, zelene i energetske tranzicije, ali iza te lijepe fasade jo\u0161 nemamo konkretne mjere\u201c, kritizirao je stanje u Hrvatskoj, ali optimisti\u010dno ustvrdio da je ovo dobar trenutak za akciju.<\/p>\n\n<p>U raspravi, koju je usmjeravala Dunja Mazzocco Drvar, sudjelovali su pomo\u0107nica ministrice regionalnog razvoja, Ana Odak, konzultantica za EU fondove, strate\u0161ko planiranje, pripremu i provedbu projekata i direktorica tvrtke Avelant d.o.o., Ariana Vela, pro\u010delnica Upravnog odjela za urbanizam i za\u0161titu okoli\u0161a u gradu Velika Gorica, Gordana Mikul\u010di\u0107 Krnjaja, redovni profesor na FER-u i voditelj dislociranog studija energetske u\u010dinkovitosti i obnovljivih izvora u \u0160ibeniku Marko Delimar i, u ime organizatora, izvr\u0161na direktorica DOOR-a, Slavica Robi\u0107.<\/p>\n\n<p>Glavne teme rasprave bile su zeleni oporavak od vi\u0161estruke krize u kojoj \u017eivimo, programiranje sredstava EU za tranziciju u niskouglji\u010dno gospodarstvo, strate\u0161ki dokumenti RH te procedure i investiranje u energetsku tranziciju uz primjere iz prakse.<\/p>\n\n<p>Odak je naglasila da je programiranje sredstava za novo financijsko razdoblje 2021.-2027. u tijeku, da su oko 22 milijarde eura koje Hrvatska ima na raspolaganju velik izazov i velika odgovornost te da treba odrediti prioritete. \u201cRadne skupine \u0107e biti sastavljene u skladu s na\u010delom partnerstva, a o\u010dekujemo i uklju\u010divanje gra\u0111ana i \u0161ire javnosti\u201d, dodala je.<\/p>\n\n<p>Vela je istaknula kako treba pojednostaviti procedure i stvoriti okru\u017eenje u kojem poduzetnici mogu iznijeti odr\u017eive projekte na svojim le\u0111ima. Dodala je: \u201cMi stalno gasimo po\u017eare. Danas razgovaramo o tome kako regulirati proceduru, a ne razgovaramo o tome \u0161to sada trebamo raditi kako bismo do toga do\u0161li 2050. godine\u201d.<\/p>\n\n<p>Robi\u0107 je rekla kako je ovaj okrugli stol okupio ina\u010de \u010desto suprotstavljene strane &#8211; aktiviste, jedinice lokalne samouprave, privatnike, ministarstva, politi\u010dare, energetske i klimatske stru\u010dnjake, akademsku zajednicu i ured Predsjednika. \u201cTijekom svih izlaganja \u010duli smo isto: \u017eelimo i trebamo zeleni oporavak i razvoj. Svi se oko tog sla\u017eemo. \u010culi smo u razgovoru mnogo puta rije\u010d hrabrost. U redu je da se bojimo, ali nije u redu da nas to paralizira. Imamo stru\u010dni kadar koji nas mo\u017ee povesti u smjeru zelenog oporavka bez da idemo na \u0161tetu dru\u0161tvu i gospodarstvu. Moramo iskoristiti ovu krizu i pretvoriti je u jedinstvenu priliku te pametno iskoristiti zna\u010dajna sredstva koja imamo na raspolaganju i usmjeriti ih u prava rje\u0161enja &#8211; ona zelena, odr\u017eiva, dobra za klimu i dru\u0161tvo, ona oko kojih se svi sla\u017eemo da su jedini mogu\u0107i smjer oporavka i razvoja\u201d, zaklju\u010dila je Robi\u0107.<\/p>\n\n<p>Na okruglom stolu je zbog epidemiolo\u0161kih mjera sudjelovalo oko 35 ljudi, dok je ostalima bio omogu\u0107en prijenos u\u017eivo preko <a href=\"https:\/\/www.youtube.com\/watch?v=nv1Y4NiQx20\">web kanala<\/a>.<\/p>\n\n<p><\/p>\n","protected":false},"excerpt":{"rendered":"<p>Vlada RH mora iskoristiti EU sredstva koja su joj na raspolaganju za uistinu odr\u017eiv i pravedan oporavak od trenutne klimatske, gospodarske i zdravstvene krize!<\/p>\n","protected":false},"author":26,"featured_media":2003,"comment_status":"open","ping_status":"open","sticky":false,"template":"","format":"standard","meta":{"ep_exclude_from_search":false,"p4_og_title":"","p4_og_description":"","p4_og_image":"","p4_og_image_id":"","p4_seo_canonical_url":"","p4_campaign_name":"not set","p4_local_project":"not set","p4_basket_name":"not set","p4_department":"","footnotes":""},"categories":[29],"tags":[23,24,27,50,51],"p4-page-type":[14],"class_list":["post-2002","post","type-post","status-publish","format-standard","has-post-thumbnail","hentry","category-klima-i-energija","tag-obnovljiviizvori","tag-klimatskepromjene","tag-fosilnagoriva","tag-koronavirus","tag-zelenioporavak","p4-page-type-pr"],"_links":{"self":[{"href":"https:\/\/www.greenpeace.org\/croatia\/wp-json\/wp\/v2\/posts\/2002","targetHints":{"allow":["GET"]}}],"collection":[{"href":"https:\/\/www.greenpeace.org\/croatia\/wp-json\/wp\/v2\/posts"}],"about":[{"href":"https:\/\/www.greenpeace.org\/croatia\/wp-json\/wp\/v2\/types\/post"}],"author":[{"embeddable":true,"href":"https:\/\/www.greenpeace.org\/croatia\/wp-json\/wp\/v2\/users\/26"}],"replies":[{"embeddable":true,"href":"https:\/\/www.greenpeace.org\/croatia\/wp-json\/wp\/v2\/comments?post=2002"}],"version-history":[{"count":3,"href":"https:\/\/www.greenpeace.org\/croatia\/wp-json\/wp\/v2\/posts\/2002\/revisions"}],"predecessor-version":[{"id":3519,"href":"https:\/\/www.greenpeace.org\/croatia\/wp-json\/wp\/v2\/posts\/2002\/revisions\/3519"}],"wp:featuredmedia":[{"embeddable":true,"href":"https:\/\/www.greenpeace.org\/croatia\/wp-json\/wp\/v2\/media\/2003"}],"wp:attachment":[{"href":"https:\/\/www.greenpeace.org\/croatia\/wp-json\/wp\/v2\/media?parent=2002"}],"wp:term":[{"taxonomy":"category","embeddable":true,"href":"https:\/\/www.greenpeace.org\/croatia\/wp-json\/wp\/v2\/categories?post=2002"},{"taxonomy":"post_tag","embeddable":true,"href":"https:\/\/www.greenpeace.org\/croatia\/wp-json\/wp\/v2\/tags?post=2002"},{"taxonomy":"p4-page-type","embeddable":true,"href":"https:\/\/www.greenpeace.org\/croatia\/wp-json\/wp\/v2\/p4-page-type?post=2002"}],"curies":[{"name":"wp","href":"https:\/\/api.w.org\/{rel}","templated":true}]}}