{"id":2029,"date":"2020-11-26T14:22:09","date_gmt":"2020-11-26T12:22:09","guid":{"rendered":"https:\/\/www.greenpeace.org\/croatia\/?p=2029"},"modified":"2021-02-05T17:00:31","modified_gmt":"2021-02-05T15:00:31","slug":"cetiri-ideje-za-bolji-grad","status":"publish","type":"post","link":"https:\/\/www.greenpeace.org\/croatia\/cetiri-ideje-za-bolji-grad\/","title":{"rendered":"\u010cetiri ideje za bolji grad"},"content":{"rendered":"\n<p>Zastani na tren i osluhni oko sebe. \u0160to \u010duje\u0161? Sirene? Javni razglas? Pjev ptica?<\/p>\n\n<figure class=\"wp-block-image size-large  caption-style-medium caption-alignment-center\"><img loading=\"lazy\" decoding=\"async\" width=\"800\" height=\"571\" src=\"https:\/\/www.greenpeace.org\/static\/planet4-croatia-stateless\/9205a159-gp1stqyf_web_size_with_credit_line.jpg\" alt=\"\" class=\"wp-image-2030\"\/><figcaption>Uslijed zatvaranja zbog pandemije koronavirusa pari\u0161ki su trgovi, ceste i ulice ostali gotovo prazni.<\/figcaption><\/figure>\n\n<p>Proteklih mjeseci promatram kroz prozor kako vrijeme prolazi. Zemlja za zemljom, grad za gradom osje\u0107aju strah i bol zbog gubitka, ali i po\u0161tovanje prema onome \u0161to \u010dine zdravstveni radnici i ljudi na prvim linijama. A tu je i solidarnost sa susjedima.<\/p>\n\n<p>To \u0161to smo silom odvojeni samo nas je zbli\u017eilo.<\/p>\n\n<p>A neki su se jazovi pro\u0161irili. Nepravda i nejednakost sve su izra\u017eeniji kako se do pucanja razvla\u010de mjere za\u0161tite, a kapitalisti katastrofe <a href=\"https:\/\/theconversation.com\/disaster-capitalism-coronavirus-crisis-brings-bailouts-tax-breaks-and-lax-environmental-rules-to-oilsands-135996\">plja\u010dkaju<\/a>, ostavljaju\u0107i sposobne pojedince, obitelji i zajednice da se sami nose sa sve ve\u0107im opasnostima.<\/p>\n\n<p>Sve se promijenilo.<\/p>\n\n<p>Pandemija COVID-a 19 ispraznila je gradske \u010detvrti i bacila svjetski gospodarski sustav u stanje \u0161oka. Prazne ulice i trgovi koji su nekad vrvjeli \u017eivotom postali su simbolom pandemijske krize. Na nama je da odlu\u010dimo kako \u0107emo ispuniti tu prazninu.<\/p>\n\n<figure class=\"wp-block-image size-large  caption-style-medium caption-alignment-center\"><img loading=\"lazy\" decoding=\"async\" width=\"800\" height=\"534\" src=\"https:\/\/www.greenpeace.org\/static\/planet4-croatia-stateless\/69e601af-gp0sttj2h_web_size_with_credit_line.jpg\" alt=\"\" class=\"wp-image-2031\"\/><figcaption>Piknik bez plastike pogonjen 100% obnovljivom energijom u Taipeiju, 2018.<\/figcaption><\/figure>\n\n<p>Globalno, nas 55% \u017eivi u gradskim podru\u010djima i taj \u0107e broj samo rasti. Sada imamo priliku ponovno izgraditi bolje gradove koji su otporni na katastrofe i \u010diji se smisao vrti oko dobrobiti svih njihovih stanovnika, u kojima nema zapostavljenih i svi mogu \u017eivjeti zdravo, sretno i me\u0111usobno povezani. Gradove u kojima tro\u0161imo manje Zemljinih dragocjenih resursa, a \u017eivimo punije i bolje.<\/p>\n\n<p>Trebamo izgraditi gradove koji su zdravi za ljude i za ovaj planet. Pandemija i gospodarska kriza prepli\u0107u se s postoje\u0107om klimatskom krizom. Moramo ih rje\u0161avati zajedno. Evo kako.<\/p>\n\n<h2 class=\"wp-block-heading\"><strong>\u010cetiri ideje za bolji grad<\/strong><\/h2>\n\n<h3 class=\"wp-block-heading\"><strong>1. Zeleniji prijevoz<\/strong><\/h3>\n\n<figure class=\"wp-block-image size-large  caption-style-medium caption-alignment-center\"><img loading=\"lazy\" decoding=\"async\" width=\"800\" height=\"533\" src=\"https:\/\/www.greenpeace.org\/static\/planet4-croatia-stateless\/8864cfe2-gp0stpcuo_web_size_with_credit_line.jpg\" alt=\"\" class=\"wp-image-2032\"\/><figcaption>Bicikliranje u sredi\u0161tu Londona.<\/figcaption><\/figure>\n\n<p>Automobili u prosjeku zauzimaju <a href=\"https:\/\/transportgeography.org\/?page_id=4609\">&nbsp;50% gradskih povr\u0161ina<\/a>, ubrajamo li tu ulice i parkirali\u0161ta. Na globalnoj razini, prosje\u010dni gradski stanovnik provede <a href=\"https:\/\/inrix.com\/scorecard\/\">100 sati na godinu u prometnim gu\u017evama<\/a>. A od svih \u010dimbenika koji pridonose klimatskoj krizi <a href=\"https:\/\/www.ucsusa.org\/resources\/car-emissions-global-warming\">najbr\u017ee raste<\/a> upravo sektor prijevoza. Ne\u0161to tu ne \u0161tima.<\/p>\n\n<p>Gradovi bi trebali slu\u017eiti ljudima, a ne autima.<\/p>\n\n<p>Sada imamo priliku osmisliti novu mobilnost u gradovima, pove\u0107ati broj biciklisti\u010dkih staza, pje\u0161acima pru\u017eiti ve\u0107u sigurnost, napraviti bolje sustave prijevoza vlakovima, tramvajima i autobusima, pa \u010dak i potpuno izbaciti aute iz gradova. Trebaju nam sigurni, povoljni i odr\u017eivi na\u010dini za kretanje po gradu bez automobila.<\/p>\n\n<p>Gradona\u010delnici u tom smislu trebaju poduzeti <a href=\"https:\/\/twitter.com\/SadiqKhan\/status\/1261268212215398400\">odva\u017ene mjere<\/a>. Zatvaranjem zakr\u010denih cesta i ulica otvarat \u0107e se mogu\u0107nost zelenih \u010detvrti i vra\u0107anja izgubljenih povr\u0161ina gra\u0111anima.<\/p>\n\n<h3 class=\"wp-block-heading\"><strong>2. Zelenija hrana<\/strong><\/h3>\n\n<figure class=\"wp-block-image size-large  caption-style-medium caption-alignment-center\"><img loading=\"lazy\" decoding=\"async\" width=\"800\" height=\"533\" src=\"https:\/\/www.greenpeace.org\/static\/planet4-croatia-stateless\/52923497-gp0strmec_web_size_with_credit_line.jpg\" alt=\"\" class=\"wp-image-2033\"\/><figcaption>Obitelj kod ku\u0107e objeduje hranu biljnog podrijetla.<\/figcaption><\/figure>\n\n<p>Kad su krenula zatvaranja u mnogim gradovima, ljudi su se zabrinuli ho\u0107e li biti dovoljno hrane za sve. S rastu\u0107om nesigurnosti i nejednakom dostupnosti hrane u krizi su gradovi pokazali svu svoju krhkost.<\/p>\n\n<p>Na\u0161 sada\u0161nji uzgoj hrane pridonosi <a href=\"https:\/\/lessismore.greenpeace.org\/wp-content\/uploads\/2018\/02\/0555cc04-greenpeace-livestock-vision-for-2050-english.pdf\">svjetskim emisijama stakleni\u010dkih plinova s \u010dak 24%.<\/a> Uzgoj \u017eivotinja pridonosi s 14%, a bacanje i gubitak namirnica s 8%. Samo je jedan dobitnik u ovom poreme\u0107enom sustavu: agroindustrijski kompleksi.<\/p>\n\n<p>Zamislite da \u017eivimo u gradu u kojem se sva hrana uzgaja lokalno na gradskim ili prigradskim farmama, a koja je sezonska i ekolo\u0161ki prihvatljiva. Sve vi\u0161e poljoprivrednika, gra\u0111ana, gradona\u010delnika i zajednica rade na tome da gradska podru\u010dja u budu\u0107nosti budu otpornija na krize s hranom. Oni sve vi\u0161e uzgajaju zdravu hranu na gradskim farmama, vrtovima i povrtnjacima, na krovovima i balkonima. Organiziraju se tr\u017enice, zadruge i skupovi na kojima ljudi mogu kupiti i razmijeniti zdravu hranu. Kantine i restorani sve vi\u0161e poslu\u017euju hranu biljnog podrijetla. Uzgajaju se, kupuju i pripremaju jela od sezonskih i lokalnih namirnica, \u010dime se izbjegava nepouzdan i s one\u010di\u0161\u0107enjem povezan uvoz.<\/p>\n\n<h3 class=\"wp-block-heading\"><strong>3. Zelenije gospodarstvo<\/strong><\/h3>\n\n<figure class=\"wp-block-image size-large  caption-style-medium caption-alignment-center\"><img loading=\"lazy\" decoding=\"async\" width=\"800\" height=\"533\" src=\"https:\/\/www.greenpeace.org\/static\/planet4-croatia-stateless\/35b962f4-gp0stpz3c_web_size_with_credit_line.jpg\" alt=\"\" class=\"wp-image-2034\"\/><figcaption>Radionica za popravak pametnih telefona u Greenpeaceu u Meksiku<\/figcaption><\/figure>\n\n<p>\u017divimo na planetu ograni\u010denih resursa. No, na\u0161e gospodarstvo stvara takvu potro\u0161nju da bi nam trebala tri na\u0161a planeta da je zadovoljimo. Na\u0161a ovisnost o potro\u0161nji sve vi\u0161e stvari jedan je od korijena nastanka <a href=\"https:\/\/www.c40.org\/press_releases\/new-analysis-shows-cities-have-bigger-opportunity-to-reduce-global-emissions-if-they-address-consumption\">60% svih emisija stakleni\u010dkih plinova u svijetu<\/a>. Moramo promijeniti svoje neodr\u017eive navike, \u017eelimo li sa\u010duvati mogu\u0107nost da zagrijavanje ne prije\u0111e 1,5&nbsp;\u00b0C.<\/p>\n\n<p>Dok smo bili zatvoreni, shvatili smo da nam mnogo stvari uop\u0107e ne treba za dobar \u017eivot.<\/p>\n\n<p>Moramo potpuno promijeniti svoje potro\u0161a\u010dke navike i kupovati manje, ali bolje. Gradovi nam u tom smislu mogu pomo\u0107i da smanjimo zajedni\u010dku potro\u0161nju time \u0161to \u0107e poticati vi\u0161ekratnu i zajedni\u010dku uporabu, popravke, razmjene te dostupnost radionica i du\u0107ana za razmjenu dobara. Recikliranje bi trebalo biti tek posljednja faza u dugom \u017eivotu nekog proizvoda. Time bi se smanjilo kori\u0161tenje sirovina i proizvodnja otpada.<\/p>\n\n<h3 class=\"wp-block-heading\"><strong>4. Zeleni prostori<\/strong><\/h3>\n\n<figure class=\"wp-block-image size-large  caption-style-medium caption-alignment-center\"><img loading=\"lazy\" decoding=\"async\" width=\"800\" height=\"600\" src=\"https:\/\/www.greenpeace.org\/static\/planet4-croatia-stateless\/cb82bb37-gp0stp6dg_web_size_with_credit_line.jpg\" alt=\"\" class=\"wp-image-2035\"\/><figcaption>Gradski vrtlar Jose i njegova 87-godi\u0161nja majka obra\u0111uju gradski vrt u S\u00e3o Paulu.<\/figcaption><\/figure>\n\n<p>Sve je ve\u0107a potreba za gradskim zelenilom i sve vi\u0161e znanstvenih istra\u017eivanja potvr\u0111uje povezanost izme\u0111u parkova i zelenila s kvalitetom \u017eivota. Svjetska zdravstvena organizacija <a href=\"http:\/\/www.euro.who.int\/en\/health-topics\/environment-and-health\/urban-health\/publications\/2016\/urban-green-spaces-and-health-a-review-of-evidence-2016\">govori<\/a> kako ljudi ne bi trebali \u017eivjeti udaljeni vi\u0161e od 300 metara od zelenila. No u mnogim se gradovima zelenilo i parkovi jo\u0161 uvijek smatraju luksuzom dostupnim isklju\u010divo povla\u0161tenoj manjini.<\/p>\n\n<p>Zelenilo u gradovima nas poti\u010de da se vi\u0161e bavimo tjelesnim aktivnostima, opu\u0161tamo, igramo i u\u017eivamo u dru\u0161tvu.<\/p>\n\n<p>Jedan od na\u010dina da ostvarimo \u017eeljenu transformaciju gradova jest da prazne parcele pretvorimo u komunalne vrtove i zelene prostore. Gradska poljoprivreda mo\u017ee sve vi\u0161e nas uklju\u010diti u proizvodnju vlastite hrane i obnovu svojih gradova. Zelenilo je na\u010din da izbjegnemo gradski stres.<\/p>\n\n<hr class=\"wp-block-separator\"\/>\n\n<p>Ozelenjeni prazni gradski prostori, dobri me\u0111uljudski odnosi umjesto potro\u0161nje jednokratnih proizvoda, kretanje sa \u0161to manjim one\u010di\u0161\u0107enjem &#8211; tako bi mogli izgledati na\u0161i gradovi budu\u0107nosti.<\/p>\n\n<p>Sigurnije, bolje i \u010di\u0161\u0107e gradove treba graditi korak po korak, zajedni\u010dkim i uskla\u0111enim gospodarskim djelovanjem, smi\u0161ljenom politikom i gra\u0111anima koji su na \u010delu svega toga.<\/p>\n\n<p>U izgradnju takvih gradova budu\u0107nosti trebamo biti uklju\u010deni svi i krenuti odmah.<\/p>\n\n<p>Kakav ti grad budu\u0107nosti \u017eeli\u0161?<\/p>\n\n<p><em>Celia Ojeda Mart\u00ednez je programska voditeljica Greenpeacea \u0160panjolska te voditeljica projekta Gradovi. Blog je izvorno objavljen 25. svibnja 2020.<\/em><\/p>\n","protected":false},"excerpt":{"rendered":"<p>Ozelenjeni prazni gradski prostori, dobri me\u0111uljudski odnosi umjesto potro\u0161nje jednokratnih proizvoda, kretanje sa \u0161to manjim one\u010di\u0161\u0107enjem \u2013 tako bi mogli izgledati na\u0161i gradovi budu\u0107nosti.<\/p>\n","protected":false},"author":26,"featured_media":2031,"comment_status":"open","ping_status":"open","sticky":false,"template":"","format":"standard","meta":{"ep_exclude_from_search":false,"p4_og_title":"","p4_og_description":"","p4_og_image":"","p4_og_image_id":"","p4_seo_canonical_url":"","p4_campaign_name":"not set","p4_local_project":"not set","p4_basket_name":"not set","p4_department":"","footnotes":""},"categories":[1],"tags":[53],"p4-page-type":[16],"class_list":["post-2029","post","type-post","status-publish","format-standard","has-post-thumbnail","hentry","category-uncategorized","tag-zazelenigrad","p4-page-type-blog"],"_links":{"self":[{"href":"https:\/\/www.greenpeace.org\/croatia\/wp-json\/wp\/v2\/posts\/2029","targetHints":{"allow":["GET"]}}],"collection":[{"href":"https:\/\/www.greenpeace.org\/croatia\/wp-json\/wp\/v2\/posts"}],"about":[{"href":"https:\/\/www.greenpeace.org\/croatia\/wp-json\/wp\/v2\/types\/post"}],"author":[{"embeddable":true,"href":"https:\/\/www.greenpeace.org\/croatia\/wp-json\/wp\/v2\/users\/26"}],"replies":[{"embeddable":true,"href":"https:\/\/www.greenpeace.org\/croatia\/wp-json\/wp\/v2\/comments?post=2029"}],"version-history":[{"count":2,"href":"https:\/\/www.greenpeace.org\/croatia\/wp-json\/wp\/v2\/posts\/2029\/revisions"}],"predecessor-version":[{"id":2038,"href":"https:\/\/www.greenpeace.org\/croatia\/wp-json\/wp\/v2\/posts\/2029\/revisions\/2038"}],"wp:featuredmedia":[{"embeddable":true,"href":"https:\/\/www.greenpeace.org\/croatia\/wp-json\/wp\/v2\/media\/2031"}],"wp:attachment":[{"href":"https:\/\/www.greenpeace.org\/croatia\/wp-json\/wp\/v2\/media?parent=2029"}],"wp:term":[{"taxonomy":"category","embeddable":true,"href":"https:\/\/www.greenpeace.org\/croatia\/wp-json\/wp\/v2\/categories?post=2029"},{"taxonomy":"post_tag","embeddable":true,"href":"https:\/\/www.greenpeace.org\/croatia\/wp-json\/wp\/v2\/tags?post=2029"},{"taxonomy":"p4-page-type","embeddable":true,"href":"https:\/\/www.greenpeace.org\/croatia\/wp-json\/wp\/v2\/p4-page-type?post=2029"}],"curies":[{"name":"wp","href":"https:\/\/api.w.org\/{rel}","templated":true}]}}