{"id":2154,"date":"2021-03-19T12:55:05","date_gmt":"2021-03-19T10:55:05","guid":{"rendered":"https:\/\/www.greenpeace.org\/croatia\/?p=2154"},"modified":"2021-03-29T17:17:59","modified_gmt":"2021-03-29T15:17:59","slug":"kad-bi-drvece-govorilo","status":"publish","type":"post","link":"https:\/\/www.greenpeace.org\/croatia\/kad-bi-drvece-govorilo\/","title":{"rendered":"Kad bi drve\u0107e govorilo"},"content":{"rendered":"\n<p>U sklopu kampanje #ZazeleniGrad pripremili smo izazov &#8220;Kad bi drve\u0107e govorilo&#8221;. Uz malo dobre volje, malo kreativnosti i odlazak u obli\u017enji kvartovski park ili \u0161umu i ti mo\u017ee\u0161 dati svoj doprinos ovoj kampanji. Izradi svoj natpis i postavi ga na drvo po izboru te nam po\u0161alji fotografije! <\/p>\n\n<p>Izazov traje od 20. o\u017eujka do 11. travnja 2021. <\/p>\n\n<p>Detaljni popis potrebnih materijala i upute za sudjelovanje nalaze se ovdje: <\/p>\n\n<p>PDF upute: <a href=\"http:\/\/act.gp\/ UPUTE_Kad_bi_drvece_govorilo\">act.gp\/UPUTE_Kad_bi_drvece_govorilo<\/a><\/p>\n\n<p>Video upute: <a href=\"https:\/\/www.youtube.com\/watch?v=iiI58MaTVTY\">Youtube Greenpeacea u Hrvatskoj<\/a><\/p>\n\n<figure class=\"wp-block-image size-large caption-style-medium caption-alignment-center\"><img loading=\"lazy\" decoding=\"async\" width=\"1024\" height=\"1024\" src=\"https:\/\/www.greenpeace.org\/static\/planet4-croatia-stateless\/2021\/03\/8d7c539e-kad-bi-drece-govotrio2-1-1024x1024.jpg\" alt=\"\" class=\"wp-image-2155\" srcset=\"https:\/\/www.greenpeace.org\/static\/planet4-croatia-stateless\/2021\/03\/8d7c539e-kad-bi-drece-govotrio2-1-1024x1024.jpg 1024w, https:\/\/www.greenpeace.org\/static\/planet4-croatia-stateless\/2021\/03\/8d7c539e-kad-bi-drece-govotrio2-1-300x300.jpg 300w, https:\/\/www.greenpeace.org\/static\/planet4-croatia-stateless\/2021\/03\/8d7c539e-kad-bi-drece-govotrio2-1-150x150.jpg 150w, https:\/\/www.greenpeace.org\/static\/planet4-croatia-stateless\/2021\/03\/8d7c539e-kad-bi-drece-govotrio2-1-768x768.jpg 768w, https:\/\/www.greenpeace.org\/static\/planet4-croatia-stateless\/2021\/03\/8d7c539e-kad-bi-drece-govotrio2-1-1366x1366.jpg 1366w, https:\/\/www.greenpeace.org\/static\/planet4-croatia-stateless\/2021\/03\/8d7c539e-kad-bi-drece-govotrio2-1-340x340.jpg 340w, https:\/\/www.greenpeace.org\/static\/planet4-croatia-stateless\/2021\/03\/8d7c539e-kad-bi-drece-govotrio2-1.jpg 1500w\" sizes=\"auto, (max-width: 1024px) 100vw, 1024px\" \/><\/figure>\n","protected":false},"excerpt":{"rendered":"<p>Pridru\u017eite se izazovu &#8220;Kad bi drve\u0107e govorilo&#8221;, od 20. o\u017eujka do 11. travnja 2021.<\/p>\n","protected":false},"author":26,"featured_media":2171,"comment_status":"open","ping_status":"open","sticky":false,"template":"","format":"standard","meta":{"ep_exclude_from_search":false,"p4_og_title":"","p4_og_description":"","p4_og_image":"","p4_og_image_id":"","p4_seo_canonical_url":"","p4_campaign_name":"not set","p4_local_project":"not set","p4_basket_name":"not set","p4_department":"","footnotes":""},"categories":[1],"tags":[53],"p4-page-type":[15],"class_list":["post-2154","post","type-post","status-publish","format-standard","has-post-thumbnail","hentry","category-uncategorized","tag-zazelenigrad","p4-page-type-publikacija"],"_links":{"self":[{"href":"https:\/\/www.greenpeace.org\/croatia\/wp-json\/wp\/v2\/posts\/2154","targetHints":{"allow":["GET"]}}],"collection":[{"href":"https:\/\/www.greenpeace.org\/croatia\/wp-json\/wp\/v2\/posts"}],"about":[{"href":"https:\/\/www.greenpeace.org\/croatia\/wp-json\/wp\/v2\/types\/post"}],"author":[{"embeddable":true,"href":"https:\/\/www.greenpeace.org\/croatia\/wp-json\/wp\/v2\/users\/26"}],"replies":[{"embeddable":true,"href":"https:\/\/www.greenpeace.org\/croatia\/wp-json\/wp\/v2\/comments?post=2154"}],"version-history":[{"count":13,"href":"https:\/\/www.greenpeace.org\/croatia\/wp-json\/wp\/v2\/posts\/2154\/revisions"}],"predecessor-version":[{"id":2196,"href":"https:\/\/www.greenpeace.org\/croatia\/wp-json\/wp\/v2\/posts\/2154\/revisions\/2196"}],"wp:featuredmedia":[{"embeddable":true,"href":"https:\/\/www.greenpeace.org\/croatia\/wp-json\/wp\/v2\/media\/2171"}],"wp:attachment":[{"href":"https:\/\/www.greenpeace.org\/croatia\/wp-json\/wp\/v2\/media?parent=2154"}],"wp:term":[{"taxonomy":"category","embeddable":true,"href":"https:\/\/www.greenpeace.org\/croatia\/wp-json\/wp\/v2\/categories?post=2154"},{"taxonomy":"post_tag","embeddable":true,"href":"https:\/\/www.greenpeace.org\/croatia\/wp-json\/wp\/v2\/tags?post=2154"},{"taxonomy":"p4-page-type","embeddable":true,"href":"https:\/\/www.greenpeace.org\/croatia\/wp-json\/wp\/v2\/p4-page-type?post=2154"}],"curies":[{"name":"wp","href":"https:\/\/api.w.org\/{rel}","templated":true}]}}