{"id":2246,"date":"2021-04-28T09:33:11","date_gmt":"2021-04-28T07:33:11","guid":{"rendered":"https:\/\/www.greenpeace.org\/croatia\/?p=2246"},"modified":"2021-07-22T10:59:06","modified_gmt":"2021-07-22T08:59:06","slug":"gradska-zelena-infrastruktura-u-zagrebu","status":"publish","type":"post","link":"https:\/\/www.greenpeace.org\/croatia\/gradska-zelena-infrastruktura-u-zagrebu\/","title":{"rendered":"Gradska zelena infrastruktura u Zagrebu"},"content":{"rendered":"\n<h2 class=\"wp-block-heading\">Model dostupnosti<\/h2>\n\n<figure class=\"wp-block-image size-large\"><img loading=\"lazy\" decoding=\"async\" width=\"1024\" height=\"834\" src=\"https:\/\/www.greenpeace.org\/static\/planet4-croatia-stateless\/2021\/04\/d0de7111-dubrava-1024x834.jpg\" alt=\"\" class=\"wp-image-2264\" srcset=\"https:\/\/www.greenpeace.org\/static\/planet4-croatia-stateless\/2021\/04\/d0de7111-dubrava-1024x834.jpg 1024w, https:\/\/www.greenpeace.org\/static\/planet4-croatia-stateless\/2021\/04\/d0de7111-dubrava-300x244.jpg 300w, https:\/\/www.greenpeace.org\/static\/planet4-croatia-stateless\/2021\/04\/d0de7111-dubrava-768x625.jpg 768w, https:\/\/www.greenpeace.org\/static\/planet4-croatia-stateless\/2021\/04\/d0de7111-dubrava-418x340.jpg 418w, https:\/\/www.greenpeace.org\/static\/planet4-croatia-stateless\/2021\/04\/d0de7111-dubrava.jpg 1324w\" sizes=\"auto, (max-width: 1024px) 100vw, 1024px\" \/><\/figure>\n\n<p>Poveznica za <a href=\"https:\/\/www.greenpeace.org\/static\/planet4-croatia-stateless\/2021\/04\/d212cd93-gradska-zelena-infrastruktura-u-zagrebu-model-dostupnosti.pdf\">download ovdje<\/a>, a verzija u ve\u0107oj rezoluciji mo\u017ee se dobiti na zahtjev, pi\u0161ite nam na info.croatia@greenpeace.org.<\/p>\n\n<p>English version <a href=\"https:\/\/www.greenpeace.org\/static\/planet4-croatia-stateless\/2021\/07\/15d00fe4-zagrebgi_final-engleski.pdf\">available here<\/a>, for higher resolution please write to us on info.croatia@greenpeace.org.<\/p>\n","protected":false},"excerpt":{"rendered":"<p>Model dostupnosti<\/p>\n","protected":false},"author":26,"featured_media":2257,"comment_status":"open","ping_status":"open","sticky":false,"template":"","format":"standard","meta":{"ep_exclude_from_search":false,"p4_og_title":"","p4_og_description":"","p4_og_image":"","p4_og_image_id":"","p4_seo_canonical_url":"","p4_campaign_name":"not set","p4_local_project":"not set","p4_basket_name":"not set","p4_department":"","footnotes":""},"categories":[1],"tags":[53],"p4-page-type":[15],"class_list":["post-2246","post","type-post","status-publish","format-standard","has-post-thumbnail","hentry","category-uncategorized","tag-zazelenigrad","p4-page-type-publikacija"],"_links":{"self":[{"href":"https:\/\/www.greenpeace.org\/croatia\/wp-json\/wp\/v2\/posts\/2246","targetHints":{"allow":["GET"]}}],"collection":[{"href":"https:\/\/www.greenpeace.org\/croatia\/wp-json\/wp\/v2\/posts"}],"about":[{"href":"https:\/\/www.greenpeace.org\/croatia\/wp-json\/wp\/v2\/types\/post"}],"author":[{"embeddable":true,"href":"https:\/\/www.greenpeace.org\/croatia\/wp-json\/wp\/v2\/users\/26"}],"replies":[{"embeddable":true,"href":"https:\/\/www.greenpeace.org\/croatia\/wp-json\/wp\/v2\/comments?post=2246"}],"version-history":[{"count":12,"href":"https:\/\/www.greenpeace.org\/croatia\/wp-json\/wp\/v2\/posts\/2246\/revisions"}],"predecessor-version":[{"id":2412,"href":"https:\/\/www.greenpeace.org\/croatia\/wp-json\/wp\/v2\/posts\/2246\/revisions\/2412"}],"wp:featuredmedia":[{"embeddable":true,"href":"https:\/\/www.greenpeace.org\/croatia\/wp-json\/wp\/v2\/media\/2257"}],"wp:attachment":[{"href":"https:\/\/www.greenpeace.org\/croatia\/wp-json\/wp\/v2\/media?parent=2246"}],"wp:term":[{"taxonomy":"category","embeddable":true,"href":"https:\/\/www.greenpeace.org\/croatia\/wp-json\/wp\/v2\/categories?post=2246"},{"taxonomy":"post_tag","embeddable":true,"href":"https:\/\/www.greenpeace.org\/croatia\/wp-json\/wp\/v2\/tags?post=2246"},{"taxonomy":"p4-page-type","embeddable":true,"href":"https:\/\/www.greenpeace.org\/croatia\/wp-json\/wp\/v2\/p4-page-type?post=2246"}],"curies":[{"name":"wp","href":"https:\/\/api.w.org\/{rel}","templated":true}]}}