{"id":2343,"date":"2021-06-10T11:52:59","date_gmt":"2021-06-10T09:52:59","guid":{"rendered":"https:\/\/www.greenpeace.org\/croatia\/?p=2343"},"modified":"2021-06-10T18:05:18","modified_gmt":"2021-06-10T16:05:18","slug":"prijedlog-zakona-o-gospodarenju-otpadom-konacno-je-usao-u-saborsku-proceduru","status":"publish","type":"post","link":"https:\/\/www.greenpeace.org\/croatia\/prijedlog-zakona-o-gospodarenju-otpadom-konacno-je-usao-u-saborsku-proceduru\/","title":{"rendered":"Prijedlog zakona o gospodarenju otpadom napokon je u Saboru"},"content":{"rendered":"\n<p>Nakon javnog savjetovanja zavr\u0161enog u prosincu 2020. te du\u017eeg perioda razrade, Prijedlog zakona o gospodarenju otpadom kona\u010dno je u Saboru. Uo\u010di dana\u0161nje sjednice na kojoj \u0107e biti prvo \u010ditanje Zakona, predstavnici mre\u017ee udruga i inicijativa \u201eZero Waste Hrvatska\u201c te platforme organizacija udru\u017eenih u borbu protiv zaga\u0111enja plastikom, u kojoj djeluje i Greenpeace, odr\u017eali su akciju na Markovom trgu u Zagrebu.<\/p>\n\n<figure class=\"wp-block-image size-large\"><img loading=\"lazy\" decoding=\"async\" width=\"1024\" height=\"683\" src=\"https:\/\/www.greenpeace.org\/static\/planet4-croatia-stateless\/2021\/06\/7a450a7c-greenpeace_bojanharonmarkicevic_25-boja-1024x683.jpg\" alt=\"\" class=\"wp-image-2344\" srcset=\"https:\/\/www.greenpeace.org\/static\/planet4-croatia-stateless\/2021\/06\/7a450a7c-greenpeace_bojanharonmarkicevic_25-boja-1024x683.jpg 1024w, https:\/\/www.greenpeace.org\/static\/planet4-croatia-stateless\/2021\/06\/7a450a7c-greenpeace_bojanharonmarkicevic_25-boja-300x200.jpg 300w, https:\/\/www.greenpeace.org\/static\/planet4-croatia-stateless\/2021\/06\/7a450a7c-greenpeace_bojanharonmarkicevic_25-boja-768x512.jpg 768w, https:\/\/www.greenpeace.org\/static\/planet4-croatia-stateless\/2021\/06\/7a450a7c-greenpeace_bojanharonmarkicevic_25-boja-1536x1024.jpg 1536w, https:\/\/www.greenpeace.org\/static\/planet4-croatia-stateless\/2021\/06\/7a450a7c-greenpeace_bojanharonmarkicevic_25-boja-2048x1366.jpg 2048w, https:\/\/www.greenpeace.org\/static\/planet4-croatia-stateless\/2021\/06\/7a450a7c-greenpeace_bojanharonmarkicevic_25-boja-510x340.jpg 510w\" sizes=\"auto, (max-width: 1024px) 100vw, 1024px\" \/><\/figure>\n\n<p>Zakon prenosi i dijelove direktiva EU o jednokratnoj plastici te napokon zapo\u010dinje period ozbiljnijeg suo\u010davanja s rastu\u0107im problemom one\u010di\u0161\u0107enja okoli\u0161a plastikom. \u201cDrago nam je da je Ministarstvo ustrajalo na zabrani laganih plasti\u010dnih vre\u0107ica koju Sabor sada treba usvojiti, ali \u017eelimo jo\u0161 jednom istaknuti zahtjev da se zabrana pro\u0161iri i na vrlo lagane plasti\u010dne vre\u0107ice, koji je u na\u0161oj peticiji podr\u017ealo vi\u0161e od 65.000 ljudi\u201d, rekla je Petra Andri\u0107, Greenpeaceova voditeljica kampanje protiv jednokratne plastike.<\/p>\n\n<figure class=\"wp-block-image size-large\"><img loading=\"lazy\" decoding=\"async\" width=\"1024\" height=\"683\" src=\"https:\/\/www.greenpeace.org\/static\/planet4-croatia-stateless\/2021\/06\/309187d9-greenpeace_bojanharonmarkicevic_18-1024x683.jpg\" alt=\"\" class=\"wp-image-2346\" srcset=\"https:\/\/www.greenpeace.org\/static\/planet4-croatia-stateless\/2021\/06\/309187d9-greenpeace_bojanharonmarkicevic_18-1024x683.jpg 1024w, https:\/\/www.greenpeace.org\/static\/planet4-croatia-stateless\/2021\/06\/309187d9-greenpeace_bojanharonmarkicevic_18-300x200.jpg 300w, https:\/\/www.greenpeace.org\/static\/planet4-croatia-stateless\/2021\/06\/309187d9-greenpeace_bojanharonmarkicevic_18-768x512.jpg 768w, https:\/\/www.greenpeace.org\/static\/planet4-croatia-stateless\/2021\/06\/309187d9-greenpeace_bojanharonmarkicevic_18-1536x1024.jpg 1536w, https:\/\/www.greenpeace.org\/static\/planet4-croatia-stateless\/2021\/06\/309187d9-greenpeace_bojanharonmarkicevic_18-2048x1366.jpg 2048w, https:\/\/www.greenpeace.org\/static\/planet4-croatia-stateless\/2021\/06\/309187d9-greenpeace_bojanharonmarkicevic_18-510x340.jpg 510w\" sizes=\"auto, (max-width: 1024px) 100vw, 1024px\" \/><\/figure>\n\n<p>Ovaj krovni zakon treba biti \u0161to odre\u0111eniji i ambiciozniji u dijelovima koji se odnose na jednokratnu plastiku. \u201cPropisuje se zabrana desetak artikala, ali va\u017eno je i postaviti konkretan cilj smanjenja potro\u0161nje za one jednokratne plasti\u010dne proizvode koji \u0107e zasad ostati na tr\u017ei\u0161tu &#8211; 50% do 2025. i 80% do 2030. Treba propisati ve\u0107i broj mjera za razvoj sustava za vi\u0161ekratnu uporabu koji mo\u017ee u\u010dinkovito zamijeniti jednokratne proizvode i otvoriti brojna zelena radna mjesta\u201d, dodala je Andri\u0107.<\/p>\n\n<p>Va\u017eno je da ovaj zakon postavi temelje koji \u0107e onemogu\u0107iti da se poslovni sektor prebaci na druge materijale za jednokratnu upotrebu, poput papira, bioplastike i sl., nego da okosnica budu predmeti za vi\u0161ekratnu upotrebu i sustavi za ponovno punjenje. Do svoje kona\u010dne verzije, ovaj zakon mora biti ambiciozniji i pokazati stvarnu namjeru da se suo\u010dimo s rastu\u0107im problemom one\u010di\u0161\u0107enja plastikom.<\/p>\n\n<figure class=\"wp-block-image size-large\"><img loading=\"lazy\" decoding=\"async\" width=\"1024\" height=\"683\" src=\"https:\/\/www.greenpeace.org\/static\/planet4-croatia-stateless\/2021\/06\/bd01e3c5-greenpeace_bojanharonmarkicevic_09-1024x683.jpg\" alt=\"\" class=\"wp-image-2345\" srcset=\"https:\/\/www.greenpeace.org\/static\/planet4-croatia-stateless\/2021\/06\/bd01e3c5-greenpeace_bojanharonmarkicevic_09-1024x683.jpg 1024w, https:\/\/www.greenpeace.org\/static\/planet4-croatia-stateless\/2021\/06\/bd01e3c5-greenpeace_bojanharonmarkicevic_09-300x200.jpg 300w, https:\/\/www.greenpeace.org\/static\/planet4-croatia-stateless\/2021\/06\/bd01e3c5-greenpeace_bojanharonmarkicevic_09-768x512.jpg 768w, https:\/\/www.greenpeace.org\/static\/planet4-croatia-stateless\/2021\/06\/bd01e3c5-greenpeace_bojanharonmarkicevic_09-1536x1024.jpg 1536w, https:\/\/www.greenpeace.org\/static\/planet4-croatia-stateless\/2021\/06\/bd01e3c5-greenpeace_bojanharonmarkicevic_09-2048x1366.jpg 2048w, https:\/\/www.greenpeace.org\/static\/planet4-croatia-stateless\/2021\/06\/bd01e3c5-greenpeace_bojanharonmarkicevic_09-510x340.jpg 510w\" sizes=\"auto, (max-width: 1024px) 100vw, 1024px\" \/><\/figure>\n\n<p>Predstavnici i predstavnice mre\u017ee udruga i inicijativa \u201eZero Waste Hrvatska\u201c fokusirali su se na krovnu temu zakona &#8211; gospodarenje otpadom te naglasili u kojim sve dijelovima o\u010dekuju pobolj\u0161anja ovog Zakona prije njegove finalizacije. \u201eMjere i ciljevi novog zakona moraju biti usmjereni na zabranu nepotrebnih jednokratnih proizvoda te razvoj u\u010dinkovitih sustava prevencije nastanka, recikliranja, kompostiranja i ponovne uporabe\u201c, izjavio je Marko Ko\u0161ak iz Zelene akcije. Detaljnije o temi gospodarenja otpadom u <a href=\"https:\/\/zelena-akcija.hr\/hr\/programi\/otpad\/novi_zakon_o_otpadu_bez_ambicija_luzerska_tradicija\">priop\u0107enju Zelene akcije<\/a>.&nbsp;<\/p>\n\n<p><em>U ime Platforme za borbu protiv zaga\u0111enja plastikom:<\/em><\/p>\n\n<ul class=\"wp-block-list\"><li><em>Greenpeace Hrvatska<\/em><\/li><li><em>Zelena akcija<\/em><\/li><li><em>Zelena Istra<\/em><\/li><li><em>Sunce<\/em><\/li><li><em>Tatavaka<\/em><\/li><\/ul>\n","protected":false},"excerpt":{"rendered":"<p>Uo\u010di dana\u0161nje sjednice na kojoj \u0107e biti prvo \u010ditanje Zakona, predstavnici mre\u017ee udruga i inicijativa \u201eZero Waste Hrvatska\u201c te platforme organizacija udru\u017eenih u borbu protiv zaga\u0111enja plastikom, u kojoj djeluje i Greenpeace, odr\u017eali su akciju na Markovom trgu u Zagrebu.<\/p>\n","protected":false},"author":26,"featured_media":2344,"comment_status":"open","ping_status":"open","sticky":false,"template":"","format":"standard","meta":{"ep_exclude_from_search":false,"p4_og_title":"","p4_og_description":"","p4_og_image":"","p4_og_image_id":"","p4_seo_canonical_url":"","p4_campaign_name":"not set","p4_local_project":"not set","p4_basket_name":"not set","p4_department":"","footnotes":""},"categories":[31],"tags":[22,26],"p4-page-type":[46],"class_list":["post-2343","post","type-post","status-publish","format-standard","has-post-thumbnail","hentry","category-ne-plastici","tag-jednokratnaplastika","tag-necuvrecu","p4-page-type-vijest"],"_links":{"self":[{"href":"https:\/\/www.greenpeace.org\/croatia\/wp-json\/wp\/v2\/posts\/2343","targetHints":{"allow":["GET"]}}],"collection":[{"href":"https:\/\/www.greenpeace.org\/croatia\/wp-json\/wp\/v2\/posts"}],"about":[{"href":"https:\/\/www.greenpeace.org\/croatia\/wp-json\/wp\/v2\/types\/post"}],"author":[{"embeddable":true,"href":"https:\/\/www.greenpeace.org\/croatia\/wp-json\/wp\/v2\/users\/26"}],"replies":[{"embeddable":true,"href":"https:\/\/www.greenpeace.org\/croatia\/wp-json\/wp\/v2\/comments?post=2343"}],"version-history":[{"count":9,"href":"https:\/\/www.greenpeace.org\/croatia\/wp-json\/wp\/v2\/posts\/2343\/revisions"}],"predecessor-version":[{"id":2356,"href":"https:\/\/www.greenpeace.org\/croatia\/wp-json\/wp\/v2\/posts\/2343\/revisions\/2356"}],"wp:featuredmedia":[{"embeddable":true,"href":"https:\/\/www.greenpeace.org\/croatia\/wp-json\/wp\/v2\/media\/2344"}],"wp:attachment":[{"href":"https:\/\/www.greenpeace.org\/croatia\/wp-json\/wp\/v2\/media?parent=2343"}],"wp:term":[{"taxonomy":"category","embeddable":true,"href":"https:\/\/www.greenpeace.org\/croatia\/wp-json\/wp\/v2\/categories?post=2343"},{"taxonomy":"post_tag","embeddable":true,"href":"https:\/\/www.greenpeace.org\/croatia\/wp-json\/wp\/v2\/tags?post=2343"},{"taxonomy":"p4-page-type","embeddable":true,"href":"https:\/\/www.greenpeace.org\/croatia\/wp-json\/wp\/v2\/p4-page-type?post=2343"}],"curies":[{"name":"wp","href":"https:\/\/api.w.org\/{rel}","templated":true}]}}