{"id":2590,"date":"2021-10-16T12:13:46","date_gmt":"2021-10-16T10:13:46","guid":{"rendered":"https:\/\/www.greenpeace.org\/croatia\/?p=2590"},"modified":"2024-09-20T17:58:43","modified_gmt":"2024-09-20T15:58:43","slug":"plinska-platforma-ivana-d-nakon-316-dana-jos-uvijek-na-dnu-plinskom-biznisu-profit-jadranu-otpad","status":"publish","type":"post","link":"https:\/\/www.greenpeace.org\/croatia\/plinska-platforma-ivana-d-nakon-316-dana-jos-uvijek-na-dnu-plinskom-biznisu-profit-jadranu-otpad\/","title":{"rendered":"Plinska platforma Ivana D nakon 316 dana jo\u0161 uvijek na dnu: Plinskom biznisu profit, Jadranu otpad!"},"content":{"rendered":"\n<p>Rijeka, 16. listopada &#8211; <strong>Gotovo godinu dana nakon \u0161to je u Jadranskom moru potonula<\/strong> <strong>INA-ina plinska platforma, aktivisti Greenpeacea su na glasovitom brodu Arctic Sunrise u blizini olupine razvili transparent duga\u010dak 23 metra s natpisom &#8220;Plinskom biznisu profit, Jadranu otpad&#8221;. Od hrvatskih vlasti zatra\u017eili su hitno rje\u0161avanje pitanja zastarjele plinske infrastrukture i upozorili na opasnost od istjecanja metana tijekom eksploatacije fosilnog plina koji zna\u010dajno doprinosi klimatskoj krizi. Skrenuli su pozornost na <u><a rel=\"noreferrer noopener\" href=\"https:\/\/act.greenpeace.org\/page\/85934\/petition\/1\" target=\"_blank\">peticiju europske gra\u0111anske inicijative <\/a><\/u>(ECI) kojom se tra\u017ei zabrana ogla\u0161avanja svih fosilnih goriva i promocija fosilnog plina kao ekolo\u0161ki prihvatljivog.<\/strong><\/p>\n\n<figure class=\"wp-block-image size-large\"><img loading=\"lazy\" decoding=\"async\" width=\"1024\" height=\"698\" src=\"https:\/\/www.greenpeace.org\/static\/planet4-croatia-stateless\/2021\/10\/cefc215f-fossil-gas-protest-in-the-adriatic-c-dorina-de-jonge_greenpeace-1024x698.jpg\" alt=\"\" class=\"wp-image-2592\" srcset=\"https:\/\/www.greenpeace.org\/static\/planet4-croatia-stateless\/2021\/10\/cefc215f-fossil-gas-protest-in-the-adriatic-c-dorina-de-jonge_greenpeace-1024x698.jpg 1024w, https:\/\/www.greenpeace.org\/static\/planet4-croatia-stateless\/2021\/10\/cefc215f-fossil-gas-protest-in-the-adriatic-c-dorina-de-jonge_greenpeace-300x205.jpg 300w, https:\/\/www.greenpeace.org\/static\/planet4-croatia-stateless\/2021\/10\/cefc215f-fossil-gas-protest-in-the-adriatic-c-dorina-de-jonge_greenpeace-768x524.jpg 768w, https:\/\/www.greenpeace.org\/static\/planet4-croatia-stateless\/2021\/10\/cefc215f-fossil-gas-protest-in-the-adriatic-c-dorina-de-jonge_greenpeace-1536x1047.jpg 1536w, https:\/\/www.greenpeace.org\/static\/planet4-croatia-stateless\/2021\/10\/cefc215f-fossil-gas-protest-in-the-adriatic-c-dorina-de-jonge_greenpeace-2048x1396.jpg 2048w, https:\/\/www.greenpeace.org\/static\/planet4-croatia-stateless\/2021\/10\/cefc215f-fossil-gas-protest-in-the-adriatic-c-dorina-de-jonge_greenpeace-2003x1366.jpg 2003w, https:\/\/www.greenpeace.org\/static\/planet4-croatia-stateless\/2021\/10\/cefc215f-fossil-gas-protest-in-the-adriatic-c-dorina-de-jonge_greenpeace-499x340.jpg 499w\" sizes=\"auto, (max-width: 1024px) 100vw, 1024px\" \/><figcaption>\u00a9 D. De Joung \/ Greenpeace<\/figcaption><\/figure>\n\n<p>Plinska platforma Ivana D koja pripada INA-i, prona\u0111ena je krajem pro\u0161le godine na 43 metra ispod povr\u0161ine mora 50 kilometara od Pule. \u201c<em>Prvo smo imali situaciju da plinska platforma nestane i nitko od nadle\u017enih danima nema pojma gdje je nestala, a sad se \u010dini da ta \u017eeljezna grdosija ostaje na dnu Jadrana. INA, uz o\u010diti blagoslov i nemar vlasti, ne uspijeva ukloniti ostatke s morskog dna i zanemaruje znanstveno dokazane prijetnje istjecanjem plina.<a href=\"#_ftn1\"><sup>[1]<\/sup><\/a>&nbsp; Odgovorni nas uvjeravaju da je bu\u0161otina Ivana D zatvorena &#8211; na isti na\u010din uvjeravani smo da je sam proces eksploatacije siguran i \u010dist, unato\u010d brojnim zabilje\u017eenim curenjima metana diljem Europe<\/em>\u201d, izjavila je <strong>Petra Andri\u0107 iz Greenpeacea<\/strong>.<\/p>\n\n<p>Da je plin itekako \u0161tetno i opasno fosilno gorivo, upozoravaju i Greenpeaceovi aktivisti i volonteri, koji ovog vikenda u Rijeci prikupljaju potpise za peticiju europske gra\u0111anske inicijative (ECI), kojom se tra\u017ei novi zakon koji bi zabranio ogla\u0161avanje fosilnih goriva i sponzorstava povezanih s njima u Europskoj uniji. Uz Greenpeace, inicijativu je pokrenulo vi\u0161e od 20 europskih organizacija<a href=\"#_ftn2\"><sup>[2]<\/sup><\/a> R. Cilj je prikupiti milijun potpisa u jednoj godini nakon \u010dega je Europska komisija du\u017ena odgovoriti i razmotriti implementaciju zahtjeva u europski zakon. Vi\u0161e o ECI-ju i kako potpisati peticiju mo\u017ee se prona\u0107i <a rel=\"noreferrer noopener\" href=\"https:\/\/act.greenpeace.org\/page\/85934\/petition\/1\" target=\"_blank\"><strong>OVDJE<\/strong>.<\/a><\/p>\n\n<figure class=\"wp-block-image size-large\"><img loading=\"lazy\" decoding=\"async\" width=\"1024\" height=\"684\" src=\"https:\/\/www.greenpeace.org\/static\/planet4-croatia-stateless\/2021\/10\/f3c9b4f9-branka-keser_greenpeace-1024x684.jpg\" alt=\"\" class=\"wp-image-2593\" srcset=\"https:\/\/www.greenpeace.org\/static\/planet4-croatia-stateless\/2021\/10\/f3c9b4f9-branka-keser_greenpeace-1024x684.jpg 1024w, https:\/\/www.greenpeace.org\/static\/planet4-croatia-stateless\/2021\/10\/f3c9b4f9-branka-keser_greenpeace-300x200.jpg 300w, https:\/\/www.greenpeace.org\/static\/planet4-croatia-stateless\/2021\/10\/f3c9b4f9-branka-keser_greenpeace-768x513.jpg 768w, https:\/\/www.greenpeace.org\/static\/planet4-croatia-stateless\/2021\/10\/f3c9b4f9-branka-keser_greenpeace-1536x1025.jpg 1536w, https:\/\/www.greenpeace.org\/static\/planet4-croatia-stateless\/2021\/10\/f3c9b4f9-branka-keser_greenpeace-510x340.jpg 510w, https:\/\/www.greenpeace.org\/static\/planet4-croatia-stateless\/2021\/10\/f3c9b4f9-branka-keser_greenpeace.jpg 2000w\" sizes=\"auto, (max-width: 1024px) 100vw, 1024px\" \/><figcaption>\u00a9 B. Keser \/ Greenpeace<\/figcaption><\/figure>\n\n<p><a href=\"https:\/\/act.greenpeace.org\/page\/85934\/petition\/1\" target=\"_blank\" rel=\"noreferrer noopener\">\u201c<\/a><em><a href=\"https:\/\/act.greenpeace.org\/page\/85934\/petition\/1\" target=\"_blank\" rel=\"noreferrer noopener\">Plin se ne smije ogla\u0161avati kao \u201cprirodan\u201d ili \u201czelen\u201d. <\/a>Istina je da fosilni plin prilikom gorenja emitira manje uglji\u010dnog dioksida od ugljena i drugih fosilnih goriva, ali nije istina da ga to \u010dini prihvatljivijim tranzicijskim gorivom od ugljena ili nafte. Jer postoji zamka: metan, glavna komponenta fosilnog plina, daleko je sna\u017eniji stakleni\u010dki plin od uglji\u010dnog dioksida<\/em>.\u201d, dodala je Andri\u0107.<\/p>\n\n<p>Znanstvena istra\u017eivanja alarmiraju na istjecanja metana tijekom crpljenja, transporta i skladi\u0161tenja fosilnog plina. Studije pokazuju je da je metan, kada se ispusti u atmosferu, 84 puta sna\u017eniji stakleni\u010dki plin od uglji\u010dnog dioksida, u periodu od 20 godina.<a href=\"#_ftn3\"><sup>[3]<\/sup><\/a><\/p>\n\n<figure class=\"wp-block-image size-large\"><img loading=\"lazy\" decoding=\"async\" width=\"1024\" height=\"684\" src=\"https:\/\/www.greenpeace.org\/static\/planet4-croatia-stateless\/2021\/10\/a8eb9420-branka-keser_greenpeace_mj0_2224-1-1024x684.jpg\" alt=\"\" class=\"wp-image-2595\" srcset=\"https:\/\/www.greenpeace.org\/static\/planet4-croatia-stateless\/2021\/10\/a8eb9420-branka-keser_greenpeace_mj0_2224-1-1024x684.jpg 1024w, https:\/\/www.greenpeace.org\/static\/planet4-croatia-stateless\/2021\/10\/a8eb9420-branka-keser_greenpeace_mj0_2224-1-300x200.jpg 300w, https:\/\/www.greenpeace.org\/static\/planet4-croatia-stateless\/2021\/10\/a8eb9420-branka-keser_greenpeace_mj0_2224-1-768x513.jpg 768w, https:\/\/www.greenpeace.org\/static\/planet4-croatia-stateless\/2021\/10\/a8eb9420-branka-keser_greenpeace_mj0_2224-1-1536x1025.jpg 1536w, https:\/\/www.greenpeace.org\/static\/planet4-croatia-stateless\/2021\/10\/a8eb9420-branka-keser_greenpeace_mj0_2224-1-510x340.jpg 510w, https:\/\/www.greenpeace.org\/static\/planet4-croatia-stateless\/2021\/10\/a8eb9420-branka-keser_greenpeace_mj0_2224-1.jpg 2000w\" sizes=\"auto, (max-width: 1024px) 100vw, 1024px\" \/><figcaption>\u00a9 B. Keser \/ Greenpeace<\/figcaption><\/figure>\n\n<p>\u201c<em>Plin podsti\u010de klimatsku krizu, ba\u0161 kao i ugljen i nafta. Vlasti diljem svijeta moraju prestati financirati novu plinsku infrastrukturu javnim novcem, po\u010deti ulagati u tranziciju prema \u010distoj, obnovljivoj energiji u globalnim razmjerima i postupno ukinuti sva fosilna goriva. To je jedini na\u010din da izbjegnemo klimatsku katastrofu prema kojoj se jako brzo kre\u0107emo<\/em>&#8220;, izjavila je <strong>Joanna Flisowska, voditeljica europske Greenpeaceove kampanje protiv plina<\/strong>.<\/p>\n\n<p>\u201c<em>Greenpeace zahtijeva od hrvatske vlade da hitno ispita sve odobalne plinske platforme i eventualno istjecanje metana na njima te o rezultatima odmah i potpuno obavijesti javnost. Nakon toga Vlada mora zabraniti nova ulaganja u fosilnu infrastrukturu na Jadranu te se okrenuti obnovljivim izvorima energije, prije svega solarima. Hrvatska je jedna od najsun\u010danijih zemalja u Europi, s potencijalom na vrhu, a po kori\u0161tenju solarne energije na dnu. To se radikalno mora promijeniti, i to je put &#8211; jadransko sunce, a ne fosilni plin<\/em>&#8220;, zaklju\u010dila je Petra Andri\u0107.<\/p>\n\n<p>Na istom tragu razmi\u0161lja i <strong>dr. sc. Nikola Bili\u0161kov, \u010dlan inicijative Znanstvenici za klimu<\/strong> te isti\u010de kako je prirodni plin samo manipulativna kovanica. \u201c<em>Nikako ga ne mo\u017eemo smatrati spasiteljem klime. Sama \u010dinjenica da je neizbje\u017eni produkt njegovog izgaranja CO2, dakle stakleni\u010dki plin koji je prete\u017eni uzro\u010dnik aktualnih klimatskih promjena, \u010dini ga neprihvatljivim. Ako nam je doista cilj posti\u0107i uglji\u010dnu neutralnost, plin moramo, uz ostala fosilna goriva, ostaviti u njegovim le\u017ei\u0161tima<\/em>!\u201d<\/p>\n\n<figure class=\"wp-block-image size-large\"><img loading=\"lazy\" decoding=\"async\" width=\"1024\" height=\"684\" src=\"https:\/\/www.greenpeace.org\/static\/planet4-croatia-stateless\/2021\/10\/42fec4dd-fossil-gas-protest-in-the-adriatic-2-c-gregor-gobec_greenpeace-1-1024x684.jpg\" alt=\"\" class=\"wp-image-2594\" srcset=\"https:\/\/www.greenpeace.org\/static\/planet4-croatia-stateless\/2021\/10\/42fec4dd-fossil-gas-protest-in-the-adriatic-2-c-gregor-gobec_greenpeace-1-1024x684.jpg 1024w, https:\/\/www.greenpeace.org\/static\/planet4-croatia-stateless\/2021\/10\/42fec4dd-fossil-gas-protest-in-the-adriatic-2-c-gregor-gobec_greenpeace-1-300x200.jpg 300w, https:\/\/www.greenpeace.org\/static\/planet4-croatia-stateless\/2021\/10\/42fec4dd-fossil-gas-protest-in-the-adriatic-2-c-gregor-gobec_greenpeace-1-768x513.jpg 768w, https:\/\/www.greenpeace.org\/static\/planet4-croatia-stateless\/2021\/10\/42fec4dd-fossil-gas-protest-in-the-adriatic-2-c-gregor-gobec_greenpeace-1-1536x1026.jpg 1536w, https:\/\/www.greenpeace.org\/static\/planet4-croatia-stateless\/2021\/10\/42fec4dd-fossil-gas-protest-in-the-adriatic-2-c-gregor-gobec_greenpeace-1-2048x1368.jpg 2048w, https:\/\/www.greenpeace.org\/static\/planet4-croatia-stateless\/2021\/10\/42fec4dd-fossil-gas-protest-in-the-adriatic-2-c-gregor-gobec_greenpeace-1-2045x1366.jpg 2045w, https:\/\/www.greenpeace.org\/static\/planet4-croatia-stateless\/2021\/10\/42fec4dd-fossil-gas-protest-in-the-adriatic-2-c-gregor-gobec_greenpeace-1-510x340.jpg 510w\" sizes=\"auto, (max-width: 1024px) 100vw, 1024px\" \/><figcaption>\u00a9 G. Gobec \/ Greenpeace<\/figcaption><\/figure>\n\n<hr class=\"wp-block-separator\"\/>\n\n<p><a href=\"#_ftnref1\"><sup>[1]<\/sup><\/a> <a href=\"https:\/\/www.iea.org\/articles\/global-methane-emissions-from-oil-and-gas\" target=\"_blank\" rel=\"noreferrer noopener\">https:\/\/www.iea.org\/articles\/global-methane-emissions-from-oil-and-gas<\/a><\/p>\n\n<p><a href=\"#_ftnref2\"><sup>[2]<\/sup><\/a> Me\u0111unarodna akcija povodom lansiranja europske gra\u0111anske inicijative (ECI) &#8211; <a href=\"https:\/\/act.gp\/3vi1KJ2\" target=\"_blank\" rel=\"noreferrer noopener\">https:\/\/act.gp\/3vi1KJ2<\/a><\/p>\n\n<p><a href=\"#_ftnref3\"><sup>[3]<\/sup><\/a> <a href=\"https:\/\/www.ipcc.ch\/site\/assets\/uploads\/2018\/02\/SYR_AR5_FINAL_full.pdf\" target=\"_blank\" rel=\"noreferrer noopener\">https:\/\/www.ipcc.ch\/site\/assets\/uploads\/2018\/02\/SYR_AR5_FINAL_full.pdf<\/a><\/p>\n<div class=\"EmptyMessage\">Block content is empty. Check the block&#8217;s settings or remove it.<\/div>","protected":false},"excerpt":{"rendered":"<p>Rijeka, 16. listopada &#8211; Gotovo godinu dana nakon \u0161to je u Jadranskom moru potonula INA-ina plinska platforma, aktivisti Greenpeacea su na glasovitom brodu Arctic Sunrise u blizini olupine razvili transparent&hellip;<\/p>\n","protected":false},"author":33,"featured_media":2592,"comment_status":"open","ping_status":"open","sticky":false,"template":"","format":"standard","meta":{"ep_exclude_from_search":false,"p4_og_title":"","p4_og_description":"","p4_og_image":"","p4_og_image_id":"","p4_seo_canonical_url":"","p4_campaign_name":"not set","p4_local_project":"not set","p4_basket_name":"not set","p4_department":"","footnotes":""},"categories":[29],"tags":[56,24,62],"p4-page-type":[14],"class_list":["post-2590","post","type-post","status-publish","format-standard","has-post-thumbnail","hentry","category-klima-i-energija","tag-fosilniplin","tag-klimatskepromjene","tag-ivanad","p4-page-type-pr"],"_links":{"self":[{"href":"https:\/\/www.greenpeace.org\/croatia\/wp-json\/wp\/v2\/posts\/2590","targetHints":{"allow":["GET"]}}],"collection":[{"href":"https:\/\/www.greenpeace.org\/croatia\/wp-json\/wp\/v2\/posts"}],"about":[{"href":"https:\/\/www.greenpeace.org\/croatia\/wp-json\/wp\/v2\/types\/post"}],"author":[{"embeddable":true,"href":"https:\/\/www.greenpeace.org\/croatia\/wp-json\/wp\/v2\/users\/33"}],"replies":[{"embeddable":true,"href":"https:\/\/www.greenpeace.org\/croatia\/wp-json\/wp\/v2\/comments?post=2590"}],"version-history":[{"count":6,"href":"https:\/\/www.greenpeace.org\/croatia\/wp-json\/wp\/v2\/posts\/2590\/revisions"}],"predecessor-version":[{"id":2693,"href":"https:\/\/www.greenpeace.org\/croatia\/wp-json\/wp\/v2\/posts\/2590\/revisions\/2693"}],"wp:featuredmedia":[{"embeddable":true,"href":"https:\/\/www.greenpeace.org\/croatia\/wp-json\/wp\/v2\/media\/2592"}],"wp:attachment":[{"href":"https:\/\/www.greenpeace.org\/croatia\/wp-json\/wp\/v2\/media?parent=2590"}],"wp:term":[{"taxonomy":"category","embeddable":true,"href":"https:\/\/www.greenpeace.org\/croatia\/wp-json\/wp\/v2\/categories?post=2590"},{"taxonomy":"post_tag","embeddable":true,"href":"https:\/\/www.greenpeace.org\/croatia\/wp-json\/wp\/v2\/tags?post=2590"},{"taxonomy":"p4-page-type","embeddable":true,"href":"https:\/\/www.greenpeace.org\/croatia\/wp-json\/wp\/v2\/p4-page-type?post=2590"}],"curies":[{"name":"wp","href":"https:\/\/api.w.org\/{rel}","templated":true}]}}