{"id":2820,"date":"2022-06-01T13:20:31","date_gmt":"2022-06-01T11:20:31","guid":{"rendered":"https:\/\/www.greenpeace.org\/croatia\/?p=2820"},"modified":"2023-12-20T18:03:53","modified_gmt":"2023-12-20T16:03:53","slug":"cuveni-greenpeaceov-brod-rainbow-warrior-stigao-u-sibenik","status":"publish","type":"post","link":"https:\/\/www.greenpeace.org\/croatia\/cuveni-greenpeaceov-brod-rainbow-warrior-stigao-u-sibenik\/","title":{"rendered":"\u010cuveni Greenpeaceov brod Rainbow Warrior stigao u \u0160ibenik!"},"content":{"rendered":"\n<p><strong>\u0160ibenik, 1. lipnja &#8211; Najpoznatiji Greenpeaceov brod, jedrenjak Rainbow Warrior, nakon 2014. i 2017. ponovno je u posjetu Hrvatskoj. Brod \u0107e biti otvoren za javnost i razgledavanje od 2. do 4. lipnja u smjenama od 9 do 11 i 17 do 20 sati. Rainbow Warrior \u0107e ovom prilikom promovirati peticiju<\/strong><a rel=\"noreferrer noopener\" href=\"https:\/\/act.greenpeace.hr\/zaustavimo-fosilne-reklame\" target=\"_blank\"><strong> europske gra\u0111anske inicijative<\/strong><\/a><strong> (European Citizens&#8217; Initiative &#8211; ECI) kojom se \u017eeli zabraniti ogla\u0161avanje fosilnih goriva i sponzorstva povezana s njima. Tre\u0107i posjet Rainbow Warriora Hrvatskoj ujedno je i prilika da se obilje\u017ei deseta godi\u0161njica Greenpeacea u Hrvatskoj, koji je po\u010deo s radom u lipnju 2012. godine.<\/strong><\/p>\n\n<p>Rainbow Warrior je prvi brod koji je posebno projektiran i izgra\u0111en za Greenpeace. Brod prvenstveno plovi koriste\u0107i jedra. Njegov sustav jarbola u obliku slova A visok \u010dak 55 metara omogu\u0107uje kori\u0161tenje mnogo ve\u0107e povr\u0161ine jedara od uobi\u010dajenih jarbola iste veli\u010dine.<\/p>\n\n<p>Zapovjednica Hettie Geenen s brodom je ve\u0107 posjetila Hrvatsku 2014. godine.<\/p>\n\n<p>Tik uz Rainbow Warrior u \u0161ibenskoj luci gra\u0111anke i gra\u0111ani mo\u0107i \u0107e se pridru\u017eiti europskoj gra\u0111anskoj inicijativi potpisivanjem peticije na \u0161tandu Greenpeacea odnosno potpisom<a rel=\"noreferrer noopener\" href=\"https:\/\/act.greenpeace.hr\/zaustavimo-fosilne-reklame\" target=\"_blank\"> online verzije peticije<\/a>.<\/p>\n\n<hr class=\"wp-block-separator has-css-opacity\"\/>\n\n<figure class=\"wp-block-image size-large\"><img loading=\"lazy\" decoding=\"async\" width=\"945\" height=\"1024\" src=\"https:\/\/www.greenpeace.org\/static\/planet4-croatia-stateless\/2022\/06\/dc172bde-macro_rainbow-warrior-u-sibeniku-c-945x1024.jpg\" alt=\"\" class=\"wp-image-2821\" srcset=\"https:\/\/www.greenpeace.org\/static\/planet4-croatia-stateless\/2022\/06\/dc172bde-macro_rainbow-warrior-u-sibeniku-c-945x1024.jpg 945w, https:\/\/www.greenpeace.org\/static\/planet4-croatia-stateless\/2022\/06\/dc172bde-macro_rainbow-warrior-u-sibeniku-c-277x300.jpg 277w, https:\/\/www.greenpeace.org\/static\/planet4-croatia-stateless\/2022\/06\/dc172bde-macro_rainbow-warrior-u-sibeniku-c-768x832.jpg 768w, https:\/\/www.greenpeace.org\/static\/planet4-croatia-stateless\/2022\/06\/dc172bde-macro_rainbow-warrior-u-sibeniku-c-314x340.jpg 314w, https:\/\/www.greenpeace.org\/static\/planet4-croatia-stateless\/2022\/06\/dc172bde-macro_rainbow-warrior-u-sibeniku-c.jpg 1200w\" sizes=\"auto, (max-width: 945px) 100vw, 945px\" \/><\/figure>\n","protected":false},"excerpt":{"rendered":"<p>\u0160ibenik, 1. lipnja &#8211; Najpoznatiji Greenpeaceov brod, jedrenjak Rainbow Warrior, nakon 2014. i 2017. ponovno je u posjetu Hrvatskoj. Brod \u0107e biti otvoren za javnost i razgledavanje od 2. do&hellip;<\/p>\n","protected":false},"author":33,"featured_media":2821,"comment_status":"open","ping_status":"open","sticky":false,"template":"","format":"standard","meta":{"ep_exclude_from_search":false,"p4_og_title":"","p4_og_description":"","p4_og_image":"","p4_og_image_id":"","p4_seo_canonical_url":"","p4_campaign_name":"not set","p4_local_project":"not set","p4_basket_name":"not set","p4_department":"","footnotes":""},"categories":[29],"tags":[24,27],"p4-page-type":[14],"class_list":["post-2820","post","type-post","status-publish","format-standard","has-post-thumbnail","hentry","category-klima-i-energija","tag-klimatskepromjene","tag-fosilnagoriva","p4-page-type-pr"],"_links":{"self":[{"href":"https:\/\/www.greenpeace.org\/croatia\/wp-json\/wp\/v2\/posts\/2820","targetHints":{"allow":["GET"]}}],"collection":[{"href":"https:\/\/www.greenpeace.org\/croatia\/wp-json\/wp\/v2\/posts"}],"about":[{"href":"https:\/\/www.greenpeace.org\/croatia\/wp-json\/wp\/v2\/types\/post"}],"author":[{"embeddable":true,"href":"https:\/\/www.greenpeace.org\/croatia\/wp-json\/wp\/v2\/users\/33"}],"replies":[{"embeddable":true,"href":"https:\/\/www.greenpeace.org\/croatia\/wp-json\/wp\/v2\/comments?post=2820"}],"version-history":[{"count":2,"href":"https:\/\/www.greenpeace.org\/croatia\/wp-json\/wp\/v2\/posts\/2820\/revisions"}],"predecessor-version":[{"id":3530,"href":"https:\/\/www.greenpeace.org\/croatia\/wp-json\/wp\/v2\/posts\/2820\/revisions\/3530"}],"wp:featuredmedia":[{"embeddable":true,"href":"https:\/\/www.greenpeace.org\/croatia\/wp-json\/wp\/v2\/media\/2821"}],"wp:attachment":[{"href":"https:\/\/www.greenpeace.org\/croatia\/wp-json\/wp\/v2\/media?parent=2820"}],"wp:term":[{"taxonomy":"category","embeddable":true,"href":"https:\/\/www.greenpeace.org\/croatia\/wp-json\/wp\/v2\/categories?post=2820"},{"taxonomy":"post_tag","embeddable":true,"href":"https:\/\/www.greenpeace.org\/croatia\/wp-json\/wp\/v2\/tags?post=2820"},{"taxonomy":"p4-page-type","embeddable":true,"href":"https:\/\/www.greenpeace.org\/croatia\/wp-json\/wp\/v2\/p4-page-type?post=2820"}],"curies":[{"name":"wp","href":"https:\/\/api.w.org\/{rel}","templated":true}]}}