{"id":2894,"date":"2022-08-30T12:46:08","date_gmt":"2022-08-30T10:46:08","guid":{"rendered":"https:\/\/www.greenpeace.org\/croatia\/?p=2894"},"modified":"2022-08-30T12:52:11","modified_gmt":"2022-08-30T10:52:11","slug":"propadanje-pregovora-un-a-o-sporazumu-o-svjetskim-morima-i-produbljivanje-krize-u-kojoj-se-nalaze-svjetska-mora","status":"publish","type":"post","link":"https:\/\/www.greenpeace.org\/croatia\/propadanje-pregovora-un-a-o-sporazumu-o-svjetskim-morima-i-produbljivanje-krize-u-kojoj-se-nalaze-svjetska-mora\/","title":{"rendered":"<strong>Propadanje pregovora UN-a o Sporazumu o svjetskim morima i produbljivanje krize u kojoj se nalaze svjetska mora<\/strong>"},"content":{"rendered":"\n<p><strong>New York, 26. kolovoza 2022.<\/strong> \u2013 Na UN-ovim pregovorima o Sporazumu o svjetskim morima nije postignut dogovor kojim bi se za\u0161titilo 30% svjetskih mora i oceana do 2030., unato\u010d napretku koji je postignut u zadnja dva dana pregovora.&nbsp;<\/p>\n\n<p>Zemlje <a href=\"https:\/\/oceans-and-fisheries.ec.europa.eu\/ocean\/international-ocean-governance\/protecting-ocean-time-action_en\" target=\"_blank\" rel=\"noreferrer noopener\">Koalicije velikih ambicija (engl. <em>High Ambition Coalition<\/em>)<\/a> nisu obavile svoj zadatak na vrijeme i nisu do\u0161le do kompromisa u klju\u010dnim pitanjima poput financija dok nije bilo prekasno. Pregovori su sada prekinuti i potreban je novi krug. Istje\u010de vrijeme za zaklju\u010divanje Sporazuma koji mo\u017ee osigurati uspostavu morskih rezervata i za\u0161titu 30% svjetskih mora do 2030. Od sada pa do 2030. svake je godine potrebno za\u0161tititi 11 milijuna \u010detvornih kilometara kako bi se za\u0161titilo 30% svjetskih mora i oceana u vremenskom razdoblju za koje znanstvenici govore da je neophodno. Zato se ove godine bez odgode mora usvojiti Sporazum o svjetskim morima.\u00a0<\/p>\n\n<figure class=\"wp-block-image size-full\"><img loading=\"lazy\" decoding=\"async\" width=\"800\" height=\"600\" src=\"https:\/\/www.greenpeace.org\/static\/planet4-croatia-stateless\/2022\/08\/0be011e7-gp1suxj3_.jpg\" alt=\"\" class=\"wp-image-2898\" srcset=\"https:\/\/www.greenpeace.org\/static\/planet4-croatia-stateless\/2022\/08\/0be011e7-gp1suxj3_.jpg 800w, https:\/\/www.greenpeace.org\/static\/planet4-croatia-stateless\/2022\/08\/0be011e7-gp1suxj3_-300x225.jpg 300w, https:\/\/www.greenpeace.org\/static\/planet4-croatia-stateless\/2022\/08\/0be011e7-gp1suxj3_-768x576.jpg 768w, https:\/\/www.greenpeace.org\/static\/planet4-croatia-stateless\/2022\/08\/0be011e7-gp1suxj3_-453x340.jpg 453w\" sizes=\"auto, (max-width: 800px) 100vw, 800px\" \/><\/figure>\n\n<p><strong>Laura Meller izjavila je u ime Greenpeaceove kampanje Za\u0161titimo oceane:<\/strong><\/p>\n\n<p>\u201eMora i oceani odr\u017eavaju sav \u017eivot na Zemlji, ali u posljednja dva tjedna, samoprogla\u0161ena Koalicija velikih ambicija nije pokazala dovoljno ambicije sve do posljednjih sati. Zbog toga nisu uspjeli donijeti sna\u017ean Sporazum o svjetskim morima koji mo\u017ee za\u0161tititi otvorena mora. Obe\u0107ali su Sporazum u 2022., a vrijeme samo \u0161to nije isteklo. Ipak, ne bi sva odgovornost trebala pasti na njih, neke druge zemlje namjerno su opstruirale usvajanje. Neuspjeh usvajanja Sporazuma u ovim pregovorima milijardama ljudi diljem svijeta ugro\u017eava uvjete za pre\u017eivljavanje i prehrambenu sigurnost.\u201d<\/p>\n\n<p>\u201eIako je postignut napredak, posebno u pogledu morskih uto\u010di\u0161ta, \u010dlanice Koalicije velikih ambicija i zemlje poput SAD-a presporo su napredovale u pronala\u017eenju kompromisa, unato\u010d tomu \u0161to su se na to obvezale. Vrijeme je isteklo. Daljnje odga\u0111anje zna\u010di uni\u0161tavanje mora. Tu\u017eni smo i razo\u010darani. Iako se razgovori dr\u017eava nastavljaju; mora, oceani i svi koji se na njih oslanjaju u me\u0111uvremenu nastavljaju trpjeti.\u201d<\/p>\n\n<figure class=\"wp-block-image size-large\"><img loading=\"lazy\" decoding=\"async\" width=\"1024\" height=\"683\" src=\"https:\/\/www.greenpeace.org\/static\/planet4-croatia-stateless\/2022\/08\/b4197044-gp1sz4ry_-1024x683.jpg\" alt=\"\" class=\"wp-image-2895\" srcset=\"https:\/\/www.greenpeace.org\/static\/planet4-croatia-stateless\/2022\/08\/b4197044-gp1sz4ry_-1024x683.jpg 1024w, https:\/\/www.greenpeace.org\/static\/planet4-croatia-stateless\/2022\/08\/b4197044-gp1sz4ry_-300x200.jpg 300w, https:\/\/www.greenpeace.org\/static\/planet4-croatia-stateless\/2022\/08\/b4197044-gp1sz4ry_-768x512.jpg 768w, https:\/\/www.greenpeace.org\/static\/planet4-croatia-stateless\/2022\/08\/b4197044-gp1sz4ry_-510x340.jpg 510w, https:\/\/www.greenpeace.org\/static\/planet4-croatia-stateless\/2022\/08\/b4197044-gp1sz4ry_.jpg 1200w\" sizes=\"auto, (max-width: 1024px) 100vw, 1024px\" \/><\/figure>\n\n<p>Dok su neke skupine, poput pacifi\u010dkih i karipskih otoka, vr\u0161ile sna\u017ean pritisak da se Sporazum progura, zemlje globalnog sjevera po\u010dele su raditi na postizanju kompromisa tek u posljednjim danima pregovora, nakon \u0161to je <a href=\"https:\/\/www.greenpeace.org\/usa\/news\/un-ocean-treaty-talks-set-to-fail-because-of-high-ambition-coalition-including-the-united-states-and-canada\/\" target=\"_blank\" rel=\"noreferrer noopener\">u \u010detvrtak [25. kolovoza 2022.] ujutro otkriveno da su pregovori bili na rubu propasti<\/a>.\u00a0<\/p>\n\n<p>Rusija je tako\u0111er bila jedna od klju\u010dnih zemalja u blokiranju pregovora, odbijaju\u0107i se uklju\u010diti u sam proces postizanja Sporazuma ili poku\u0161ati posti\u0107i kompromis s Europskom unijom i mnogim drugim dr\u017eavama u \u0161irem spektru pitanja.&nbsp;<\/p>\n\n<p>Bez posebne izvanredne sjednice za zaklju\u010divanje pregovora o Sporazumu o svjetskim morima prije kraja 2022., bit \u0107e izazovno za\u0161tititi 30% svjetskih mora i oceana do 2030., odnosno ostvariti cilj 30&#215;30 za koji <a href=\"https:\/\/www.greenpeace.org\/croatia\/30-do-30-publikacija\/\" target=\"_blank\" rel=\"noreferrer noopener\">znanstvenici ka\u017eu da je najmanje \u0161to moramo u\u010diniti kako bi se svjetskim morima i oceanima pru\u017eila prilika za oporavak<\/a>.<\/p>\n\n<p><a href=\"https:\/\/media.greenpeace.org\/collection\/27MDHUFLAKQZ\" target=\"_blank\" rel=\"noreferrer noopener\">Na ovoj poveznici nalazi se galerija fotografija i videa.\u00a0<\/a><\/p>\n","protected":false},"excerpt":{"rendered":"<p>Na UN-ovim pregovorima o Sporazumu o svjetskim morima nije postignut dogovor kojim bi se za\u0161titilo 30% svjetskih mora i oceana do 2030.<\/p>\n","protected":false},"author":26,"featured_media":2895,"comment_status":"open","ping_status":"open","sticky":false,"template":"","format":"standard","meta":{"ep_exclude_from_search":false,"p4_og_title":"","p4_og_description":"","p4_og_image":"","p4_og_image_id":"","p4_seo_canonical_url":"","p4_campaign_name":"not set","p4_local_project":"not set","p4_basket_name":"not set","p4_department":"","footnotes":""},"categories":[47],"tags":[48],"p4-page-type":[46],"class_list":["post-2894","post","type-post","status-publish","format-standard","has-post-thumbnail","hentry","category-oceani","tag-zastitimooceane","p4-page-type-vijest"],"_links":{"self":[{"href":"https:\/\/www.greenpeace.org\/croatia\/wp-json\/wp\/v2\/posts\/2894","targetHints":{"allow":["GET"]}}],"collection":[{"href":"https:\/\/www.greenpeace.org\/croatia\/wp-json\/wp\/v2\/posts"}],"about":[{"href":"https:\/\/www.greenpeace.org\/croatia\/wp-json\/wp\/v2\/types\/post"}],"author":[{"embeddable":true,"href":"https:\/\/www.greenpeace.org\/croatia\/wp-json\/wp\/v2\/users\/26"}],"replies":[{"embeddable":true,"href":"https:\/\/www.greenpeace.org\/croatia\/wp-json\/wp\/v2\/comments?post=2894"}],"version-history":[{"count":4,"href":"https:\/\/www.greenpeace.org\/croatia\/wp-json\/wp\/v2\/posts\/2894\/revisions"}],"predecessor-version":[{"id":2900,"href":"https:\/\/www.greenpeace.org\/croatia\/wp-json\/wp\/v2\/posts\/2894\/revisions\/2900"}],"wp:featuredmedia":[{"embeddable":true,"href":"https:\/\/www.greenpeace.org\/croatia\/wp-json\/wp\/v2\/media\/2895"}],"wp:attachment":[{"href":"https:\/\/www.greenpeace.org\/croatia\/wp-json\/wp\/v2\/media?parent=2894"}],"wp:term":[{"taxonomy":"category","embeddable":true,"href":"https:\/\/www.greenpeace.org\/croatia\/wp-json\/wp\/v2\/categories?post=2894"},{"taxonomy":"post_tag","embeddable":true,"href":"https:\/\/www.greenpeace.org\/croatia\/wp-json\/wp\/v2\/tags?post=2894"},{"taxonomy":"p4-page-type","embeddable":true,"href":"https:\/\/www.greenpeace.org\/croatia\/wp-json\/wp\/v2\/p4-page-type?post=2894"}],"curies":[{"name":"wp","href":"https:\/\/api.w.org\/{rel}","templated":true}]}}