{"id":2916,"date":"2022-11-14T13:29:48","date_gmt":"2022-11-14T11:29:48","guid":{"rendered":"https:\/\/www.greenpeace.org\/croatia\/?p=2916"},"modified":"2022-11-14T13:29:50","modified_gmt":"2022-11-14T11:29:50","slug":"greenpeaceov-prosvjed-kod-plinovoda-omisalj-zlobin-180-milijuna-eura-treba-se-uloziti-u-obnovljive-izvore-energije-ne-u-fosilni-plin","status":"publish","type":"post","link":"https:\/\/www.greenpeace.org\/croatia\/greenpeaceov-prosvjed-kod-plinovoda-omisalj-zlobin-180-milijuna-eura-treba-se-uloziti-u-obnovljive-izvore-energije-ne-u-fosilni-plin\/","title":{"rendered":"Greenpeaceov prosvjed kod plinovoda Omi\u0161alj-Zlobin: 180 milijuna eura treba se ulo\u017eiti u obnovljive izvore energije, ne u fosilni plin!"},"content":{"rendered":"\n<p><strong>KRK, 14. studenog 2022. &#8211; Greenpeaceovi kajaktivisti jutros su kod Kr\u010dkog mosta, a tijekom odr\u017eavanja UN-ove konferencije o klimatskim promjenama COP27, prosvjedovali protiv Vladine odluke o pove\u0107anju kapaciteta LNG terminala u Omi\u0161lju i izgradnji plinovoda Zlobin-Bosiljevo, u \u0161to se planira ulo\u017eiti 180 milijuna eura. Prosvjeduju\u0107i u neposrednoj blizini postoje\u0107eg plinovoda, pozvali su Vladu na zaokret od 180 stupnjeva u energetskoj politici tra\u017ee\u0107i da se sredstva ula\u017eu u obnovljive izvore energije i energetsku u\u010dinkovitost. Jo\u0161 jednom su podsjetili da Hrvatska ima izuzetan potencijal koji se nedovoljno iskori\u0161tava, poru\u010div\u0161i: \u201cPlin u pro\u0161lost, budu\u0107nost je obnovljiva!\u201d<\/strong><\/p>\n\n<figure class=\"wp-block-image size-large\"><img loading=\"lazy\" decoding=\"async\" width=\"1024\" height=\"682\" src=\"https:\/\/www.greenpeace.org\/static\/planet4-croatia-stateless\/2022\/11\/e52346f8-greenpeace_bojan_haron_markievic_01-1024x682.jpg\" alt=\"\" class=\"wp-image-2918\" srcset=\"https:\/\/www.greenpeace.org\/static\/planet4-croatia-stateless\/2022\/11\/e52346f8-greenpeace_bojan_haron_markievic_01-1024x682.jpg 1024w, https:\/\/www.greenpeace.org\/static\/planet4-croatia-stateless\/2022\/11\/e52346f8-greenpeace_bojan_haron_markievic_01-300x200.jpg 300w, https:\/\/www.greenpeace.org\/static\/planet4-croatia-stateless\/2022\/11\/e52346f8-greenpeace_bojan_haron_markievic_01-768x512.jpg 768w, https:\/\/www.greenpeace.org\/static\/planet4-croatia-stateless\/2022\/11\/e52346f8-greenpeace_bojan_haron_markievic_01-1536x1024.jpg 1536w, https:\/\/www.greenpeace.org\/static\/planet4-croatia-stateless\/2022\/11\/e52346f8-greenpeace_bojan_haron_markievic_01-510x340.jpg 510w, https:\/\/www.greenpeace.org\/static\/planet4-croatia-stateless\/2022\/11\/e52346f8-greenpeace_bojan_haron_markievic_01.jpg 2000w\" sizes=\"auto, (max-width: 1024px) 100vw, 1024px\" \/><figcaption>Foto: Bojan Haron Marki\u010devi\u0107<\/figcaption><\/figure>\n\n<p>\u201cPremijer Plenkovi\u0107 ovih dana u Egiptu isti\u010de kako velika ve\u0107ina hrvatskih gra\u0111ana podr\u017eava mjere ubla\u017eavanja klimatskih promjena, najavljuju\u0107i daljnje napore u njihovom suzbijanju. No \u010dini se da njegova politika u praksi ide u suprotnom smjeru, s obzirom na nedavne najave o ulaganju velikog novca u pove\u0107anje kapaciteta LNG-a i izgradnju plinovoda Zlobin-Bosiljevo. Takvi projekti Hrvatsku dugoro\u010dno ve\u017eu za fosilni plin, \u0161to je u potpunom raskoraku s retorikom koju premijer prigodno koristi na COP-u 27. Fosilni plin nije ni zelen ni \u010dist niti je tranzicijsko gorivo &#8211; fosilni plin je ubojica klime!\u00a0 Ako \u017eelimo izbje\u0107i klimatsku katastrofu u koju sve br\u017ee srljamo, s obzirom na sve ekstremnije vru\u0107ine, su\u0161e, po\u017eare i poplave, moramo ga prestati koristiti najkasnije do 2035. godine\u201d, istaknula je programska voditeljica Greenpeacea u Hrvatskoj Petra Andri\u0107.<\/p>\n\n<figure class=\"wp-block-image size-large\"><img loading=\"lazy\" decoding=\"async\" width=\"1024\" height=\"682\" src=\"https:\/\/www.greenpeace.org\/static\/planet4-croatia-stateless\/2022\/11\/a4a3f01b-greenpeace_bojan_haron_markievic_06-1024x682.jpg\" alt=\"\" class=\"wp-image-2919\" srcset=\"https:\/\/www.greenpeace.org\/static\/planet4-croatia-stateless\/2022\/11\/a4a3f01b-greenpeace_bojan_haron_markievic_06-1024x682.jpg 1024w, https:\/\/www.greenpeace.org\/static\/planet4-croatia-stateless\/2022\/11\/a4a3f01b-greenpeace_bojan_haron_markievic_06-300x200.jpg 300w, https:\/\/www.greenpeace.org\/static\/planet4-croatia-stateless\/2022\/11\/a4a3f01b-greenpeace_bojan_haron_markievic_06-768x512.jpg 768w, https:\/\/www.greenpeace.org\/static\/planet4-croatia-stateless\/2022\/11\/a4a3f01b-greenpeace_bojan_haron_markievic_06-1536x1024.jpg 1536w, https:\/\/www.greenpeace.org\/static\/planet4-croatia-stateless\/2022\/11\/a4a3f01b-greenpeace_bojan_haron_markievic_06-510x340.jpg 510w, https:\/\/www.greenpeace.org\/static\/planet4-croatia-stateless\/2022\/11\/a4a3f01b-greenpeace_bojan_haron_markievic_06.jpg 2000w\" sizes=\"auto, (max-width: 1024px) 100vw, 1024px\" \/><figcaption>Foto: Bojan Haron Marki\u010devi\u0107<\/figcaption><\/figure>\n\n<p>U Greenpeaceu posebno isti\u010du kako Hrvatska i dalje nedovoljno prepoznaje energiju sunca, u \u010demu smo po potencijalu u samom europskom vrhu, a po kori\u0161tenju na dnu. Mjere kao \u0161to su uvo\u0111enje nulte stope PDV-a na ugradnju solarnih elektrana i kolektora za ku\u0107anstva i javni sektor dobrodo\u0161le su, ali ih treba osigurati trajno, a ne vezati isklju\u010divo za krizno stanje, te posebno osigurati jednostavnu administrativnu proceduru i priklju\u010dak na mre\u017eu.\u00a0\u00a0<\/p>\n\n<figure class=\"wp-block-image size-large\"><img loading=\"lazy\" decoding=\"async\" width=\"1024\" height=\"682\" src=\"https:\/\/www.greenpeace.org\/static\/planet4-croatia-stateless\/2022\/11\/4a33225d-greenpeace_bojan_haron_markievic_05-1024x682.jpg\" alt=\"\" class=\"wp-image-2920\" srcset=\"https:\/\/www.greenpeace.org\/static\/planet4-croatia-stateless\/2022\/11\/4a33225d-greenpeace_bojan_haron_markievic_05-1024x682.jpg 1024w, https:\/\/www.greenpeace.org\/static\/planet4-croatia-stateless\/2022\/11\/4a33225d-greenpeace_bojan_haron_markievic_05-300x200.jpg 300w, https:\/\/www.greenpeace.org\/static\/planet4-croatia-stateless\/2022\/11\/4a33225d-greenpeace_bojan_haron_markievic_05-768x512.jpg 768w, https:\/\/www.greenpeace.org\/static\/planet4-croatia-stateless\/2022\/11\/4a33225d-greenpeace_bojan_haron_markievic_05-1536x1024.jpg 1536w, https:\/\/www.greenpeace.org\/static\/planet4-croatia-stateless\/2022\/11\/4a33225d-greenpeace_bojan_haron_markievic_05-510x340.jpg 510w, https:\/\/www.greenpeace.org\/static\/planet4-croatia-stateless\/2022\/11\/4a33225d-greenpeace_bojan_haron_markievic_05.jpg 2000w\" sizes=\"auto, (max-width: 1024px) 100vw, 1024px\" \/><figcaption>Foto: Bojan Haron Marki\u010devi\u0107<\/figcaption><\/figure>\n\n<p>\u00a0\u201cPrema izra\u010dunu Zelene energetske zadruge, sa spomenutih 180 milijuna eura mogla bi se financirati ugradnja sun\u010danih elektrana na krovovima vi\u0161e od 27 tisu\u0107a ku\u0107anstava u slu\u010daju financiranja 100% investicijskog tro\u0161ka. A kada bi se istim novcem sufinanciralo 30% ulaganja, tada bi se sun\u010danim elektranama opskrbilo \u010dak 90.400 ku\u0107anstava. Instalirana snaga iznosila bi oko 450 MW, \u010dime bi se ukupna snaga svih sun\u010danih elektrana u Hrvatskoj vi\u0161e nego u\u010detverostru\u010dila. Put je dakle jasan &#8211; jadransko sunce, a ne fosilni plin, zaklju\u010dila je Andri\u0107.<\/p>\n\n<figure class=\"wp-block-image size-large\"><img loading=\"lazy\" decoding=\"async\" width=\"1024\" height=\"682\" src=\"https:\/\/www.greenpeace.org\/static\/planet4-croatia-stateless\/2022\/11\/d7da839e-greenpeace_bojan_haron_markievic_11-1024x682.jpg\" alt=\"\" class=\"wp-image-2921\" srcset=\"https:\/\/www.greenpeace.org\/static\/planet4-croatia-stateless\/2022\/11\/d7da839e-greenpeace_bojan_haron_markievic_11-1024x682.jpg 1024w, https:\/\/www.greenpeace.org\/static\/planet4-croatia-stateless\/2022\/11\/d7da839e-greenpeace_bojan_haron_markievic_11-300x200.jpg 300w, https:\/\/www.greenpeace.org\/static\/planet4-croatia-stateless\/2022\/11\/d7da839e-greenpeace_bojan_haron_markievic_11-768x512.jpg 768w, https:\/\/www.greenpeace.org\/static\/planet4-croatia-stateless\/2022\/11\/d7da839e-greenpeace_bojan_haron_markievic_11-1536x1024.jpg 1536w, https:\/\/www.greenpeace.org\/static\/planet4-croatia-stateless\/2022\/11\/d7da839e-greenpeace_bojan_haron_markievic_11-510x340.jpg 510w, https:\/\/www.greenpeace.org\/static\/planet4-croatia-stateless\/2022\/11\/d7da839e-greenpeace_bojan_haron_markievic_11.jpg 2000w\" sizes=\"auto, (max-width: 1024px) 100vw, 1024px\" \/><figcaption>Foto: Bojan Haron Marki\u010devi\u0107<\/figcaption><\/figure>\n","protected":false},"excerpt":{"rendered":"<p>Greenpeaceovi kajaktivisti su kod Kr\u010dkog mosta, a tijekom odr\u017eavanja COP27, prosvjedovali protiv Vladine odluke o pove\u0107anju kapaciteta LNG terminala u Omi\u0161lju i izgradnji plinovoda Zlobin-Bosiljevo, <\/p>\n","protected":false},"author":26,"featured_media":2918,"comment_status":"open","ping_status":"open","sticky":false,"template":"","format":"standard","meta":{"ep_exclude_from_search":false,"p4_og_title":"","p4_og_description":"","p4_og_image":"","p4_og_image_id":"","p4_seo_canonical_url":"","p4_campaign_name":"not set","p4_local_project":"not set","p4_basket_name":"not set","p4_department":"","footnotes":""},"categories":[29],"tags":[27,56,23],"p4-page-type":[14],"class_list":["post-2916","post","type-post","status-publish","format-standard","has-post-thumbnail","hentry","category-klima-i-energija","tag-fosilnagoriva","tag-fosilniplin","tag-obnovljiviizvori","p4-page-type-pr"],"_links":{"self":[{"href":"https:\/\/www.greenpeace.org\/croatia\/wp-json\/wp\/v2\/posts\/2916","targetHints":{"allow":["GET"]}}],"collection":[{"href":"https:\/\/www.greenpeace.org\/croatia\/wp-json\/wp\/v2\/posts"}],"about":[{"href":"https:\/\/www.greenpeace.org\/croatia\/wp-json\/wp\/v2\/types\/post"}],"author":[{"embeddable":true,"href":"https:\/\/www.greenpeace.org\/croatia\/wp-json\/wp\/v2\/users\/26"}],"replies":[{"embeddable":true,"href":"https:\/\/www.greenpeace.org\/croatia\/wp-json\/wp\/v2\/comments?post=2916"}],"version-history":[{"count":2,"href":"https:\/\/www.greenpeace.org\/croatia\/wp-json\/wp\/v2\/posts\/2916\/revisions"}],"predecessor-version":[{"id":2922,"href":"https:\/\/www.greenpeace.org\/croatia\/wp-json\/wp\/v2\/posts\/2916\/revisions\/2922"}],"wp:featuredmedia":[{"embeddable":true,"href":"https:\/\/www.greenpeace.org\/croatia\/wp-json\/wp\/v2\/media\/2918"}],"wp:attachment":[{"href":"https:\/\/www.greenpeace.org\/croatia\/wp-json\/wp\/v2\/media?parent=2916"}],"wp:term":[{"taxonomy":"category","embeddable":true,"href":"https:\/\/www.greenpeace.org\/croatia\/wp-json\/wp\/v2\/categories?post=2916"},{"taxonomy":"post_tag","embeddable":true,"href":"https:\/\/www.greenpeace.org\/croatia\/wp-json\/wp\/v2\/tags?post=2916"},{"taxonomy":"p4-page-type","embeddable":true,"href":"https:\/\/www.greenpeace.org\/croatia\/wp-json\/wp\/v2\/p4-page-type?post=2916"}],"curies":[{"name":"wp","href":"https:\/\/api.w.org\/{rel}","templated":true}]}}