{"id":2929,"date":"2022-12-01T15:27:48","date_gmt":"2022-12-01T13:27:48","guid":{"rendered":"https:\/\/www.greenpeace.org\/croatia\/?p=2929"},"modified":"2022-12-02T11:28:33","modified_gmt":"2022-12-02T09:28:33","slug":"pridruzi-se-javnom-savjetovanju-o-pravilniku-o-ambalazi","status":"publish","type":"post","link":"https:\/\/www.greenpeace.org\/croatia\/pridruzi-se-javnom-savjetovanju-o-pravilniku-o-ambalazi\/","title":{"rendered":"Pridru\u017ei se javnom savjetovanju o Pravilniku o ambala\u017ei i jednokratnoj plastici"},"content":{"rendered":"\n<p>PRAVILNIK O AMBALA\u017dI I OTPADNOJ AMBALA\u017dI, PLASTI\u010cNIM PROIZVODIMA ZA JEDNOKRATNU UPORABU I RIBOLOVNOM ALATU KOJI SADR\u017dAVA PLASTIKU<\/p>\n\n<p><a href=\"https:\/\/esavjetovanja.gov.hr\/ECon\/MainScreen?entityId=22312\">Javno savjetovanje o Pravilniku o ambala\u017ei i jednokratnoj plastici<\/a> otvoreno je do 10. prosinca.&nbsp;<\/p>\n\n<p>Iako pravilnik donosi neka pobolj\u0161anja, poput toga da \u0107e se vrlo lagane plasti\u010dne vre\u0107ice, debljine do 15 mikrona, po\u010deti napla\u0107ivati, smatramo da bi trebalo <strong>napraviti korak vi\u0161e i potpuno ih zabraniti! <\/strong>Pozdravljamo i pro\u0161irenje postoje\u0107eg sustava povratne naknade, kao korak prema ve\u0107em stupnju odvojenog prikupljanja otpada, no recikliranje ne mo\u017ee biti glavno rje\u0161enje, jer se globalno recikliralo samo 9% jednokratne plastike. <strong>Jedino pravo rje\u0161enje je vi\u0161ekratna upotreba predmeta.<\/strong> Samo na taj na\u010din mo\u017eemo sprije\u010diti da se jednokratna plastika zamijeni drugim jednokratnim materijalima poput papira, koji tako\u0111er \u0161tete okoli\u0161u.<\/p>\n\n<p>Odvoji 5 minuta i pridru\u017ei se <a href=\"https:\/\/esavjetovanja.gov.hr\/ECon\/MainScreen?entityId=22312\">ovom javnom savjetovanju.&nbsp;<\/a><\/p>\n\n<p>Ako \u017eeli\u0161, kopiraj ovaj predlo\u017eeni komentar:<\/p>\n\n<p><\/p>\n\n<p>Smatram da:<\/p>\n\n<p>&#8211; Vrlo lagane plasti\u010dne vre\u0107ice treba zabraniti. Naplata tih vre\u0107ica je u redu samo kao privremena mjera. Svakako je potrebno uvesti krajnji rok nakon kojeg one ne\u0107e biti dostupne na tr\u017ei\u0161tu.<\/p>\n\n<p>&#8211; Pro\u0161irenje sustava povratne naknade korak je u dobrom smjeru, ali trebalo bi obuhvatiti i jednokratnu ambala\u017eu od pi\u0107a ve\u0107u od 3 litre i drugu ambala\u017eu teku\u0107ih jestivih proizvoda.&nbsp;<\/p>\n\n<p>&#8211; Treba postaviti jasan cilj smanjenja potro\u0161nje za jednokratne plasti\u010dne \u010da\u0161e za napitke, jednokratne plasti\u010dne spremnike za hranu (50% do 2025. i 80% do 2030.), kao i za sve ostale jednokratne plasti\u010dne proizvode koji nisu nu\u017eni te jednokratnu plasti\u010dnu ambala\u017eu.<\/p>\n\n<p>&#8211; Za sve ugostiteljske objekte potrebno je propisati obvezu da osiguraju vodu za pi\u0107e iz slavine.<\/p>\n\n<p>&#8211; Za ugostiteljske objekte gdje se hrana priprema i uslu\u017euje na lokaciji potrebno je propisati obvezu uporabe vi\u0161ekratnog posu\u0111a i pribora za jelo, neovisno o vrsti ugostiteljskog objekta.<\/p>\n\n<figure class=\"wp-block-image size-large\"><img loading=\"lazy\" decoding=\"async\" width=\"1024\" height=\"683\" src=\"https:\/\/www.greenpeace.org\/static\/planet4-croatia-stateless\/2022\/12\/665a52f2-greenpeace-nevio-smajic-5-1024x683.jpg\" alt=\"\" class=\"wp-image-2930\" srcset=\"https:\/\/www.greenpeace.org\/static\/planet4-croatia-stateless\/2022\/12\/665a52f2-greenpeace-nevio-smajic-5-1024x683.jpg 1024w, https:\/\/www.greenpeace.org\/static\/planet4-croatia-stateless\/2022\/12\/665a52f2-greenpeace-nevio-smajic-5-300x200.jpg 300w, https:\/\/www.greenpeace.org\/static\/planet4-croatia-stateless\/2022\/12\/665a52f2-greenpeace-nevio-smajic-5-768x512.jpg 768w, https:\/\/www.greenpeace.org\/static\/planet4-croatia-stateless\/2022\/12\/665a52f2-greenpeace-nevio-smajic-5-1536x1024.jpg 1536w, https:\/\/www.greenpeace.org\/static\/planet4-croatia-stateless\/2022\/12\/665a52f2-greenpeace-nevio-smajic-5-2048x1366.jpg 2048w, https:\/\/www.greenpeace.org\/static\/planet4-croatia-stateless\/2022\/12\/665a52f2-greenpeace-nevio-smajic-5-510x340.jpg 510w\" sizes=\"auto, (max-width: 1024px) 100vw, 1024px\" \/><figcaption class=\"wp-element-caption\">Kitovi u Zagrebu, autor Nevio Smaji\u0107<\/figcaption><\/figure>\n\n<p>Greenpeace je predao detaljan komentar na javno savjetovanje s na\u0161im zahtjevima <a href=\"https:\/\/www.greenpeace.org\/croatia\/greenpeace-komentar-na-pravilnik-o-ambalazi\/\">koji mo\u017ee\u0161 prona\u0107i ovdje<\/a>.<\/p>\n\n<p>Hvala \u0161to nam poma\u017ee\u0161 u borbi protiv one\u010di\u0161\u0107enja plastikom!&nbsp;<\/p>\n","protected":false},"excerpt":{"rendered":"<p>Iako pravilnik donosi neka pobolj\u0161anja, poput toga da \u0107e se vrlo lagane plasti\u010dne vre\u0107ice, debljine do 15 mikrona, po\u010deti napla\u0107ivati, smatramo da bi trebalo napraviti korak vi\u0161e i potpuno ih zabraniti! <\/p>\n","protected":false},"author":26,"featured_media":2930,"comment_status":"open","ping_status":"open","sticky":false,"template":"","format":"standard","meta":{"ep_exclude_from_search":false,"p4_og_title":"","p4_og_description":"","p4_og_image":"","p4_og_image_id":"","p4_seo_canonical_url":"","p4_campaign_name":"not set","p4_local_project":"not set","p4_basket_name":"not set","p4_department":"","footnotes":""},"categories":[31],"tags":[25,22,26],"p4-page-type":[46],"class_list":["post-2929","post","type-post","status-publish","format-standard","has-post-thumbnail","hentry","category-ne-plastici","tag-jadranbezplastike","tag-jednokratnaplastika","tag-necuvrecu","p4-page-type-vijest"],"_links":{"self":[{"href":"https:\/\/www.greenpeace.org\/croatia\/wp-json\/wp\/v2\/posts\/2929","targetHints":{"allow":["GET"]}}],"collection":[{"href":"https:\/\/www.greenpeace.org\/croatia\/wp-json\/wp\/v2\/posts"}],"about":[{"href":"https:\/\/www.greenpeace.org\/croatia\/wp-json\/wp\/v2\/types\/post"}],"author":[{"embeddable":true,"href":"https:\/\/www.greenpeace.org\/croatia\/wp-json\/wp\/v2\/users\/26"}],"replies":[{"embeddable":true,"href":"https:\/\/www.greenpeace.org\/croatia\/wp-json\/wp\/v2\/comments?post=2929"}],"version-history":[{"count":7,"href":"https:\/\/www.greenpeace.org\/croatia\/wp-json\/wp\/v2\/posts\/2929\/revisions"}],"predecessor-version":[{"id":2938,"href":"https:\/\/www.greenpeace.org\/croatia\/wp-json\/wp\/v2\/posts\/2929\/revisions\/2938"}],"wp:featuredmedia":[{"embeddable":true,"href":"https:\/\/www.greenpeace.org\/croatia\/wp-json\/wp\/v2\/media\/2930"}],"wp:attachment":[{"href":"https:\/\/www.greenpeace.org\/croatia\/wp-json\/wp\/v2\/media?parent=2929"}],"wp:term":[{"taxonomy":"category","embeddable":true,"href":"https:\/\/www.greenpeace.org\/croatia\/wp-json\/wp\/v2\/categories?post=2929"},{"taxonomy":"post_tag","embeddable":true,"href":"https:\/\/www.greenpeace.org\/croatia\/wp-json\/wp\/v2\/tags?post=2929"},{"taxonomy":"p4-page-type","embeddable":true,"href":"https:\/\/www.greenpeace.org\/croatia\/wp-json\/wp\/v2\/p4-page-type?post=2929"}],"curies":[{"name":"wp","href":"https:\/\/api.w.org\/{rel}","templated":true}]}}