{"id":3123,"date":"2022-04-08T10:28:00","date_gmt":"2022-04-08T08:28:00","guid":{"rendered":"https:\/\/www.greenpeace.org\/croatia\/?p=3123"},"modified":"2023-04-20T14:06:07","modified_gmt":"2023-04-20T12:06:07","slug":"cesta-pitanja-i-odgovori-zaustavimo-plasticne-vrecice","status":"publish","type":"post","link":"https:\/\/www.greenpeace.org\/croatia\/cesta-pitanja-i-odgovori-zaustavimo-plasticne-vrecice\/","title":{"rendered":"\u010cesta pitanja i odgovori &#8211; zaustavimo plasti\u010dne vre\u0107ice!"},"content":{"rendered":"\n<p><a href=\"https:\/\/wa.me\/?text=https%3A%2F%2Fwww.greenpeace.org%2Fcroatia%2Faktiviraj-se%2Fjednokratna-plastika%2F%3Futm_medium%3D%26utm_content%3Dpostid-1115%26utm_source%3Dwhatsapp\" target=\"_blank\" rel=\"noreferrer noopener\"><\/a><\/p>\n\n<p><strong>Koji je cilj ove peticije?<\/strong><br><br>Cilj je ove peticije da se Hrvatska pridru\u017ei nizu zemalja koje su poduzele ambiciozne korake ka smanjenju plastike za jednokratnu upotrebu. Na\u0161om peticijom zahtijevamo od Vlade da zabrani lagane plasti\u010dne vre\u0107ice za no\u0161enje (tanje od 50 mikrona).<\/p>\n\n<p><br><strong>Za\u0161to bi trebalo zabraniti upravo te vre\u0107ice?<\/strong><\/p>\n\n<p>Takve vre\u0107ice koristimo u prosjeku do 20 minuta, u ve\u0107ini slu\u010dajeva samo jedanput. Nakon toga ih se baca u otpad, potom im trebaju stolje\u0107a da se razgrade na odlagali\u0161tima, a svakim danom smo svjedoci koliko ih zavr\u0161ava u okoli\u0161u. Sve to uzrokuje velike probleme za okoli\u0161 i moramo djelovati po tom pitanju. Jednokratne plasti\u010dne vre\u0107ice postale su simbolom brzog i rasipnog tro\u0161enja prirodnih resursa i potrebna je promjena paradigme.<\/p>\n\n<p><br><strong>\u0160to s vre\u0107icama debljim od 50 mikrona?<\/strong><\/p>\n\n<p>U Hrvatskoj je potro\u0161nja laganih plasti\u010dnih vre\u0107ica za no\u0161enje (do 50 mikrona) vi\u0161estruko ve\u0107a nego onih debljih od 50 mikrona stoga smatramo da one trebaju biti prioritet za rje\u0161avanje. Predla\u017eemo da se i dalje prati potro\u0161nja vre\u0107ica stijenke deblje od 50 mikrona te razmotri mogu\u0107nost njihove zabrane u budu\u0107nosti, pogotovo do\u0111e li do zna\u010dajnog pove\u0107anja potro\u0161nje.<\/p>\n\n<figure class=\"wp-block-image size-large\"><img loading=\"lazy\" decoding=\"async\" width=\"1024\" height=\"683\" src=\"https:\/\/www.greenpeace.org\/static\/planet4-croatia-stateless\/2019\/04\/cbf4fdb6-gp0stsm87-1024x683.jpg\" title=\"Sculpture of Whales in the Center of Zagreb. \u00a9 Nevio  Smajic \/ Greenpeace\" alt=\"Sculpture of Whales in the Center of Zagreb. \u00a9 Nevio  Smajic \/ Greenpeace\" class=\"wp-image-716\" srcset=\"https:\/\/www.greenpeace.org\/static\/planet4-croatia-stateless\/2019\/04\/cbf4fdb6-gp0stsm87-1024x683.jpg 1024w, https:\/\/www.greenpeace.org\/static\/planet4-croatia-stateless\/2019\/04\/cbf4fdb6-gp0stsm87-300x200.jpg 300w, https:\/\/www.greenpeace.org\/static\/planet4-croatia-stateless\/2019\/04\/cbf4fdb6-gp0stsm87-768x512.jpg 768w, https:\/\/www.greenpeace.org\/static\/planet4-croatia-stateless\/2019\/04\/cbf4fdb6-gp0stsm87-510x340.jpg 510w, https:\/\/www.greenpeace.org\/static\/planet4-croatia-stateless\/2019\/04\/cbf4fdb6-gp0stsm87.jpg 1200w\" sizes=\"auto, (max-width: 1024px) 100vw, 1024px\" \/><figcaption><div class=\"credit icon-left\"> \u00a9 Nevio  Smajic \/ Greenpeace<\/div><\/figcaption><\/figure>\n\n<p><br><strong>Nije li problem u ljudima koji te vre\u0107ice masovno uzimaju?<\/strong><\/p>\n\n<p>Svakako se sla\u017eemo da po ovom, kao i drugim pitanjima vezanim uz kulturu bacanja, treba mijenjati navike. Ali ne mo\u017ee sav teret biti na pojedincima, treba postaviti druga\u010dije zakonske okvire.<br>\u0160to mo\u017eemo koristiti umjesto plasti\u010dnih vre\u0107ica?<br>Ako obratimo malo pozornosti prilikom kupovine, plasti\u010dne vre\u0107ice i torbe mo\u017eemo vrlo lako zamijeniti. Planiraj svjesno svoju kupnju: ponesi vlastitu platnenu vre\u0107icu.<\/p>\n\n<p><br><strong>Mogu li papirnate vre\u0107ice biti rje\u0161enje?<\/strong><\/p>\n\n<p>Zagovaramo sustav koji mo\u017ee funkcionirati bez materijala za jednokratnu upotrebu. Ako \u0107emo masovno koristiti papirnate vre\u0107ice, pove\u0107at \u0107emo pritisak na sje\u010du \u0161uma. Moramo se potruditi u \u0161to ve\u0107oj mjeri pre\u0107i na materijale za vi\u0161ekratnu upotrebu.<\/p>\n\n<p><br><strong>Je li bioplastika dobra zamjena?<\/strong><\/p>\n\n<p>Ukoliko je kompostabilna, bioplastika je mali korak naprijed, ali i ona se razgra\u0111uje pod odre\u0111enim uvjetima (uglavnom u industrijskim komposterima, zbog uvjeta temperature i tlaka) pa opet mo\u017ee do\u0107i do gomilanja otpada. K tome, ne rje\u0161avam problem tzv. kulture bacanja. Pravo rje\u0161enje je odmicanje od jednokratnog kori\u0161tenja predmeta. Fokus trebamo staviti na smanjenje potro\u0161nje i vi\u0161ekratnu upotrebu materijala, kako bismo sprije\u010dili nastanak otpada u za\u010detku.<\/p>\n\n<p><br><strong>U \u0161to da stavljam vo\u0107e, povr\u0107e, peciva?<\/strong><\/p>\n\n<p>Jedan dio vo\u0107a i povr\u0107a vrlo jednostavno mo\u017eemo bez ambala\u017ee staviti u platnenu torbu koju smo prethodno ponijeli sa sobom od ku\u0107e: ako kupuje\u0161, na primjer, samo jabuke ili banane, ne treba ti dodatna ambala\u017ea za kupnju osim vlastite platnene torbe. Dobro rje\u0161enje mo\u017ee biti i periva torbica od npr. starih zavjesa ili nekog drugog materijala koji mo\u017ee\u0161 ponovno iskoristiti umjesto bacanja, Mo\u017ee se sa\u0161iti za par minuta i koristiti za kupnju vo\u0107a, povr\u0107a ili peciva. Ukoliko ti \u0161ivanje ne ide od ruke, takve torbice mogu\u0107e je kupiti.<\/p>\n\n<p><br><strong>\u0160to sa svim ostalim jednokratnim plasti\u010dnim predmetima?<\/strong><\/p>\n\n<p>Sla\u017eemo se da je problem ve\u0107i od vre\u0107ica, ali razli\u010dite stvari su zakonski regulirane kroz razli\u010dite propise. Vre\u0107ice su u Hrvatskoj regulirane kroz Pravilnik o ambala\u017ei i otpadnoj ambala\u017ei i ova peticija cilja na te izmjene.&nbsp;<br>Mnogi drugi jednokratni plasti\u010dni proizvodi bit \u0107e regulirani kroz zakon koji \u0107e proiza\u0107i iz Direktive o jednokratnoj plastici, vi\u0161e informacija ovdje &#8211;&nbsp;<a href=\"https:\/\/bit.ly\/2Q211XU\">https:\/\/bit.ly\/2Q211XU<\/a>. Na tome \u0107emo tako\u0111er raditi u nadolaze\u0107em razdoblju.&nbsp;<\/p>\n\n<p><br><strong>\u0160to je sa svom silnom plasti\u010dnom ambala\u017eom?<\/strong><\/p>\n\n<p>Kao globalna organizacija bavimo se i odgovorno\u0161\u0107u korporacija za na\u010dine na koje plasiraju svoje proizvode na tr\u017ei\u0161te te zahtijevamo od njih da stanu na kraj jednokratnoj plastici te se okrenu materijalima za vi\u0161ekratnu upotrebu &#8211;&nbsp;<a href=\"https:\/\/bit.ly\/2OdDvtq\">https:\/\/bit.ly\/2OdDvtq<\/a>.<\/p>\n\n<figure class=\"wp-block-image size-large\"><img loading=\"lazy\" decoding=\"async\" width=\"1024\" height=\"683\" src=\"https:\/\/www.greenpeace.org\/static\/planet4-croatia-stateless\/2021\/08\/d773a09c-pula-greenpeace-nevio-smajic-135-1024x683.jpg\" alt=\"\" class=\"wp-image-2463\" srcset=\"https:\/\/www.greenpeace.org\/static\/planet4-croatia-stateless\/2021\/08\/d773a09c-pula-greenpeace-nevio-smajic-135-1024x683.jpg 1024w, https:\/\/www.greenpeace.org\/static\/planet4-croatia-stateless\/2021\/08\/d773a09c-pula-greenpeace-nevio-smajic-135-300x200.jpg 300w, https:\/\/www.greenpeace.org\/static\/planet4-croatia-stateless\/2021\/08\/d773a09c-pula-greenpeace-nevio-smajic-135-768x512.jpg 768w, https:\/\/www.greenpeace.org\/static\/planet4-croatia-stateless\/2021\/08\/d773a09c-pula-greenpeace-nevio-smajic-135-1536x1024.jpg 1536w, https:\/\/www.greenpeace.org\/static\/planet4-croatia-stateless\/2021\/08\/d773a09c-pula-greenpeace-nevio-smajic-135-2048x1366.jpg 2048w, https:\/\/www.greenpeace.org\/static\/planet4-croatia-stateless\/2021\/08\/d773a09c-pula-greenpeace-nevio-smajic-135-510x340.jpg 510w\" sizes=\"auto, (max-width: 1024px) 100vw, 1024px\" \/><figcaption class=\"wp-element-caption\">\u00a9 Nevio Smajic \/ Greenpeace<\/figcaption><\/figure>\n\n<p><a rel=\"noreferrer noopener\" href=\"https:\/\/wa.me\/?text=https%3A%2F%2Fwww.greenpeace.org%2Fcroatia%2Faktiviraj-se%2Fjednokratna-plastika%2F%3Futm_medium%3D%26utm_content%3Dpostid-1115%26utm_source%3Dwhatsapp\" target=\"_blank\"><\/a><\/p>\n","protected":false},"excerpt":{"rendered":"<p>Koji je cilj ove peticije? Cilj je ove peticije da se Hrvatska pridru\u017ei nizu zemalja koje su poduzele ambiciozne korake ka smanjenju plastike za jednokratnu upotrebu. Na\u0161om peticijom zahtijevamo od Vlade da zabrani lagane plasti\u010dne vre\u0107ice za no\u0161enje (tanje od 50 mikrona). Za\u0161to bi trebalo zabraniti upravo te vre\u0107ice? Takve vre\u0107ice koristimo u prosjeku do [&hellip;]<\/p>\n","protected":false},"author":33,"featured_media":2463,"comment_status":"open","ping_status":"open","sticky":false,"template":"","format":"standard","meta":{"ep_exclude_from_search":false,"p4_og_title":"","p4_og_description":"","p4_og_image":"","p4_og_image_id":"","p4_seo_canonical_url":"","p4_campaign_name":"","p4_local_project":"","p4_basket_name":"","p4_department":"","footnotes":""},"categories":[31],"tags":[25,22,26],"p4-page-type":[46],"class_list":["post-3123","post","type-post","status-publish","format-standard","has-post-thumbnail","hentry","category-ne-plastici","tag-jadranbezplastike","tag-jednokratnaplastika","tag-necuvrecu","p4-page-type-vijest"],"_links":{"self":[{"href":"https:\/\/www.greenpeace.org\/croatia\/wp-json\/wp\/v2\/posts\/3123","targetHints":{"allow":["GET"]}}],"collection":[{"href":"https:\/\/www.greenpeace.org\/croatia\/wp-json\/wp\/v2\/posts"}],"about":[{"href":"https:\/\/www.greenpeace.org\/croatia\/wp-json\/wp\/v2\/types\/post"}],"author":[{"embeddable":true,"href":"https:\/\/www.greenpeace.org\/croatia\/wp-json\/wp\/v2\/users\/33"}],"replies":[{"embeddable":true,"href":"https:\/\/www.greenpeace.org\/croatia\/wp-json\/wp\/v2\/comments?post=3123"}],"version-history":[{"count":2,"href":"https:\/\/www.greenpeace.org\/croatia\/wp-json\/wp\/v2\/posts\/3123\/revisions"}],"predecessor-version":[{"id":3125,"href":"https:\/\/www.greenpeace.org\/croatia\/wp-json\/wp\/v2\/posts\/3123\/revisions\/3125"}],"wp:featuredmedia":[{"embeddable":true,"href":"https:\/\/www.greenpeace.org\/croatia\/wp-json\/wp\/v2\/media\/2463"}],"wp:attachment":[{"href":"https:\/\/www.greenpeace.org\/croatia\/wp-json\/wp\/v2\/media?parent=3123"}],"wp:term":[{"taxonomy":"category","embeddable":true,"href":"https:\/\/www.greenpeace.org\/croatia\/wp-json\/wp\/v2\/categories?post=3123"},{"taxonomy":"post_tag","embeddable":true,"href":"https:\/\/www.greenpeace.org\/croatia\/wp-json\/wp\/v2\/tags?post=3123"},{"taxonomy":"p4-page-type","embeddable":true,"href":"https:\/\/www.greenpeace.org\/croatia\/wp-json\/wp\/v2\/p4-page-type?post=3123"}],"curies":[{"name":"wp","href":"https:\/\/api.w.org\/{rel}","templated":true}]}}