{"id":3142,"date":"2023-04-24T16:59:52","date_gmt":"2023-04-24T14:59:52","guid":{"rendered":"https:\/\/www.greenpeace.org\/croatia\/?p=3142"},"modified":"2024-09-20T17:57:10","modified_gmt":"2024-09-20T15:57:10","slug":"komentar-greenpeacea-povodom-ina-ine-najave-sanacije-busotine-ivana-d","status":"publish","type":"post","link":"https:\/\/www.greenpeace.org\/croatia\/komentar-greenpeacea-povodom-ina-ine-najave-sanacije-busotine-ivana-d\/","title":{"rendered":"Komentar Greenpeacea povodom INA-ine najave sanacije bu\u0161otine Ivana D"},"content":{"rendered":"\n<p><\/p>\n\n<p><strong>Zagreb, 24.4.2023.&nbsp; &#8211; U vezi s dana\u0161njim priop\u0107enjem INA-e o po\u010detku \u201csanacije bu\u0161otine Ivana D\u201d, Greenpeace smatra da je rije\u010d o kozmeti\u010dkom rje\u0161enju kojim INA izbjegava svoje obaveze, a to je potpuna sanacija bu\u0161otine i uklanjanje cjelokupne konstrukcije platforme s morskog dna.<\/strong><\/p>\n\n<p>Nije Greenpeace jedini koji tra\u017ei uklanjanje \u2013 to nala\u017ee i zakon koji propisuje uklanjanje takve konstrukcije u roku od jedne godine<a id=\"_ftnref1\" href=\"#_ftn1\"><sup>[1]<\/sup><\/a>. Iz slu\u017ebene korespondencije Pu\u010dke pravobraniteljice  s relevantnim dr\u017eavnim tijelima doznajemo da je to i mi\u0161ljenje barem triju mjerodavnih dr\u017eavnih tijela &#8211; Dr\u017eavnog inspektorata RH, Uprave pomorstva Ministarstva mora, prometa i infrastrukture, te Uprave za vodno gospodarstvo i za\u0161titu mora MINGOR-a, a kao razlozi navode se sigurnost, zdravlje ljudi i morski okoli\u0161. Nedavno je slijedom vlastitog ispitnog postupka istu preporuku dao i Ured pu\u010dke pravobraniteljice, o \u010demu su obavijestili i Greenpeace.<\/p>\n\n<p>Naime, MINGOR je pokrenuo slu\u017ebenu istragu jo\u0161 u sije\u010dnju 2021. U me\u0111uvremenu je u rujnu 2021. Dr\u017eavni inspektorat donio Rje\u0161enje kojim je nalo\u017eena i \u2018sanacija bu\u0161otine i povezane infrastrukture i uklanjanje Ivane D s morskog dna u roku od godine dana\u2019. Nije jasno za\u0161to nije provedeno Rje\u0161enje DIRH-a<a href=\"#_ftn2\" id=\"_ftnref2\"><sup>[2]<\/sup><\/a> i temeljem kojih propisa INA paralelno planira konstrukciju ostaviti na dnu Jadrana kao tzv. umjetni greben. Nadalje, ovih dana objavljeno je i Rje\u0161enje<a href=\"#_ftn3\" id=\"_ftnref3\"><sup>[3]<\/sup><\/a> MINGOR-a iz kojeg je vidljivo da INA za takvo ne\u0161to jo\u0161 uvijek nije dobila zeleno svjetlo.&nbsp;<\/p>\n\n<p>Dok INA proizvoljno nudi kvazi-rje\u0161enja i istovremeno najavljuje nove bu\u0161otine i nove platforme na Jadranu, pitamo se je li i preostalim platformama namijenjena ista sudbina \u2013 da jednog dana zavr\u0161e na dnu Jadrana i tamo ostanu za vijeke vjekova.<br>_______<\/p>\n\n<figure class=\"wp-block-image size-large\"><img loading=\"lazy\" decoding=\"async\" width=\"1024\" height=\"682\" src=\"https:\/\/www.greenpeace.org\/static\/planet4-croatia-stateless\/2022\/12\/60014aac-greenpeace-nevio-smajic-14-1024x682.jpg\" alt=\"\" class=\"wp-image-2941\" srcset=\"https:\/\/www.greenpeace.org\/static\/planet4-croatia-stateless\/2022\/12\/60014aac-greenpeace-nevio-smajic-14-1024x682.jpg 1024w, https:\/\/www.greenpeace.org\/static\/planet4-croatia-stateless\/2022\/12\/60014aac-greenpeace-nevio-smajic-14-300x200.jpg 300w, https:\/\/www.greenpeace.org\/static\/planet4-croatia-stateless\/2022\/12\/60014aac-greenpeace-nevio-smajic-14-768x512.jpg 768w, https:\/\/www.greenpeace.org\/static\/planet4-croatia-stateless\/2022\/12\/60014aac-greenpeace-nevio-smajic-14-1536x1024.jpg 1536w, https:\/\/www.greenpeace.org\/static\/planet4-croatia-stateless\/2022\/12\/60014aac-greenpeace-nevio-smajic-14-510x340.jpg 510w, https:\/\/www.greenpeace.org\/static\/planet4-croatia-stateless\/2022\/12\/60014aac-greenpeace-nevio-smajic-14.jpg 2000w\" sizes=\"auto, (max-width: 1024px) 100vw, 1024px\" \/><figcaption class=\"wp-element-caption\">Prosvjed povodom dvije godine potonu\u0107a platforme \u00a9 Greenpeace \/ Nevio Smaji\u0107<\/figcaption><\/figure>\n\n<hr class=\"wp-block-separator has-alpha-channel-opacity\"\/>\n\n<p><a id=\"_ftn1\" href=\"#_ftnref1\"><sup>[1]<\/sup><\/a> Zakon o sigurnosti pri odobalnom istra\u017eivanju i eksploataciji ugljikovodika (NN 78\/15 i 50\/20) u \u010dl. 15. a. st. 1.<\/p>\n\n<p><a href=\"#_ftnref2\" id=\"_ftn2\"><sup>[2]<\/sup><\/a> Rje\u0161enje o otklanjanju nedostataka, KLASA: UP\/I-310-09\/21-10\/4 i URBROJ: 443-01-12-21-2 od 24. rujna 2021.<\/p>\n\n<p><a href=\"#_ftnref3\" id=\"_ftn3\"><sup>[3]<\/sup><\/a> <a href=\"https:\/\/mingor.gov.hr\/UserDocsImages\/UPRAVA-ZA-PROCJENU-UTJECAJA-NA-OKOLIS-ODRZIVO-GOSPODARENJE-OTPADOM\/Opuo\/OPUO_2023\/18_04_2023_Rjesenje_Sanacija_eksploatacijske_platforme_Ivana_D.pdf\">https:\/\/mingor.gov.hr\/UserDocsImages\/\/UPRAVA-ZA-PROCJENU-UTJECAJA-NA-OKOLIS-ODRZIVO-GOSPODARENJE-OTPADOM\/Opuo\/OPUO_2023\/\/18_04_2023_Rjesenje_Sanacija_eksploatacijske_platforme_Ivana_D.pdf<\/a><\/p>\n","protected":false},"excerpt":{"rendered":"<p> U vezi s dana\u0161njim priop\u0107enjem INA-e o po\u010detku \u201csanacije bu\u0161otine Ivana D\u201d, Greenpeace smatra da je rije\u010d o kozmeti\u010dkom rje\u0161enju kojim INA izbjegava svoje obaveze, a to je potpuna sanacija bu\u0161otine i uklanjanje cjelokupne konstrukcije platforme s morskog dna.<\/p>\n","protected":false},"author":26,"featured_media":2941,"comment_status":"open","ping_status":"open","sticky":false,"template":"","format":"standard","meta":{"ep_exclude_from_search":false,"p4_og_title":"","p4_og_description":"","p4_og_image":"","p4_og_image_id":"","p4_seo_canonical_url":"","p4_campaign_name":"","p4_local_project":"","p4_basket_name":"","p4_department":"","footnotes":""},"categories":[29],"tags":[27,56,24,62],"p4-page-type":[14],"class_list":["post-3142","post","type-post","status-publish","format-standard","has-post-thumbnail","hentry","category-klima-i-energija","tag-fosilnagoriva","tag-fosilniplin","tag-klimatskepromjene","tag-ivanad","p4-page-type-pr"],"_links":{"self":[{"href":"https:\/\/www.greenpeace.org\/croatia\/wp-json\/wp\/v2\/posts\/3142","targetHints":{"allow":["GET"]}}],"collection":[{"href":"https:\/\/www.greenpeace.org\/croatia\/wp-json\/wp\/v2\/posts"}],"about":[{"href":"https:\/\/www.greenpeace.org\/croatia\/wp-json\/wp\/v2\/types\/post"}],"author":[{"embeddable":true,"href":"https:\/\/www.greenpeace.org\/croatia\/wp-json\/wp\/v2\/users\/26"}],"replies":[{"embeddable":true,"href":"https:\/\/www.greenpeace.org\/croatia\/wp-json\/wp\/v2\/comments?post=3142"}],"version-history":[{"count":5,"href":"https:\/\/www.greenpeace.org\/croatia\/wp-json\/wp\/v2\/posts\/3142\/revisions"}],"predecessor-version":[{"id":3558,"href":"https:\/\/www.greenpeace.org\/croatia\/wp-json\/wp\/v2\/posts\/3142\/revisions\/3558"}],"wp:featuredmedia":[{"embeddable":true,"href":"https:\/\/www.greenpeace.org\/croatia\/wp-json\/wp\/v2\/media\/2941"}],"wp:attachment":[{"href":"https:\/\/www.greenpeace.org\/croatia\/wp-json\/wp\/v2\/media?parent=3142"}],"wp:term":[{"taxonomy":"category","embeddable":true,"href":"https:\/\/www.greenpeace.org\/croatia\/wp-json\/wp\/v2\/categories?post=3142"},{"taxonomy":"post_tag","embeddable":true,"href":"https:\/\/www.greenpeace.org\/croatia\/wp-json\/wp\/v2\/tags?post=3142"},{"taxonomy":"p4-page-type","embeddable":true,"href":"https:\/\/www.greenpeace.org\/croatia\/wp-json\/wp\/v2\/p4-page-type?post=3142"}],"curies":[{"name":"wp","href":"https:\/\/api.w.org\/{rel}","templated":true}]}}