{"id":3194,"date":"2023-07-05T10:43:22","date_gmt":"2023-07-05T08:43:22","guid":{"rendered":"https:\/\/www.greenpeace.org\/croatia\/?p=3194"},"modified":"2024-09-20T17:56:01","modified_gmt":"2024-09-20T15:56:01","slug":"greenpeace-ina-i-i-vladi-preuzmite-odgovornost-za-emisije-klimatskog-ubojice-metana","status":"publish","type":"post","link":"https:\/\/www.greenpeace.org\/croatia\/greenpeace-ina-i-i-vladi-preuzmite-odgovornost-za-emisije-klimatskog-ubojice-metana\/","title":{"rendered":"Greenpeace INA-i i Vladi: Preuzmite odgovornost za emisije klimatskog ubojice metana!"},"content":{"rendered":"\n<figure class=\"wp-block-image size-large  caption-alignment-right\"><img loading=\"lazy\" decoding=\"async\" width=\"1024\" height=\"683\" src=\"https:\/\/www.greenpeace.org\/static\/planet4-croatia-stateless\/2023\/07\/b6c42554-greenpeace_samir-ceric-kovacevic_samirck_20230705_r62_6096-1024x683.jpg\" alt=\"\" class=\"wp-image-3197\" srcset=\"https:\/\/www.greenpeace.org\/static\/planet4-croatia-stateless\/2023\/07\/b6c42554-greenpeace_samir-ceric-kovacevic_samirck_20230705_r62_6096-1024x683.jpg 1024w, https:\/\/www.greenpeace.org\/static\/planet4-croatia-stateless\/2023\/07\/b6c42554-greenpeace_samir-ceric-kovacevic_samirck_20230705_r62_6096-300x200.jpg 300w, https:\/\/www.greenpeace.org\/static\/planet4-croatia-stateless\/2023\/07\/b6c42554-greenpeace_samir-ceric-kovacevic_samirck_20230705_r62_6096-768x512.jpg 768w, https:\/\/www.greenpeace.org\/static\/planet4-croatia-stateless\/2023\/07\/b6c42554-greenpeace_samir-ceric-kovacevic_samirck_20230705_r62_6096-1536x1024.jpg 1536w, https:\/\/www.greenpeace.org\/static\/planet4-croatia-stateless\/2023\/07\/b6c42554-greenpeace_samir-ceric-kovacevic_samirck_20230705_r62_6096-510x340.jpg 510w, https:\/\/www.greenpeace.org\/static\/planet4-croatia-stateless\/2023\/07\/b6c42554-greenpeace_samir-ceric-kovacevic_samirck_20230705_r62_6096.jpg 2048w\" sizes=\"auto, (max-width: 1024px) 100vw, 1024px\" \/><figcaption class=\"wp-element-caption\"> \u00a9 Samir Ceri\u0107 Kova\u010devi\u0107 \/ Greenpeace<\/figcaption><\/figure>\n\n<p><strong>Zagreb, 5. srpnja 2023. &#8211; Aktivisti Greenpeacea odr\u017eali su prosvjed u Zagrebu postaviv\u0161i ispred sjedi\u0161ta INA-e simboli\u010dan trometarski prikaz plinske platforme koja ispu\u0161ta fosilni plin u atmosferu. Od samog potonu\u0107a platforme Ivana D Greenpeace opetovano poziva nadle\u017ene institucije i INA-u da ispitaju mogu\u0107e emisije metana na svim odobalnim platformama. Ni nakon dvije i pol godine niti nadle\u017eno ministarstvo niti INA nisu odgovorili niti se o\u010ditovali. Greenpeace CEE u posjedu je podataka iz pouzdanih izvora<sup>1<\/sup>, a u vezi sa zabilje\u017eenim koncentracijama metana oko odre\u0111enog broja odobalnih plinskih platformi na sjevernom Jadranu. Ti podaci potvr\u0111uju njihove sumnje: koncentracije vi\u0161e od 100 ppm\/m zabilje\u017eene su na devet promatranih platformi, dok su na tri od njih zabilje\u017eene vrijednosti vi\u0161e od 400, 500 pa \u010dak i 1500 ppm\/m.<\/strong><\/p>\n\n<figure class=\"wp-block-image size-large\"><img loading=\"lazy\" decoding=\"async\" width=\"1024\" height=\"717\" src=\"https:\/\/www.greenpeace.org\/static\/planet4-croatia-stateless\/2023\/07\/6103a83e-plinske-platforme-sjeverni-jadran-sva-ocitanja-1024x717.jpg\" alt=\"\" class=\"wp-image-3212\" srcset=\"https:\/\/www.greenpeace.org\/static\/planet4-croatia-stateless\/2023\/07\/6103a83e-plinske-platforme-sjeverni-jadran-sva-ocitanja-1024x717.jpg 1024w, https:\/\/www.greenpeace.org\/static\/planet4-croatia-stateless\/2023\/07\/6103a83e-plinske-platforme-sjeverni-jadran-sva-ocitanja-300x210.jpg 300w, https:\/\/www.greenpeace.org\/static\/planet4-croatia-stateless\/2023\/07\/6103a83e-plinske-platforme-sjeverni-jadran-sva-ocitanja-768x538.jpg 768w, https:\/\/www.greenpeace.org\/static\/planet4-croatia-stateless\/2023\/07\/6103a83e-plinske-platforme-sjeverni-jadran-sva-ocitanja-1536x1075.jpg 1536w, https:\/\/www.greenpeace.org\/static\/planet4-croatia-stateless\/2023\/07\/6103a83e-plinske-platforme-sjeverni-jadran-sva-ocitanja-2048x1434.jpg 2048w, https:\/\/www.greenpeace.org\/static\/planet4-croatia-stateless\/2023\/07\/6103a83e-plinske-platforme-sjeverni-jadran-sva-ocitanja-1952x1366.jpg 1952w, https:\/\/www.greenpeace.org\/static\/planet4-croatia-stateless\/2023\/07\/6103a83e-plinske-platforme-sjeverni-jadran-sva-ocitanja-486x340.jpg 486w\" sizes=\"auto, (max-width: 1024px) 100vw, 1024px\" \/><\/figure>\n\n<figure class=\"wp-block-image size-large\"><img loading=\"lazy\" decoding=\"async\" width=\"1024\" height=\"614\" src=\"https:\/\/www.greenpeace.org\/static\/planet4-croatia-stateless\/2023\/07\/18276157-ana-1024x614.jpg\" alt=\"\" class=\"wp-image-3214\" srcset=\"https:\/\/www.greenpeace.org\/static\/planet4-croatia-stateless\/2023\/07\/18276157-ana-1024x614.jpg 1024w, https:\/\/www.greenpeace.org\/static\/planet4-croatia-stateless\/2023\/07\/18276157-ana-300x180.jpg 300w, https:\/\/www.greenpeace.org\/static\/planet4-croatia-stateless\/2023\/07\/18276157-ana-768x461.jpg 768w, https:\/\/www.greenpeace.org\/static\/planet4-croatia-stateless\/2023\/07\/18276157-ana-1536x922.jpg 1536w, https:\/\/www.greenpeace.org\/static\/planet4-croatia-stateless\/2023\/07\/18276157-ana-2048x1229.jpg 2048w, https:\/\/www.greenpeace.org\/static\/planet4-croatia-stateless\/2023\/07\/18276157-ana-510x306.jpg 510w\" sizes=\"auto, (max-width: 1024px) 100vw, 1024px\" \/><\/figure>\n\n<p>Iz razgovora sa stru\u010dnjacima iz ovog podru\u010dja, Greenpeace doznaje da fosilna industrija obi\u010dno \u0161alje ekipe na teren kad se zabilje\u017ee o\u010ditanja iznad 200 ppm\/m. \u201cMi u Greenpeaceu smatramo da su bilo kakve emisije tog \u0161tetnog, sna\u017enog stakleni\u010dkog plina neprihvatljive, a kamoli koncentracije koje upu\u0107uju na zna\u010dajne emisije poput onih primije\u0107enih ovom prilikom. <a href=\"https:\/\/www.ipcc.ch\/report\/ar6\/wg1\/downloads\/report\/IPCC_AR6_WGI_SPM.pdf\">Me\u0111uvladin panel za klimatske promjene (IPCC) upozorava<\/a> da svaki porast u globalnom zagrijavanju poti\u010de sve intenzivnije i sve \u010de\u0161\u0107e vremenske ekstreme. Ne smijemo se vi\u0161e kockati s budu\u0107no\u0161\u0107u\u201d, izjavila je Petra Andri\u0107, programska voditeljica Greenpeacea u Hrvatskoj.&nbsp;&nbsp;<\/p>\n\n<p>\u201cDobiveni podaci ukazuju na problem pa INA i Vlada RH moraju pokazati inicijativu i biti transparentniji, ispitati je li rije\u010d o namjernom ispu\u0161tanju plina (tzv. venting) ili pak o nekontroliranom istjecanju te u\u010diniti sve \u0161to je potrebno da se takve pojave sprije\u010de u budu\u0107nosti. Nevjerojatno je da, unato\u010d ekolo\u0161koj i klimatskoj krizi, i galopiraju\u0107im cijenama, plinska industrija i dalje smatra normalnim \u0161tetiti klimi ispu\u0161tanjem plina u atmosferu\u201d, dodaje Andri\u0107.<\/p>\n\n<figure class=\"wp-block-image size-large  caption-alignment-right\"><img loading=\"lazy\" decoding=\"async\" width=\"1024\" height=\"683\" src=\"https:\/\/www.greenpeace.org\/static\/planet4-croatia-stateless\/2023\/07\/247edc28-greenpeace_samir-ceric-kovacevic_samirck_20230705_r62_5949-1024x683.jpg\" alt=\"\" class=\"wp-image-3196\" srcset=\"https:\/\/www.greenpeace.org\/static\/planet4-croatia-stateless\/2023\/07\/247edc28-greenpeace_samir-ceric-kovacevic_samirck_20230705_r62_5949-1024x683.jpg 1024w, https:\/\/www.greenpeace.org\/static\/planet4-croatia-stateless\/2023\/07\/247edc28-greenpeace_samir-ceric-kovacevic_samirck_20230705_r62_5949-300x200.jpg 300w, https:\/\/www.greenpeace.org\/static\/planet4-croatia-stateless\/2023\/07\/247edc28-greenpeace_samir-ceric-kovacevic_samirck_20230705_r62_5949-768x512.jpg 768w, https:\/\/www.greenpeace.org\/static\/planet4-croatia-stateless\/2023\/07\/247edc28-greenpeace_samir-ceric-kovacevic_samirck_20230705_r62_5949-1536x1024.jpg 1536w, https:\/\/www.greenpeace.org\/static\/planet4-croatia-stateless\/2023\/07\/247edc28-greenpeace_samir-ceric-kovacevic_samirck_20230705_r62_5949-510x340.jpg 510w, https:\/\/www.greenpeace.org\/static\/planet4-croatia-stateless\/2023\/07\/247edc28-greenpeace_samir-ceric-kovacevic_samirck_20230705_r62_5949.jpg 2048w\" sizes=\"auto, (max-width: 1024px) 100vw, 1024px\" \/><figcaption class=\"wp-element-caption\">\u00a9 Samir Ceri\u0107 Kova\u010devi\u0107 \/ Greenpeace<\/figcaption><\/figure>\n\n<p>Temeljem <a href=\"https:\/\/www.europarl.europa.eu\/RegData\/etudes\/BRIE\/2022\/729313\/EPRS_BRI(2022)729313_EN.pdf\">Plana EU \u201cFit for 55\u201d<\/a> kojim se nastoji smanjiti emisije stakleni\u010dkih plinova u EU do 2030., u izradi je europski <a href=\"https:\/\/www.europarl.europa.eu\/doceo\/document\/TA-9-2023-0127_HR.html\">zakonski prijedlog<\/a> koji, izme\u0111u ostalog, smjera zabraniti uobi\u010dajenu praksu poznatu kao \u201cventing\u201d (hrv. ispu\u0161tanje), osim u iznimnim izvanrednim okolnostima. Hrvatska je tako\u0111er potpisnica deklaracije \u201c<a href=\"https:\/\/www.globalmethanepledge.org\/\">Global Methane Pledge<\/a>\u201d kojom se pridru\u017eila zajedni\u010dkoj obvezi smanjenja emisija metana za 30 % do 2030. u odnosu na 2020. godinu.<\/p>\n\n<p>Metan je glavni sastojak fosilnog plina. Rije\u010d je o iznimno sna\u017enom stakleni\u010dkom plinu koji, kada dospije u atmosferu, u razdoblju od 20 godina ostvari 84 puta sna\u017eniji u\u010dinak na globalno&nbsp;zagrijavanje nego \u0161to to \u010dini CO<sub>2<\/sub>. \u201cHitnim smanjenjem emisija metana mogle bi se izbje\u0107i najgore kratkoro\u010dne posljedice klimatskih promjena, a istovremeno i \u0161teta zdravlju ljudi i ekosustava ve\u0107 danas. Aktualni naftni i plinski projekti moraju hitno rije\u0161iti pitanje emisija metana jer za mnoge takve slu\u010dajeve postoje jeftine i lako dostupne tehnologije<sup>2<\/sup>\u201d, napominje dr. Aidan Farrow iz Greenpeaceovog Znanstvenog odsjeka.&nbsp;&nbsp;<\/p>\n\n<figure class=\"wp-block-image size-large  caption-alignment-right\"><img loading=\"lazy\" decoding=\"async\" width=\"1024\" height=\"683\" src=\"https:\/\/www.greenpeace.org\/static\/planet4-croatia-stateless\/2023\/07\/55191487-greenpeace_samir-ceric-kovacevic_samirck_20230705_r62_6041-1024x683.jpg\" alt=\"\" class=\"wp-image-3215\" srcset=\"https:\/\/www.greenpeace.org\/static\/planet4-croatia-stateless\/2023\/07\/55191487-greenpeace_samir-ceric-kovacevic_samirck_20230705_r62_6041-1024x683.jpg 1024w, https:\/\/www.greenpeace.org\/static\/planet4-croatia-stateless\/2023\/07\/55191487-greenpeace_samir-ceric-kovacevic_samirck_20230705_r62_6041-300x200.jpg 300w, https:\/\/www.greenpeace.org\/static\/planet4-croatia-stateless\/2023\/07\/55191487-greenpeace_samir-ceric-kovacevic_samirck_20230705_r62_6041-768x512.jpg 768w, https:\/\/www.greenpeace.org\/static\/planet4-croatia-stateless\/2023\/07\/55191487-greenpeace_samir-ceric-kovacevic_samirck_20230705_r62_6041-1536x1024.jpg 1536w, https:\/\/www.greenpeace.org\/static\/planet4-croatia-stateless\/2023\/07\/55191487-greenpeace_samir-ceric-kovacevic_samirck_20230705_r62_6041-510x340.jpg 510w, https:\/\/www.greenpeace.org\/static\/planet4-croatia-stateless\/2023\/07\/55191487-greenpeace_samir-ceric-kovacevic_samirck_20230705_r62_6041.jpg 2048w\" sizes=\"auto, (max-width: 1024px) 100vw, 1024px\" \/><figcaption class=\"wp-element-caption\">\u00a9 Samir Ceri\u0107 Kova\u010devi\u0107 \/ Greenpeace<\/figcaption><\/figure>\n\n<p>Prema podacima Me\u0111unarodne energetske agencije, svake godine iz naftno-plinskih radova oko 260 milijardi kubi\u010dnih metara metana dospije u atmosferu (<a href=\"https:\/\/www.iea.org\/news\/methane-emissions-remained-stubbornly-high-in-2022-even-as-soaring-energy-prices-made-actions-to-reduce-them-cheaper-than-ever?fbclid=IwAR04A3ZbpEuU-8VgRRCDOTXQrdhE68Xpv7qraAzeGiuPmjZgxKmlZ1j988A\">IEA<\/a>). Poslovanje industrije fosilnih goriva proizvelo je u 2020. godini gotovo 120 megatona metana &#8211; otprilike tre\u0107inu svih metanskih emisija proizvedenih ljudskim djelovanjem (<a href=\"https:\/\/iea.blob.core.windows.net\/assets\/585b901a-e7d2-4bca-b477-e1baa14dde5c\/CurtailingMethaneEmissionsfromFossilFuelOperations.pdf\">IEA<\/a>).<\/p>\n\n<p>Na mjere za smanjenje metana treba gledati kao na nu\u017eno ali samo privremeno rje\u0161enje na putu postupnog ukidanja fosilnih goriva. U EU moramo prestati koristiti plin najkasnije 2035. godine, \u0161to podrazumijeva prestanak ulaganja u nove plinske projekte ve\u0107 danas. Sve nove investicije trebaju biti usmjerene na energetsku u\u010dinkovitost i obnovljive izvore energije, u Hrvatskoj ponajprije u energiju sunca.<\/p>\n\n<p class=\"has-small-font-size\">1)&nbsp;Podaci su dobiveni od vanjskih suradnika koji djeluju na podru\u010dju Europske unije. Koncentracije su zabilje\u017eene pomo\u0107u daljinskog laserskog mjerenja metana (TDLAS). Za otkrivanje visokospecifi\u010dne prisutnosti metana detektor koristi infracrveni laser koji procjenjuje gusto\u0107u stupa metana du\u017e laserske zrake u jedinici milijuntih dijelova po metru (ppm\/m). 2)&nbsp;<a href=\"https:\/\/www.ccacoalition.org\/en\/resources\/global-methane-assessment-full-report\">https:\/\/www.ccacoalition.org\/en\/resources\/global-methane-assessment-full-report<\/a><\/p>\n\n<p><\/p>\n","protected":false},"excerpt":{"rendered":"<p>Zagreb, 5. srpnja 2023. &#8211; Aktivisti Greenpeacea odr\u017eali su prosvjed u Zagrebu postaviv\u0161i ispred sjedi\u0161ta INA-e simboli\u010dan trometarski prikaz plinske platforme koja ispu\u0161ta fosilni plin u atmosferu. Od samog potonu\u0107a&hellip;<\/p>\n","protected":false},"author":26,"featured_media":3197,"comment_status":"open","ping_status":"open","sticky":false,"template":"","format":"standard","meta":{"ep_exclude_from_search":false,"p4_og_title":"","p4_og_description":"","p4_og_image":"","p4_og_image_id":"","p4_seo_canonical_url":"","p4_campaign_name":"","p4_local_project":"","p4_basket_name":"","p4_department":"","footnotes":""},"categories":[29,1],"tags":[27,56,62],"p4-page-type":[14],"class_list":["post-3194","post","type-post","status-publish","format-standard","has-post-thumbnail","hentry","category-klima-i-energija","category-uncategorized","tag-fosilnagoriva","tag-fosilniplin","tag-ivanad","p4-page-type-pr"],"_links":{"self":[{"href":"https:\/\/www.greenpeace.org\/croatia\/wp-json\/wp\/v2\/posts\/3194","targetHints":{"allow":["GET"]}}],"collection":[{"href":"https:\/\/www.greenpeace.org\/croatia\/wp-json\/wp\/v2\/posts"}],"about":[{"href":"https:\/\/www.greenpeace.org\/croatia\/wp-json\/wp\/v2\/types\/post"}],"author":[{"embeddable":true,"href":"https:\/\/www.greenpeace.org\/croatia\/wp-json\/wp\/v2\/users\/26"}],"replies":[{"embeddable":true,"href":"https:\/\/www.greenpeace.org\/croatia\/wp-json\/wp\/v2\/comments?post=3194"}],"version-history":[{"count":5,"href":"https:\/\/www.greenpeace.org\/croatia\/wp-json\/wp\/v2\/posts\/3194\/revisions"}],"predecessor-version":[{"id":3554,"href":"https:\/\/www.greenpeace.org\/croatia\/wp-json\/wp\/v2\/posts\/3194\/revisions\/3554"}],"wp:featuredmedia":[{"embeddable":true,"href":"https:\/\/www.greenpeace.org\/croatia\/wp-json\/wp\/v2\/media\/3197"}],"wp:attachment":[{"href":"https:\/\/www.greenpeace.org\/croatia\/wp-json\/wp\/v2\/media?parent=3194"}],"wp:term":[{"taxonomy":"category","embeddable":true,"href":"https:\/\/www.greenpeace.org\/croatia\/wp-json\/wp\/v2\/categories?post=3194"},{"taxonomy":"post_tag","embeddable":true,"href":"https:\/\/www.greenpeace.org\/croatia\/wp-json\/wp\/v2\/tags?post=3194"},{"taxonomy":"p4-page-type","embeddable":true,"href":"https:\/\/www.greenpeace.org\/croatia\/wp-json\/wp\/v2\/p4-page-type?post=3194"}],"curies":[{"name":"wp","href":"https:\/\/api.w.org\/{rel}","templated":true}]}}