{"id":3266,"date":"2023-09-04T08:04:47","date_gmt":"2023-09-04T06:04:47","guid":{"rendered":"https:\/\/www.greenpeace.org\/croatia\/?p=3266"},"modified":"2024-09-20T17:55:41","modified_gmt":"2024-09-20T15:55:41","slug":"greenpeaceov-prosvjed-ispred-sjedista-ina-e-1001-noc-na-dnu-jadrana","status":"publish","type":"post","link":"https:\/\/www.greenpeace.org\/croatia\/greenpeaceov-prosvjed-ispred-sjedista-ina-e-1001-noc-na-dnu-jadrana\/","title":{"rendered":"Greenpeaceov prosvjed ispred sjedi\u0161ta INA-e: 1001 no\u0107 na dnu Jadrana!"},"content":{"rendered":"\n<p><strong>Zagreb, 4. rujna 2023. &#8211; Aktivisti Greenpeacea jo\u0161 jednom su prosvjedovali ispred sjedi\u0161ta INA-e u Zagrebu, ovoga puta ukazuju\u0107i na sramotnu \u010dinjenicu da je, nakon 1000 dana i 1001 no\u0107i od potonu\u0107a, plinska platforma Ivana D jo\u0161 uvijek na dnu Jadranskog mora.<\/strong><\/p>\n\n<figure class=\"wp-block-image size-large  caption-alignment-right\"><img loading=\"lazy\" decoding=\"async\" width=\"1024\" height=\"683\" src=\"https:\/\/www.greenpeace.org\/static\/planet4-croatia-stateless\/2023\/09\/c1d3a884-greenpeace-maja-bota-4-2-1024x683.jpg\" alt=\"\" class=\"wp-image-3267\" srcset=\"https:\/\/www.greenpeace.org\/static\/planet4-croatia-stateless\/2023\/09\/c1d3a884-greenpeace-maja-bota-4-2-1024x683.jpg 1024w, https:\/\/www.greenpeace.org\/static\/planet4-croatia-stateless\/2023\/09\/c1d3a884-greenpeace-maja-bota-4-2-300x200.jpg 300w, https:\/\/www.greenpeace.org\/static\/planet4-croatia-stateless\/2023\/09\/c1d3a884-greenpeace-maja-bota-4-2-768x512.jpg 768w, https:\/\/www.greenpeace.org\/static\/planet4-croatia-stateless\/2023\/09\/c1d3a884-greenpeace-maja-bota-4-2-1536x1024.jpg 1536w, https:\/\/www.greenpeace.org\/static\/planet4-croatia-stateless\/2023\/09\/c1d3a884-greenpeace-maja-bota-4-2-2048x1366.jpg 2048w, https:\/\/www.greenpeace.org\/static\/planet4-croatia-stateless\/2023\/09\/c1d3a884-greenpeace-maja-bota-4-2-510x340.jpg 510w\" sizes=\"auto, (max-width: 1024px) 100vw, 1024px\" \/><figcaption class=\"wp-element-caption\">\u00a9 Maja Bota \/ Greenpeace<\/figcaption><\/figure>\n\n<p>\u201cPo svemu sude\u0107i, u slu\u010daju potonule plinske platforme Ivana D \u010dini se da INA igra na kartu prolaska vremena i zaborava. INA je u lipnju ove godine objavila da je bu\u0161otina trajno sanirana, bez komentara o sudbini stotina tona starog \u017eeljeza koje ve\u0107 gotovo tri godine skuplja hr\u0111u na dnu Jadrana. Istovremeno INA se hvali financijskim uspjesima te najavljuje planove za nova bu\u0161enja i ulaganja u fosilnu infrastrukturu, kako na moru tako i na kopnu,\u201d izjavila je Petra Andri\u0107, programska voditeljica Greenpeacea u Hrvatskoj.<\/p>\n\n<p>Nedavni <a href=\"https:\/\/greenpeace.at\/uploads\/2023\/08\/report-the-dirty-dozen-climate-greenwashing-of-12-european-oil-companies.pdf\">Greenpeaceov izvje\u0161taj<\/a> pod naslovom <em>The Dirty Dozen: The Climate Greenwashing of 12 European Oil Companies <\/em>(hrv. \u201cPrljava dvanaestorica: klimatske floskule 12 europskih naftnih kompanija\u201d) konstatirao je da je INA u 2022. godini &#8211; godini energetske krize bez presedana &#8211; pove\u0107ala neto dobit \u010dak za 95% u odnosu na prethodnu godinu. Unato\u010d zaradi koju gomila profitiraju\u0107i na fosilnim gorivima u vrijeme galopiraju\u0107e energetske i klimatske krize, INA izbjegava ukloniti stotine tona vlastitog otpada s dna Jadrana. Istra\u017eivanje javnog mnijenja, koje je za Greenpeace provela agencija Promocija plus<a id=\"_ftnref1\" href=\"#_ftn1\"><sup>[1]<\/sup><\/a>, pokazuje da \u010dak 74% hrvatskih gra\u0111ana smatra kako Ivanu D treba ukloniti s dna Jadranskog mora.<\/p>\n\n<figure class=\"wp-block-image size-large  caption-alignment-right\"><img loading=\"lazy\" decoding=\"async\" width=\"1024\" height=\"683\" src=\"https:\/\/www.greenpeace.org\/static\/planet4-croatia-stateless\/2023\/09\/afd71fb7-greenpeace-maja-bota-3-2-1024x683.jpg\" alt=\"\" class=\"wp-image-3268\" srcset=\"https:\/\/www.greenpeace.org\/static\/planet4-croatia-stateless\/2023\/09\/afd71fb7-greenpeace-maja-bota-3-2-1024x683.jpg 1024w, https:\/\/www.greenpeace.org\/static\/planet4-croatia-stateless\/2023\/09\/afd71fb7-greenpeace-maja-bota-3-2-300x200.jpg 300w, https:\/\/www.greenpeace.org\/static\/planet4-croatia-stateless\/2023\/09\/afd71fb7-greenpeace-maja-bota-3-2-768x512.jpg 768w, https:\/\/www.greenpeace.org\/static\/planet4-croatia-stateless\/2023\/09\/afd71fb7-greenpeace-maja-bota-3-2-1536x1024.jpg 1536w, https:\/\/www.greenpeace.org\/static\/planet4-croatia-stateless\/2023\/09\/afd71fb7-greenpeace-maja-bota-3-2-2048x1366.jpg 2048w, https:\/\/www.greenpeace.org\/static\/planet4-croatia-stateless\/2023\/09\/afd71fb7-greenpeace-maja-bota-3-2-510x340.jpg 510w\" sizes=\"auto, (max-width: 1024px) 100vw, 1024px\" \/><figcaption class=\"wp-element-caption\">\u00a9 Maja Bota \/ Greenpeace<\/figcaption><\/figure>\n\n<p>\u201cU cijeloj situaciji resorno ministarstvo zadu\u017eeno za za\u0161titu okoli\u0161a uglavnom \u0161uti, pona\u0161aju se kao da je rije\u010d o nekoj manjoj pogre\u0161ci koja \u0107e se birokratski rije\u0161iti, a ne prvoklasnom skandalu. Povjerenstvo za istragu velike nesre\u0107e ne komunicira otvoreno i transparentno s javno\u0161\u0107u, informacije dolaze preko medija na kapaljku. Na taj na\u010din, umjesto da brinu o o\u010duvanju okoli\u0161a i javnom interesu, nadle\u017eno ministarstvo i njegova tijela idu niz dlaku zaga\u0111iva\u010du Jadrana koji ne \u017eeli ukloniti svoj otpad\u201d, zaklju\u010duje Andri\u0107.<\/p>\n\n<figure class=\"wp-block-image size-large  caption-alignment-right\"><img loading=\"lazy\" decoding=\"async\" width=\"1024\" height=\"683\" src=\"https:\/\/www.greenpeace.org\/static\/planet4-croatia-stateless\/2023\/09\/062bfb38-greenpeace-maja-bota-12-2-1-1024x683.jpg\" alt=\"\" class=\"wp-image-3269\" srcset=\"https:\/\/www.greenpeace.org\/static\/planet4-croatia-stateless\/2023\/09\/062bfb38-greenpeace-maja-bota-12-2-1-1024x683.jpg 1024w, https:\/\/www.greenpeace.org\/static\/planet4-croatia-stateless\/2023\/09\/062bfb38-greenpeace-maja-bota-12-2-1-300x200.jpg 300w, https:\/\/www.greenpeace.org\/static\/planet4-croatia-stateless\/2023\/09\/062bfb38-greenpeace-maja-bota-12-2-1-768x512.jpg 768w, https:\/\/www.greenpeace.org\/static\/planet4-croatia-stateless\/2023\/09\/062bfb38-greenpeace-maja-bota-12-2-1-1536x1024.jpg 1536w, https:\/\/www.greenpeace.org\/static\/planet4-croatia-stateless\/2023\/09\/062bfb38-greenpeace-maja-bota-12-2-1-2048x1366.jpg 2048w, https:\/\/www.greenpeace.org\/static\/planet4-croatia-stateless\/2023\/09\/062bfb38-greenpeace-maja-bota-12-2-1-510x340.jpg 510w\" sizes=\"auto, (max-width: 1024px) 100vw, 1024px\" \/><figcaption class=\"wp-element-caption\">\u00a9 Maja Bota \/ Greenpeace<\/figcaption><\/figure>\n\n<hr class=\"wp-block-separator has-alpha-channel-opacity\"\/>\n\n<p><a href=\"#_ftnref1\" id=\"_ftn1\"><sup>[1]<\/sup><\/a> Tijekom lipnja 2023. godine metodom usmene telefonske ankete provedeno je istra\u017eivanje na slu\u010dajnom uzorku 1000 punoljetnih gra\u0111ana\/gra\u0111anki Republike Hrvatske.<\/p>\n","protected":false},"excerpt":{"rendered":"<p>Aktivisti Greenpeacea jo\u0161 jednom su prosvjedovali ispred sjedi\u0161ta INA-e,  ukazuju\u0107i na sramotnu \u010dinjenicu da je, nakon 1000 dana i 1001 no\u0107i od potonu\u0107a, plinska platforma Ivana D jo\u0161 uvijek na dnu Jadranskog mora. <\/p>\n","protected":false},"author":26,"featured_media":3267,"comment_status":"open","ping_status":"open","sticky":false,"template":"","format":"standard","meta":{"ep_exclude_from_search":false,"p4_og_title":"","p4_og_description":"","p4_og_image":"","p4_og_image_id":"","p4_seo_canonical_url":"","p4_campaign_name":"","p4_local_project":"","p4_basket_name":"","p4_department":"","footnotes":""},"categories":[29],"tags":[27,56,24,62],"p4-page-type":[14],"class_list":["post-3266","post","type-post","status-publish","format-standard","has-post-thumbnail","hentry","category-klima-i-energija","tag-fosilnagoriva","tag-fosilniplin","tag-klimatskepromjene","tag-ivanad","p4-page-type-pr"],"_links":{"self":[{"href":"https:\/\/www.greenpeace.org\/croatia\/wp-json\/wp\/v2\/posts\/3266","targetHints":{"allow":["GET"]}}],"collection":[{"href":"https:\/\/www.greenpeace.org\/croatia\/wp-json\/wp\/v2\/posts"}],"about":[{"href":"https:\/\/www.greenpeace.org\/croatia\/wp-json\/wp\/v2\/types\/post"}],"author":[{"embeddable":true,"href":"https:\/\/www.greenpeace.org\/croatia\/wp-json\/wp\/v2\/users\/26"}],"replies":[{"embeddable":true,"href":"https:\/\/www.greenpeace.org\/croatia\/wp-json\/wp\/v2\/comments?post=3266"}],"version-history":[{"count":3,"href":"https:\/\/www.greenpeace.org\/croatia\/wp-json\/wp\/v2\/posts\/3266\/revisions"}],"predecessor-version":[{"id":3552,"href":"https:\/\/www.greenpeace.org\/croatia\/wp-json\/wp\/v2\/posts\/3266\/revisions\/3552"}],"wp:featuredmedia":[{"embeddable":true,"href":"https:\/\/www.greenpeace.org\/croatia\/wp-json\/wp\/v2\/media\/3267"}],"wp:attachment":[{"href":"https:\/\/www.greenpeace.org\/croatia\/wp-json\/wp\/v2\/media?parent=3266"}],"wp:term":[{"taxonomy":"category","embeddable":true,"href":"https:\/\/www.greenpeace.org\/croatia\/wp-json\/wp\/v2\/categories?post=3266"},{"taxonomy":"post_tag","embeddable":true,"href":"https:\/\/www.greenpeace.org\/croatia\/wp-json\/wp\/v2\/tags?post=3266"},{"taxonomy":"p4-page-type","embeddable":true,"href":"https:\/\/www.greenpeace.org\/croatia\/wp-json\/wp\/v2\/p4-page-type?post=3266"}],"curies":[{"name":"wp","href":"https:\/\/api.w.org\/{rel}","templated":true}]}}