{"id":3370,"date":"2023-10-27T16:34:03","date_gmt":"2023-10-27T14:34:03","guid":{"rendered":"https:\/\/www.greenpeace.org\/croatia\/?p=3370"},"modified":"2023-10-27T17:32:05","modified_gmt":"2023-10-27T15:32:05","slug":"sadnja-u-parku-maksimir","status":"publish","type":"post","link":"https:\/\/www.greenpeace.org\/croatia\/sadnja-u-parku-maksimir\/","title":{"rendered":"Sadnja u parku Maksimir"},"content":{"rendered":"\n<p><strong>Europski klimatski pakt: sadimo stabla hrasta, javora i tre\u0161nje u parku Maksimir!<\/strong><\/p>\n\n<p><em>U subotu, 11. studenog<\/em> odr\u017eava se <em>akcija sadnje stabala u parku Maksimir!<\/em><\/p>\n\n<figure class=\"wp-block-image size-large\"><img loading=\"lazy\" decoding=\"async\" width=\"1024\" height=\"1024\" src=\"https:\/\/www.greenpeace.org\/static\/planet4-croatia-stateless\/2023\/10\/9e3ee8e3-sadimo-za-buducnost-1-1024x1024.png\" alt=\"\" class=\"wp-image-3371\" srcset=\"https:\/\/www.greenpeace.org\/static\/planet4-croatia-stateless\/2023\/10\/9e3ee8e3-sadimo-za-buducnost-1-1024x1024.png 1024w, https:\/\/www.greenpeace.org\/static\/planet4-croatia-stateless\/2023\/10\/9e3ee8e3-sadimo-za-buducnost-1-300x300.png 300w, https:\/\/www.greenpeace.org\/static\/planet4-croatia-stateless\/2023\/10\/9e3ee8e3-sadimo-za-buducnost-1-150x150.png 150w, https:\/\/www.greenpeace.org\/static\/planet4-croatia-stateless\/2023\/10\/9e3ee8e3-sadimo-za-buducnost-1-768x768.png 768w, https:\/\/www.greenpeace.org\/static\/planet4-croatia-stateless\/2023\/10\/9e3ee8e3-sadimo-za-buducnost-1-340x340.png 340w, https:\/\/www.greenpeace.org\/static\/planet4-croatia-stateless\/2023\/10\/9e3ee8e3-sadimo-za-buducnost-1.png 1080w\" sizes=\"auto, (max-width: 1024px) 100vw, 1024px\" \/><\/figure>\n\n<p>Ovo ljeto na\u0161 grad pogodile su nezapam\u0107ene oluje. Samo u gradu Zagrebu, bilo je 4 tisu\u0107e stabala izvaljenih iz korijena i 10 tisu\u0107a o\u0161te\u0107enih stabala. Stoga vas pozivamo da nam se pridru\u017eite i pomognete na\u0161em gradu u njegovom zelenom oporavku.\u00a0<\/p>\n\n<p>U sklopu <strong>Europskog klimatskog pakta<\/strong> te uz podr\u0161ku Greenpeacea u Hrvatskoj, Znanstvenika za klimu, \u010ciste\u0107ih Medvjedi\u0107a i mre\u017ee Metar do bolje klime, udruga DOOR organizira <strong>sadnju stabla hrasta, javora i tre\u0161nje<\/strong> koje \u010dine \u0161umski fond parka Maksimir.&nbsp;<\/p>\n\n<p>Pozivamo vas na zajedni\u010dku akciju koja \u0107e u\u010diniti na\u0161 grad zelenijim i zdravijim! Ne trebate biti stru\u010dnjak za sadnju. Zajedno \u0107emo uz potporu Javne ustanove park Maksimir i Hrvatskih \u0161uma nau\u010diti kako ispravno zasaditi stablo. Do\u0111ite&nbsp; i nau\u010dite ne\u0161to novo s nama!&nbsp;<\/p>\n\n<p><strong>Okupljanje volontera je od 8 do 9 sati ujutro u parku Maksimir<\/strong>, nakon \u010dega \u0107e zaposlenci Hrvatskih \u0161uma odr\u017eati malu \u0161kolu sadnje kako bi na\u0161a stabla bila ispravno posa\u0111ena.&nbsp; &nbsp;<\/p>\n\n<p>Ukoliko ne mo\u017eete do\u0107i, mo\u017eete organizatore sadnje, udrugu DOOR <strong>podr\u017eati donacijom sredstava za kupnju sadnica stabala<\/strong>.<\/p>\n\n<p>Donaciju mo\u017eete uplatiti na ra\u010dun HR6023600001503214013, a oni \u0107e sva prikupljena sredstva utro\u0161iti u kupnju stabala.<\/p>\n\n<p>Vratimo na\u0161em gradu njegov zeleni sjaj i \u010duvajmo prirodu zajedno!&nbsp;<\/p>\n","protected":false},"excerpt":{"rendered":"<p>11.11. udruga DOOR organizira sadnju stabla hrasta, javora i tre\u0161nje u parku Maksimir!<\/p>\n","protected":false},"author":26,"featured_media":3371,"comment_status":"open","ping_status":"open","sticky":false,"template":"","format":"standard","meta":{"ep_exclude_from_search":false,"p4_og_title":"","p4_og_description":"","p4_og_image":"","p4_og_image_id":"","p4_seo_canonical_url":"","p4_campaign_name":"","p4_local_project":"","p4_basket_name":"","p4_department":"","footnotes":""},"categories":[29],"tags":[53],"p4-page-type":[46],"class_list":["post-3370","post","type-post","status-publish","format-standard","has-post-thumbnail","hentry","category-klima-i-energija","tag-zazelenigrad","p4-page-type-vijest"],"_links":{"self":[{"href":"https:\/\/www.greenpeace.org\/croatia\/wp-json\/wp\/v2\/posts\/3370","targetHints":{"allow":["GET"]}}],"collection":[{"href":"https:\/\/www.greenpeace.org\/croatia\/wp-json\/wp\/v2\/posts"}],"about":[{"href":"https:\/\/www.greenpeace.org\/croatia\/wp-json\/wp\/v2\/types\/post"}],"author":[{"embeddable":true,"href":"https:\/\/www.greenpeace.org\/croatia\/wp-json\/wp\/v2\/users\/26"}],"replies":[{"embeddable":true,"href":"https:\/\/www.greenpeace.org\/croatia\/wp-json\/wp\/v2\/comments?post=3370"}],"version-history":[{"count":5,"href":"https:\/\/www.greenpeace.org\/croatia\/wp-json\/wp\/v2\/posts\/3370\/revisions"}],"predecessor-version":[{"id":3376,"href":"https:\/\/www.greenpeace.org\/croatia\/wp-json\/wp\/v2\/posts\/3370\/revisions\/3376"}],"wp:featuredmedia":[{"embeddable":true,"href":"https:\/\/www.greenpeace.org\/croatia\/wp-json\/wp\/v2\/media\/3371"}],"wp:attachment":[{"href":"https:\/\/www.greenpeace.org\/croatia\/wp-json\/wp\/v2\/media?parent=3370"}],"wp:term":[{"taxonomy":"category","embeddable":true,"href":"https:\/\/www.greenpeace.org\/croatia\/wp-json\/wp\/v2\/categories?post=3370"},{"taxonomy":"post_tag","embeddable":true,"href":"https:\/\/www.greenpeace.org\/croatia\/wp-json\/wp\/v2\/tags?post=3370"},{"taxonomy":"p4-page-type","embeddable":true,"href":"https:\/\/www.greenpeace.org\/croatia\/wp-json\/wp\/v2\/p4-page-type?post=3370"}],"curies":[{"name":"wp","href":"https:\/\/api.w.org\/{rel}","templated":true}]}}