{"id":3589,"date":"2024-03-22T12:20:05","date_gmt":"2024-03-22T10:20:05","guid":{"rendered":"https:\/\/www.greenpeace.org\/croatia\/?p=3589"},"modified":"2024-03-22T12:20:31","modified_gmt":"2024-03-22T10:20:31","slug":"greenpeace-pozvao-predsjednika-i-premijera-da-sprijece-hrvatsko-sudjelovanje-u-slovenskim-nuklearnim-planovima","status":"publish","type":"post","link":"https:\/\/www.greenpeace.org\/croatia\/greenpeace-pozvao-predsjednika-i-premijera-da-sprijece-hrvatsko-sudjelovanje-u-slovenskim-nuklearnim-planovima\/","title":{"rendered":"Greenpeace pozvao Predsjednika i premijera da sprije\u010de hrvatsko sudjelovanje u slovenskim nuklearnim planovima\u00a0\u00a0"},"content":{"rendered":"\n<p><strong>Zagreb, 22. o\u017eujka 2024. &#8211; Greenpeace je u \u010detvrtak Predsjedniku Zoranu Milanovi\u0107u i premijeru Andreju Plenkovi\u0107u poslao apel u kojem izra\u017eava zabrinutost otvorenom podr\u0161kom i najavom interesa Republike Hrvatske za ulaganje u projekt nuklearne elektrane Kr\u0161ko 2 u Sloveniji.<\/strong><\/p>\n\n<figure class=\"wp-block-image size-full\"><img loading=\"lazy\" decoding=\"async\" width=\"800\" height=\"533\" src=\"https:\/\/www.greenpeace.org\/static\/planet4-croatia-stateless\/2024\/03\/26814dd1-ne-krsko-\u00a9-borut-peterlin-_-greenpeace1.jpg\" alt=\"\" class=\"wp-image-3590\" srcset=\"https:\/\/www.greenpeace.org\/static\/planet4-croatia-stateless\/2024\/03\/26814dd1-ne-krsko-\u00a9-borut-peterlin-_-greenpeace1.jpg 800w, https:\/\/www.greenpeace.org\/static\/planet4-croatia-stateless\/2024\/03\/26814dd1-ne-krsko-\u00a9-borut-peterlin-_-greenpeace1-300x200.jpg 300w, https:\/\/www.greenpeace.org\/static\/planet4-croatia-stateless\/2024\/03\/26814dd1-ne-krsko-\u00a9-borut-peterlin-_-greenpeace1-768x512.jpg 768w, https:\/\/www.greenpeace.org\/static\/planet4-croatia-stateless\/2024\/03\/26814dd1-ne-krsko-\u00a9-borut-peterlin-_-greenpeace1-510x340.jpg 510w\" sizes=\"auto, (max-width: 800px) 100vw, 800px\" \/><figcaption class=\"wp-element-caption\">NE Kr\u0161ko \u00a9 Borut Peterlin <\/figcaption><\/figure>\n\n<p><\/p>\n\n<p>Na konferenciji odr\u017eanoj 18. o\u017eujka \u2018Energetski put u odr\u017eivu budu\u0107nost\u2019 ministar gospodarstva i odr\u017eivog razvoja Damir Habijan otvoreno je podr\u017eao nuklearnu energiju kao opciju u zelenoj tranziciji u Hrvatskoj. \u0160tovi\u0161e, u svojem je izlaganju nuklearnu energiju podveo pod obnovljive izvore energije, \u0161to nije i nikako ne mo\u017ee biti to\u010dno.<\/p>\n\n<p>Osim \u0161to je izgradnja njezine infrastrukture preskupa i prespora, nuklearna energija nije ni obnovljiva ni odr\u017eiva ni sigurna te otvara vi\u0161e pitanja i problema nego \u0161to ih rje\u0161ava. Hrvatska ni nakon vi\u0161e od \u010detiri desetlje\u0107a suvlasni\u0161tva nad NE Kr\u0161ko nema rije\u0161eno pitanje zbrinjavanja nuklearnog otpada. Dok se ovaj krajnje ozbiljan problem ne rije\u0161i, neodgovorno je ulaziti u nove opasne, skupe avanture koju su slovenski mediji trenutno procijenili na 10 milijardi eura.<\/p>\n\n<p>Na istom se doga\u0111aju predsjednik Uprave Hrvatske elektroprivrede Vice Or\u0161uli\u0107 javno pohvalio intenzivnim razgovorima sa slovenskim partnerima o sudjelovanju HEP-a u izgradnji drugog bloka NE Kr\u0161ko.<\/p>\n\n<p>Aktualizacija nuklearne energije vru\u0107a je europska tema o kojoj se ovih dana raspravljalo i na nuklearnom summitu u Bruxellesu, na kojem je sudjelovao i premijer Andrej Plenkovi\u0107. Svojim nenasilnim prosvjedom i blokadom summit su omeli aktivisti Greenpeacea. Vi\u0161e od 600 organizacija iz 56 zemalja i teritorija objavilo je <a href=\"https:\/\/dont-nuke-the-climate.org\/blog\/iaea-nuclear-fairy-tales\">zajedni\u010dku deklaraciju<\/a>, pozivaju\u0107i vlade da ne gube vrijeme i novac na nuklearne bajke te da umjesto toga osiguraju sigurnu obnovljivu energiju.\u00a0<\/p>\n\n<figure class=\"wp-block-image size-full\"><img loading=\"lazy\" decoding=\"async\" width=\"800\" height=\"534\" src=\"https:\/\/www.greenpeace.org\/static\/planet4-croatia-stateless\/2024\/03\/540a64e6-prosvjedi-na-pronuklearnom-summitu-u-bruxellesu-autor-guillaume-chauvin.jpg\" alt=\"\" class=\"wp-image-3591\" srcset=\"https:\/\/www.greenpeace.org\/static\/planet4-croatia-stateless\/2024\/03\/540a64e6-prosvjedi-na-pronuklearnom-summitu-u-bruxellesu-autor-guillaume-chauvin.jpg 800w, https:\/\/www.greenpeace.org\/static\/planet4-croatia-stateless\/2024\/03\/540a64e6-prosvjedi-na-pronuklearnom-summitu-u-bruxellesu-autor-guillaume-chauvin-300x200.jpg 300w, https:\/\/www.greenpeace.org\/static\/planet4-croatia-stateless\/2024\/03\/540a64e6-prosvjedi-na-pronuklearnom-summitu-u-bruxellesu-autor-guillaume-chauvin-768x513.jpg 768w, https:\/\/www.greenpeace.org\/static\/planet4-croatia-stateless\/2024\/03\/540a64e6-prosvjedi-na-pronuklearnom-summitu-u-bruxellesu-autor-guillaume-chauvin-510x340.jpg 510w\" sizes=\"auto, (max-width: 800px) 100vw, 800px\" \/><figcaption class=\"wp-element-caption\">Prosvjedi na pronuklearnom summitu u Bruxellesu, autor Guillaume Chauvin<\/figcaption><\/figure>\n\n<p>&#8211;<em>Ako bi Hrvatska u\u0161la u novi nuklearni projekt po istom modelu suvlasni\u0161tva, a to sugeriraju slovenski mediji, to bi zna\u010dilo da bi se hrvatski gra\u0111ani na\u0161li pred investicijom koja u startu stoji barem pet milijardi eura, s otvorenom godinom zavr\u0161etka izgradnje i iznosom tro\u0161ka. Usporedbe radi, za pet milijardi eura danas je mogu\u0107e izgraditi pet do \u0161est gigawatta solarnih elektrana, stvarnog obnovljivog izvora energije kojim Hrvatska obiluje i tako malo ga koristi. Time bi energetsku tranziciju provodili odmah, prakti\u010dki rije\u0161ili sve potrebe za strujom i ne bi nepotrebno i preskupo \u010dekali 15 ili 20 godina, koliko obi\u010dno treba da se nuklearni projekt realizira. U pravilu, investicije u nuklearnu energiju zna\u010de manjak ili odsutnost ambicije za ulaganja u obnovljive izvore, odnosno alibi za neprovo\u0111enje istinske tranzicije- <\/em>istaknuo je Zoran Tomi\u0107, direktor ureda Greenpeacea u Hrvatskoj.<\/p>\n\n<p><a href=\"https:\/\/www.greenpeace.org\/static\/planet4-croatia-stateless\/2024\/03\/d7c4509c-greenpeace-apel-predsjedniku.pdf\">Pismo Predsjedniku Zoranu Milanovi\u0107u<\/a><\/p>\n\n<p><a href=\"https:\/\/www.greenpeace.org\/static\/planet4-croatia-stateless\/2024\/03\/fb87b123-greenpeace-apel-premijeru.pdf\">Pismo premijeru Andreju Plenkovi\u0107u<\/a><\/p>\n","protected":false},"excerpt":{"rendered":"<p>Predsjedniku Zoranu Milanovi\u0107u i premijeru Andreju Plenkovi\u0107u poslali smo apel u kojem izra\u017eavamo zabrinutost otvorenom podr\u0161kom i najavom interesa Republike Hrvatske za ulaganje u projekt nuklearne elektrane Kr\u0161ko 2 u Sloveniji.<\/p>\n","protected":false},"author":26,"featured_media":3590,"comment_status":"open","ping_status":"open","sticky":false,"template":"","format":"standard","meta":{"ep_exclude_from_search":false,"p4_og_title":"","p4_og_description":"","p4_og_image":"","p4_og_image_id":"","p4_seo_canonical_url":"","p4_campaign_name":"","p4_local_project":"","p4_basket_name":"","p4_department":"","footnotes":""},"categories":[29],"tags":[24,23,61],"p4-page-type":[14],"class_list":["post-3589","post","type-post","status-publish","format-standard","has-post-thumbnail","hentry","category-klima-i-energija","tag-klimatskepromjene","tag-obnovljiviizvori","tag-nuklearna_energija","p4-page-type-pr"],"_links":{"self":[{"href":"https:\/\/www.greenpeace.org\/croatia\/wp-json\/wp\/v2\/posts\/3589","targetHints":{"allow":["GET"]}}],"collection":[{"href":"https:\/\/www.greenpeace.org\/croatia\/wp-json\/wp\/v2\/posts"}],"about":[{"href":"https:\/\/www.greenpeace.org\/croatia\/wp-json\/wp\/v2\/types\/post"}],"author":[{"embeddable":true,"href":"https:\/\/www.greenpeace.org\/croatia\/wp-json\/wp\/v2\/users\/26"}],"replies":[{"embeddable":true,"href":"https:\/\/www.greenpeace.org\/croatia\/wp-json\/wp\/v2\/comments?post=3589"}],"version-history":[{"count":2,"href":"https:\/\/www.greenpeace.org\/croatia\/wp-json\/wp\/v2\/posts\/3589\/revisions"}],"predecessor-version":[{"id":3593,"href":"https:\/\/www.greenpeace.org\/croatia\/wp-json\/wp\/v2\/posts\/3589\/revisions\/3593"}],"wp:featuredmedia":[{"embeddable":true,"href":"https:\/\/www.greenpeace.org\/croatia\/wp-json\/wp\/v2\/media\/3590"}],"wp:attachment":[{"href":"https:\/\/www.greenpeace.org\/croatia\/wp-json\/wp\/v2\/media?parent=3589"}],"wp:term":[{"taxonomy":"category","embeddable":true,"href":"https:\/\/www.greenpeace.org\/croatia\/wp-json\/wp\/v2\/categories?post=3589"},{"taxonomy":"post_tag","embeddable":true,"href":"https:\/\/www.greenpeace.org\/croatia\/wp-json\/wp\/v2\/tags?post=3589"},{"taxonomy":"p4-page-type","embeddable":true,"href":"https:\/\/www.greenpeace.org\/croatia\/wp-json\/wp\/v2\/p4-page-type?post=3589"}],"curies":[{"name":"wp","href":"https:\/\/api.w.org\/{rel}","templated":true}]}}