{"id":3716,"date":"2024-05-08T14:35:06","date_gmt":"2024-05-08T12:35:06","guid":{"rendered":"https:\/\/www.greenpeace.org\/croatia\/?p=3716"},"modified":"2024-07-10T11:46:26","modified_gmt":"2024-07-10T09:46:26","slug":"10-najnovijih-pobjeda-za-ljude-i-planet","status":"publish","type":"post","link":"https:\/\/www.greenpeace.org\/croatia\/10-najnovijih-pobjeda-za-ljude-i-planet\/","title":{"rendered":"9 najnovijih pobjeda za ljude i planet!"},"content":{"rendered":"\n<p>U borbi za za bolji, zeleniji i pravedniji svijet za sve &#8211; nema odmora. U nastavku donosimo primjere zna\u010dajnih pravnih pobjeda ovog prolje\u0107a u podru\u010dju klimatske i ekolo\u0161ke pravde koje nas inspiriraju u daljnjoj borbi.&nbsp;<\/p>\n\n<h3 class=\"wp-block-heading\"><\/h3>\n\n<h3 class=\"wp-block-heading\">1. <strong>Francuska \u2013 TotalEnergies izgubio SLAPP tu\u017ebu protiv francuskog Greenpeacea<\/strong><\/h3>\n\n<figure class=\"wp-block-image size-large\"><img loading=\"lazy\" decoding=\"async\" width=\"1024\" height=\"683\" src=\"https:\/\/www.greenpeace.org\/static\/planet4-croatia-stateless\/2024\/05\/062b28b6-gp0stw8jc-1024x683.webp\" alt=\"\" class=\"wp-image-3718\" srcset=\"https:\/\/www.greenpeace.org\/static\/planet4-croatia-stateless\/2024\/05\/062b28b6-gp0stw8jc-1024x683.webp 1024w, https:\/\/www.greenpeace.org\/static\/planet4-croatia-stateless\/2024\/05\/062b28b6-gp0stw8jc-300x200.webp 300w, https:\/\/www.greenpeace.org\/static\/planet4-croatia-stateless\/2024\/05\/062b28b6-gp0stw8jc-768x512.webp 768w, https:\/\/www.greenpeace.org\/static\/planet4-croatia-stateless\/2024\/05\/062b28b6-gp0stw8jc-510x340.webp 510w, https:\/\/www.greenpeace.org\/static\/planet4-croatia-stateless\/2024\/05\/062b28b6-gp0stw8jc.webp 1200w\" sizes=\"auto, (max-width: 1024px) 100vw, 1024px\" \/><figcaption class=\"wp-element-caption\">Naftni i plinski div TotalEnergies ima sjedi\u0161te u Total Toweru u okrugu La D\u00e9fense u Courbevoieu, zapadno od Pariza. \u00a9 Elsa Palito \/ Greenpeace<\/figcaption><\/figure>\n\n<p>Dana 28. o\u017eujka 2024. sud je poni\u0161tio SLAPP tu\u017ebu (strate\u0161ku tu\u017ebu protiv javnog sudjelovanja) TotalEnergiesa te donio odluku <a href=\"https:\/\/www.greenpeace.fr\/victoire-contre-totalenergies\/\">u korist Greenpeacea u Francuskoj<\/a>. Od travnja 2023. Greenpeace Francuska borio se protiv SLAPP tu\u017ebe koju je TotalEnergies podnio nakon <a href=\"https:\/\/www.greenpeace.fr\/espace-presse\/rapport-bilan-carbone-de-totalenergies-le-compte-ny-est-pas-la-major-serait-responsable-de-pres-de-quatre-fois-plus-demissions-de-gaz-a-effet-de-serre-que-ce-quelle-dec\/\">objavljivanja izvje\u0161\u0107a<\/a> u kojem se dovodi u pitanje uglji\u010dni otisak te kompanije.&nbsp;<\/p>\n\n<p>Pobjeda je jo\u0161 i sla\u0111a jer je <a href=\"https:\/\/www.greenpeace.org\/international\/story\/66252\/100-years-totalenergies\/\">presuda do\u0161la u trenutku kada je naftni i plinski div slavio svoju 100. godi\u0161njicu<\/a>. Osim toga, TotalEnergies mora Greenpeaceu u Francuskoj isplatiti 15 tisu\u0107a eura za tro\u0161kove nastale tijekom sudskog postupka.<\/p>\n\n<p>Ovo je velika pobjeda za Greenpeace u Francuskoj, ali i za slobodu govora i cijeli klimatski pokret. Glas nevladinih organizacija je od vitalnog zna\u010daja i mora se za\u0161tititi od napada fosilne industrije. Ova presuda dokazuje da naftne i plinske kompanije nisu tako nedodirljive kao \u0161to nas se \u017eeli uvjeriti. Pobjeda je to i za klimatsku pravdu!&nbsp;<\/p>\n\n<h3 class=\"wp-block-heading\">2. <strong>Brazil \u2013 Bolsonarova administracija osu\u0111ena za promicanje masovnog kr\u0161enja dru\u0161tveno-okoli\u0161nih prava u Amazoniji<\/strong><\/h3>\n\n<figure class=\"wp-block-image size-large\"><img loading=\"lazy\" decoding=\"async\" width=\"1024\" height=\"767\" src=\"https:\/\/www.greenpeace.org\/static\/planet4-croatia-stateless\/2024\/05\/2e8dd94f-gp0su06cv-1024x767.jpg\" alt=\"\" class=\"wp-image-3719\" srcset=\"https:\/\/www.greenpeace.org\/static\/planet4-croatia-stateless\/2024\/05\/2e8dd94f-gp0su06cv-1024x767.jpg 1024w, https:\/\/www.greenpeace.org\/static\/planet4-croatia-stateless\/2024\/05\/2e8dd94f-gp0su06cv-300x225.jpg 300w, https:\/\/www.greenpeace.org\/static\/planet4-croatia-stateless\/2024\/05\/2e8dd94f-gp0su06cv-768x575.jpg 768w, https:\/\/www.greenpeace.org\/static\/planet4-croatia-stateless\/2024\/05\/2e8dd94f-gp0su06cv-454x340.jpg 454w, https:\/\/www.greenpeace.org\/static\/planet4-croatia-stateless\/2024\/05\/2e8dd94f-gp0su06cv.jpg 1200w\" sizes=\"auto, (max-width: 1024px) 100vw, 1024px\" \/><figcaption class=\"wp-element-caption\">Obala Amazone. \u00a9 Enrico Marone \/ Greenpeace<\/figcaption><\/figure>\n\n<p><a href=\"https:\/\/www.greenpeace.org\/brasil\/blog\/stf-governo-bolsonaro-promoveu-violacao-massiva-de-direitos-socioambientais-na-amazonia\/\">Brazilski Vrhovni sud presudio je<\/a> 14. o\u017eujka da je Bolsonarova administracija aktivno promicala masovno kr\u0161enje dru\u0161tveno-okoli\u0161nih prava u Amazoniji. Odluka je donesena u okviru rasprave u predmetu ADPF 760 (ADPF je portugalska kratica koja ozna\u010dava spor zbog nepo\u0161tivanja temeljnog propisa), u kojem se nastoji osporiti ukidanje dru\u0161tveno-okoli\u0161nih politika pod Bolsonarom te se zahtijevaju hitne mjere za rje\u0161avanje sve ve\u0107e ekolo\u0161ke krize.<\/p>\n\n<p>Ova odluka predstavlja klju\u010dnu pobjedu za brazilsko civilno dru\u0161tvo, a Greenpeace u Brazilu je zajedno s drugim partnerima imao klju\u010dnu ulogu u izgradnji i napretku ovog slu\u010daja tijekom posljednjih nekoliko godina. Odlukom se nala\u017ee uskla\u0111ivanje s ciljevima u podru\u010dju klimatskih promjena te poduzimanje dostatnih i u\u010dinkovitih mjera za za\u0161titu okoli\u0161a i za\u0161titu od kr\u010denja \u0161uma.&nbsp;<\/p>\n\n<h3 class=\"wp-block-heading\"><strong>3. Indonezija\/Ju\u017ena Koreja \u2013 Propao Ugovor o nabavi metala proizvedenog iz ugljena zahvaljuju\u0107i obo\u017eavateljima K-popa<\/strong><\/h3>\n\n<figure class=\"wp-block-image size-large\"><img loading=\"lazy\" decoding=\"async\" width=\"1024\" height=\"682\" src=\"https:\/\/www.greenpeace.org\/static\/planet4-croatia-stateless\/2024\/05\/a4df9525-gp0stplfy-1024x682.webp\" alt=\"\" class=\"wp-image-3720\" srcset=\"https:\/\/www.greenpeace.org\/static\/planet4-croatia-stateless\/2024\/05\/a4df9525-gp0stplfy-1024x682.webp 1024w, https:\/\/www.greenpeace.org\/static\/planet4-croatia-stateless\/2024\/05\/a4df9525-gp0stplfy-300x200.webp 300w, https:\/\/www.greenpeace.org\/static\/planet4-croatia-stateless\/2024\/05\/a4df9525-gp0stplfy-768x511.webp 768w, https:\/\/www.greenpeace.org\/static\/planet4-croatia-stateless\/2024\/05\/a4df9525-gp0stplfy-510x340.webp 510w, https:\/\/www.greenpeace.org\/static\/planet4-croatia-stateless\/2024\/05\/a4df9525-gp0stplfy.webp 1199w\" sizes=\"auto, (max-width: 1024px) 100vw, 1024px\" \/><figcaption class=\"wp-element-caption\">Prosvjed protiv ugljena ispred ureda dru\u0161tva Adaro u Jakarti. \u00a9 Veri Sanovri \/ Greenpeace<\/figcaption><\/figure>\n\n<p>Zahvaljuju\u0107i me\u0111unarodnoj klimatskoj kampanji obo\u017eavatelja K-popa, Hyundai je <a href=\"https:\/\/www.bloombergtechnoz.com\/detail-news\/34119\/hyundai-batal-beli-aluminium-dari-adaro-fans-k-pop-bersorak\">objavio da odustaje od svog memoranduma o razumijevanju<\/a> (MoR) o kupnji aluminija u okviru projekta talionice Adaro Minerals u Sjevernom Kalimantanu u Indoneziji. Klimatska kampanja, koju su podr\u017eali obo\u017eavatelji K-popa, pozvala je proizvo\u0111a\u010da automobila da ne nabavlja zalihe metala koji je proizveden uporabom ugljena.<\/p>\n\n<p>To je uzbudljiva pobjeda za energetsku tranziciju Indonezije prema \u010distijim i zelenijim rje\u0161enjima.<\/p>\n\n<h3 class=\"wp-block-heading\"><strong>4. Austrija \u2013 Europska plinska konferencija odgo\u0111ena do daljnjeg zbog najavljenih prosvjeda<\/strong><\/h3>\n\n<figure class=\"wp-block-image size-large\"><img loading=\"lazy\" decoding=\"async\" width=\"1024\" height=\"768\" src=\"https:\/\/www.greenpeace.org\/static\/planet4-croatia-stateless\/2024\/05\/2670b1f0-gp0stvtep-1024x768.webp\" alt=\"\" class=\"wp-image-3721\" srcset=\"https:\/\/www.greenpeace.org\/static\/planet4-croatia-stateless\/2024\/05\/2670b1f0-gp0stvtep-1024x768.webp 1024w, https:\/\/www.greenpeace.org\/static\/planet4-croatia-stateless\/2024\/05\/2670b1f0-gp0stvtep-300x225.webp 300w, https:\/\/www.greenpeace.org\/static\/planet4-croatia-stateless\/2024\/05\/2670b1f0-gp0stvtep-768x576.webp 768w, https:\/\/www.greenpeace.org\/static\/planet4-croatia-stateless\/2024\/05\/2670b1f0-gp0stvtep-453x340.webp 453w, https:\/\/www.greenpeace.org\/static\/planet4-croatia-stateless\/2024\/05\/2670b1f0-gp0stvtep.webp 1200w\" sizes=\"auto, (max-width: 1024px) 100vw, 1024px\" \/><figcaption class=\"wp-element-caption\">Penja\u010di iz Greenpeacea za Srednju i Isto\u010dnu Europu objesili su transparent \u201eZaustavimo fosilne zlo\u010dine\u201c na zgradu gdje se trebala odr\u017eati Europska plinska konferencija u Be\u010du 2023. u <a href=\"https:\/\/www.greenpeace.org\/international\/press-release\/58917\/end-fossil-crimes-protest-european-gas-conference-greenwashing\/\">znak prosvjeda zbog planova industrije za zeleni manipulativni marketing o fosilnom plinu<\/a>. \u00a9 Mitja Kobal \/ Greenpeace<\/figcaption><\/figure>\n\n<p>Snaga naroda otjerala je plinski lobi iz Be\u010da! Europska plinska konferencija, ina\u010de godi\u0161nji sastanak predstavnika velikih fosilnih kompanija, investitora i odabranih politi\u010dara u Be\u010du, koja se trebala odr\u017eati u o\u017eujku, <a href=\"https:\/\/greenpeace.at\/presse\/europaeische-gaskonferenz-verschoben-greenpeace-sieht-erfolg-der-klimabewegung-und-fordert-absage\/\">odgo\u0111ena je do<\/a> daljnjeg kao odgovor na najavljene prosvjede.<\/p>\n\n<p>Pro\u0161le godine tisu\u0107e ljudi usprotivilo se Europskoj plinskoj konferenciji na tzv. protu-konferenciji civilnog dru\u0161tva nizom izravnih akcija i blokada te javnim mar\u0161om. Aktivisti Greenpeacea srednje i isto\u010dni Europe pridru\u017eili su se tom pokretu, zajedno sa saveznicima iz organizacije<a href=\"https:\/\/dont-gas-africa.org\/\"> Don&#8217;t Gas Africa<\/a>, te <a href=\"https:\/\/www.greenpeace.org\/international\/press-release\/58917\/end-fossil-crimes-protest-european-gas-conference-greenwashing\/\">izvjesili transparent s natpisom \u201eZaustavimo fosilne zlo\u010dine\u201c<\/a> na hotel u kojem se odr\u017eava konferencija.<\/p>\n\n<p>Ovo je pobjeda za okon\u010danje fosilnih goriva, pobolj\u0161anje energetske u\u010dinkovitosti i ubrzanje prijelaza na obnovljive izvore energije za sve. Ni u Be\u010du ni bilo gdje drugdje fosilni lobisti ne bi se smjeli sastajati iza zatvorenih vrata planiraju\u0107i uni\u0161tenje na\u0161eg planeta.&nbsp;<\/p>\n\n<h3 class=\"wp-block-heading\"><strong>5. Nigerija \u2013 Zabrana plastike za jednokratnu upotrebu u Lagosu<\/strong><\/h3>\n\n<figure class=\"wp-block-image size-large\"><img loading=\"lazy\" decoding=\"async\" width=\"1024\" height=\"683\" src=\"https:\/\/www.greenpeace.org\/static\/planet4-croatia-stateless\/2024\/05\/78b02881-gp0styjup-1024x683.jpg\" alt=\"\" class=\"wp-image-3722\" srcset=\"https:\/\/www.greenpeace.org\/static\/planet4-croatia-stateless\/2024\/05\/78b02881-gp0styjup-1024x683.jpg 1024w, https:\/\/www.greenpeace.org\/static\/planet4-croatia-stateless\/2024\/05\/78b02881-gp0styjup-300x200.jpg 300w, https:\/\/www.greenpeace.org\/static\/planet4-croatia-stateless\/2024\/05\/78b02881-gp0styjup-768x512.jpg 768w, https:\/\/www.greenpeace.org\/static\/planet4-croatia-stateless\/2024\/05\/78b02881-gp0styjup-510x340.jpg 510w, https:\/\/www.greenpeace.org\/static\/planet4-croatia-stateless\/2024\/05\/78b02881-gp0styjup.jpg 1200w\" sizes=\"auto, (max-width: 1024px) 100vw, 1024px\" \/><figcaption class=\"wp-element-caption\">Sna\u017ean poziv na Globalni sporazum o plastici prema kojem se proizvodnja plastike mora smanjiti za najmanje 75% do 2040. \u00a9 Greenpeace \/ Natanya Harrington<\/figcaption><\/figure>\n\n<p>Nigerija \u010dini sve kako bi suzbila plasti\u010dni otpad <a href=\"https:\/\/www.greenpeace.org\/africa\/en\/press\/54762\/greenpeace-africa-lauds-nigerias-lagos-state-plastic-ban\/\">zabranom stiropora i jednokratne plastike u Lagosu<\/a>. Plastika je mrlja na krajoliku grada, za\u010depljuje oluke i vodene putove te pridonosi one\u010di\u0161\u0107enju. Distributeri i proizvo\u0111a\u010di imaju zakonsku obvezu prona\u0107i alternativu za vi\u0161ekratnu uporabu.&nbsp;<a href=\"https:\/\/www.greenpeace.org\/africa\/en\/blogs\/11156\/34-plastic-bans-in-africa\/\">Najmanje 34 afri\u010dke zemlje<\/a> ve\u0107 su usvojile zabranu ili zakone kojima se ograni\u010dava upotreba plastike. U ve\u0107ini slu\u010dajeva provedba tih zabrana i dalje predstavlja izazov. Iako je zabrana plastike za jednokratnu uporabu uvijek dobrodo\u0161la, industrija mora smanjiti i proizvodnju plastike kako bi se plimni val plasti\u010dnog one\u010di\u0161\u0107enja doista zaustavio. Greenpeace <a href=\"https:\/\/www.greenpeace.org\/international\/story\/66201\/to-be-a-treaty-for-the-people-the-global-plastics-treaty-must-reduce-plastic-production\/\">poziva na Globalni sporazum o plastici<\/a> koji nala\u017ee smanjenje proizvodnje plastike za 75 posto.&nbsp;<\/p>\n\n<h3 class=\"wp-block-heading\"><strong>6. Bugarska \u2013 Sud presudio da elektrana na ugljen kr\u0161i ekolo\u0161ke standarde<\/strong><\/h3>\n\n<p>Nakon petogodi\u0161nje pravne bitke koju je predvodio Greenpeace Bugarska, <a href=\"https:\/\/www.bta.bg\/en\/news\/economy\/638051-court-says-maritsa-iztok-2-coal-plant-violates-environmental-standards-needs-ne\">Upravni sud presudio je da elektrana na ugljen Maritsa Iztok 2 kr\u0161i ekolo\u0161ke standarde<\/a>. Ako presudu potvrdi Vrhovni upravni sud, najve\u0107a i jedina dr\u017eavna elektrana na ugljen u toj zemlji morat \u0107e ispuniti zahtjeve u pogledu smanjenja one\u010di\u0161\u0107enja kako bi nastavila s radom.<\/p>\n\n<p>Ova presuda najozbiljniji je od mnogih poziva na bu\u0111enje upu\u0107enih proteklih godina politi\u010darima, sindikatima i radnicima: energetska tranzicija je u tijeku i nema povratka, za\u0161to se onda ne bismo pobrinuli da je provedemo kako treba?&nbsp;<\/p>\n\n<h3 class=\"wp-block-heading\"><strong>7. Nizozemska \u2013 Trajno zatvoreno jedno od najve\u0107ih plinskih polja u Europi<\/strong><\/h3>\n\n<figure class=\"wp-block-embed is-type-rich is-provider-twitter wp-block-embed-twitter\"><div class=\"wp-block-embed__wrapper\">\n<blockquote class=\"twitter-tweet\" data-width=\"500\" data-dnt=\"true\"><p lang=\"en\" dir=\"ltr\">The Netherlands is set to close Europe&#39;s largest gas field, where extraction has triggered years of earthquakes, causing damage to homes, health problems, and deaths \u2764\ufe0f\u200d\ud83e\ude79<br><br>Fossil gas, like oil and coal, belongs to the past.<br><br>Now is the time to <a href=\"https:\/\/twitter.com\/hashtag\/StopFossilGas?src=hash&amp;ref_src=twsrc%5Etfw\">#StopFossilGas<\/a> everywhere and make\u2026 <a href=\"https:\/\/t.co\/uTya9PTFxr\">pic.twitter.com\/uTya9PTFxr<\/a><\/p>&mdash; Greenpeace International (@Greenpeace) <a href=\"https:\/\/twitter.com\/Greenpeace\/status\/1780883920109674986?ref_src=twsrc%5Etfw\">April 18, 2024<\/a><\/blockquote><script async src=\"https:\/\/platform.twitter.com\/widgets.js\" charset=\"utf-8\"><\/script>\n<\/div><\/figure>\n\n<p>Nizozemski je Senat 16. travnja <a href=\"https:\/\/www.reuters.com\/business\/energy\/dutch-senate-approves-law-permanently-close-groningen-gas-field-2024-04-16\/\">usvojio Zakon o trajnom zatvaranju plinskog polja Groningen<\/a>. Tijekom mnogih godina rada jedno od najve\u0107ih plinskih polja u Europi <a href=\"https:\/\/www.rug.nl\/news\/2018\/01\/earthquake-damage-enormous-impact-on-health-and-perceived-safety\">povezivalo se s potresima, o\u0161te\u0107enjem ku\u0107a, zdravstvenim problemima i smrtnim slu\u010dajevima<\/a>. Fosilni je plin destruktivan, kao i nafta i ugljen, te pripada pro\u0161losti.<\/p>\n\n<h3 class=\"wp-block-heading\"><strong>8. Nizozemska \u2013 Kraj mutnim sponzorstvima i ulaganjima<\/strong><\/h3>\n\n<figure class=\"wp-block-image size-large\"><img loading=\"lazy\" decoding=\"async\" width=\"1024\" height=\"683\" src=\"https:\/\/www.greenpeace.org\/static\/planet4-croatia-stateless\/2024\/05\/8099fa32-gp1sxp1h-1024x683.webp\" alt=\"\" class=\"wp-image-3723\" srcset=\"https:\/\/www.greenpeace.org\/static\/planet4-croatia-stateless\/2024\/05\/8099fa32-gp1sxp1h-1024x683.webp 1024w, https:\/\/www.greenpeace.org\/static\/planet4-croatia-stateless\/2024\/05\/8099fa32-gp1sxp1h-300x200.webp 300w, https:\/\/www.greenpeace.org\/static\/planet4-croatia-stateless\/2024\/05\/8099fa32-gp1sxp1h-768x512.webp 768w, https:\/\/www.greenpeace.org\/static\/planet4-croatia-stateless\/2024\/05\/8099fa32-gp1sxp1h-510x340.webp 510w, https:\/\/www.greenpeace.org\/static\/planet4-croatia-stateless\/2024\/05\/8099fa32-gp1sxp1h.webp 1200w\" sizes=\"auto, (max-width: 1024px) 100vw, 1024px\" \/><figcaption class=\"wp-element-caption\">Tisu\u0107e ljudi iza\u0161lo je na ulice Rotterdama u Nizozemskoj povodom klimatskog mar\u0161a kako bi zatra\u017eili zeleniju i pravedniju klimatsku politiku za 2021. \u00a9 Bart Hoogveld \/ Greenpeace<\/figcaption><\/figure>\n\n<p>Uzbu\u0111eni smo \u0161to mo\u017eemo objaviti kraj sponzorskih ugovora izme\u0111u KLM-a i utrke Urban Trail, kao i kraj sponzorstva nagradne ve\u010dere za putnike KLM-a (Frequent Flyer) u amsterdamskom filmskom muzeju Eye. Greenpeace Nizozemska <a href=\"https:\/\/www.youtube.com\/watch?v=UKDvHi6UDG4\">vodi kampanju protiv fosilnog ogla\u0161avanja<\/a>, me\u0111u ostalim ogla\u0161avanja zrakoplovne industrije, a to je samo vrh ledenog brijega zelenog manipulativnog marketinga.<\/p>\n\n<p>Nadalje, 20. o\u017eujka ove godine <a href=\"https:\/\/www.reuters.com\/business\/aerospace-defense\/dutch-court-rule-klm-greenwashing-case-2024-03-20\/\">nizozemski sud donio je presudu da je KLM obmanuo kupce reklamnom kampanjom<\/a> usmjerenom na pobolj\u0161anje ekolo\u0161kog imid\u017ea poduze\u0107a, u predmetu o zelenom manipulativnom marketingu. Iako nije izre\u010dena nikakva kazna i dalje se radi o zna\u010dajnoj odluci kojom se ekolo\u0161ke tvrdnje stavljaju pod pove\u0107alo.Osim toga, PFZW, jedan od najve\u0107ih nizozemskih mirovinskih fondova i fond za zdravstvene djelatnike, <a href=\"https:\/\/nos.nl\/regio\/utrecht\/artikel\/234429-bezwijkt-pensioenfonds-zeist-onder-de-druk-van-klimaatactivisten-er-zijn-geen-excuses-meer\">objavio je u o\u017eujku da \u0107e ve\u0107inu svojih sredstava odmaknuti od fosilnih goriva<\/a>. Zajedno s udru\u017eenjem razli\u010ditih lokalnih klimatskih skupina i nevladinih organizacija, Greenpeace u Nizozemskoj intenzivno se bori protiv suradnje fonda s tvrtkama koje se bave fosilnim gorivima.<\/p>\n\n<h3 class=\"wp-block-heading\"><strong>9. Indija \u2013 Vrhovni sud presudio da gra\u0111ani imaju pravo na slobodu od \u0161tetnih u\u010dinaka klimatskih promjena<\/strong><\/h3>\n\n<figure class=\"wp-block-image size-large\"><img loading=\"lazy\" decoding=\"async\" width=\"1024\" height=\"776\" src=\"https:\/\/www.greenpeace.org\/static\/planet4-croatia-stateless\/2024\/05\/2833f557-gp0stu1wq-1024x776.jpg\" alt=\"\" class=\"wp-image-3724\" srcset=\"https:\/\/www.greenpeace.org\/static\/planet4-croatia-stateless\/2024\/05\/2833f557-gp0stu1wq-1024x776.jpg 1024w, https:\/\/www.greenpeace.org\/static\/planet4-croatia-stateless\/2024\/05\/2833f557-gp0stu1wq-300x227.jpg 300w, https:\/\/www.greenpeace.org\/static\/planet4-croatia-stateless\/2024\/05\/2833f557-gp0stu1wq-768x582.jpg 768w, https:\/\/www.greenpeace.org\/static\/planet4-croatia-stateless\/2024\/05\/2833f557-gp0stu1wq-449x340.jpg 449w, https:\/\/www.greenpeace.org\/static\/planet4-croatia-stateless\/2024\/05\/2833f557-gp0stu1wq.jpg 1028w\" sizes=\"auto, (max-width: 1024px) 100vw, 1024px\" \/><figcaption class=\"wp-element-caption\">Klimatski mar\u0161evi i prosvjedi u Patni u Indiji. \u00a9 Greenpeace<\/figcaption><\/figure>\n\n<p><a href=\"https:\/\/www.hindustantimes.com\/india-news\/in-first-nine-months-of-2023-extreme-weather-in-india-nearly-daily-study-101701288165723.html\" data-type=\"link\" data-id=\"https:\/\/www.hindustantimes.com\/india-news\/in-first-nine-months-of-2023-extreme-weather-in-india-nearly-daily-study-101701288165723.html\">Na\u017ealost, 2023. bila je godina ekstremnih vremenskih uvjeta u Indiji<\/a> koji su ugrozili \u017eivote, sredstva za \u017eivot te uni\u0161tili domove. <a href=\"https:\/\/www.downtoearth.org.in\/news\/governance\/analysis-what-does-the-new-supreme-court-judgment-mean-for-climate-action-in-india--95462\">Vrhovni sud Indije presudio je<\/a> da su dr\u017eave du\u017ene brinuti se o svojim gra\u0111anima i za\u0161tititi njihovo pravo na zdrav i \u010dist okoli\u0161. Politike i zakoni kojima se omogu\u0107uju mjere prilagodbe i pove\u0107ava otpornost najmarginaliziranijih skupina za Indiju su klju\u010dni.<\/p>\n","protected":false},"excerpt":{"rendered":"<p>U borbi za za bolji, zeleniji i pravedniji svijet za sve &#8211; nema odmora. U blogu donosimo primjere zna\u010dajnih pravnih pobjeda ovog prolje\u0107a u podru\u010dju klimatske i ekolo\u0161ke pravde koje nas inspiriraju u daljnjoj borbi. <\/p>\n","protected":false},"author":26,"featured_media":3724,"comment_status":"open","ping_status":"open","sticky":false,"template":"","format":"standard","meta":{"ep_exclude_from_search":false,"p4_og_title":"","p4_og_description":"","p4_og_image":"","p4_og_image_id":"","p4_seo_canonical_url":"","p4_campaign_name":"","p4_local_project":"","p4_basket_name":"","p4_department":"","footnotes":""},"categories":[29],"tags":[27,56,22,24,23,41],"p4-page-type":[16],"class_list":["post-3716","post","type-post","status-publish","format-standard","has-post-thumbnail","hentry","category-klima-i-energija","tag-fosilnagoriva","tag-fosilniplin","tag-jednokratnaplastika","tag-klimatskepromjene","tag-obnovljiviizvori","tag-zdravlje","p4-page-type-blog"],"_links":{"self":[{"href":"https:\/\/www.greenpeace.org\/croatia\/wp-json\/wp\/v2\/posts\/3716","targetHints":{"allow":["GET"]}}],"collection":[{"href":"https:\/\/www.greenpeace.org\/croatia\/wp-json\/wp\/v2\/posts"}],"about":[{"href":"https:\/\/www.greenpeace.org\/croatia\/wp-json\/wp\/v2\/types\/post"}],"author":[{"embeddable":true,"href":"https:\/\/www.greenpeace.org\/croatia\/wp-json\/wp\/v2\/users\/26"}],"replies":[{"embeddable":true,"href":"https:\/\/www.greenpeace.org\/croatia\/wp-json\/wp\/v2\/comments?post=3716"}],"version-history":[{"count":3,"href":"https:\/\/www.greenpeace.org\/croatia\/wp-json\/wp\/v2\/posts\/3716\/revisions"}],"predecessor-version":[{"id":3793,"href":"https:\/\/www.greenpeace.org\/croatia\/wp-json\/wp\/v2\/posts\/3716\/revisions\/3793"}],"wp:featuredmedia":[{"embeddable":true,"href":"https:\/\/www.greenpeace.org\/croatia\/wp-json\/wp\/v2\/media\/3724"}],"wp:attachment":[{"href":"https:\/\/www.greenpeace.org\/croatia\/wp-json\/wp\/v2\/media?parent=3716"}],"wp:term":[{"taxonomy":"category","embeddable":true,"href":"https:\/\/www.greenpeace.org\/croatia\/wp-json\/wp\/v2\/categories?post=3716"},{"taxonomy":"post_tag","embeddable":true,"href":"https:\/\/www.greenpeace.org\/croatia\/wp-json\/wp\/v2\/tags?post=3716"},{"taxonomy":"p4-page-type","embeddable":true,"href":"https:\/\/www.greenpeace.org\/croatia\/wp-json\/wp\/v2\/p4-page-type?post=3716"}],"curies":[{"name":"wp","href":"https:\/\/api.w.org\/{rel}","templated":true}]}}