{"id":3796,"date":"2024-07-16T10:36:38","date_gmt":"2024-07-16T08:36:38","guid":{"rendered":"https:\/\/www.greenpeace.org\/croatia\/?p=3796"},"modified":"2024-07-16T11:31:30","modified_gmt":"2024-07-16T09:31:30","slug":"greenpeace-profit-se-broji-narod-se-znoji","status":"publish","type":"post","link":"https:\/\/www.greenpeace.org\/croatia\/greenpeace-profit-se-broji-narod-se-znoji\/","title":{"rendered":"Greenpeace: \u2018Profit se broji, narod se znoji\u2018"},"content":{"rendered":"\n<p><strong>Zagreb, 16. srpnja 2024. &#8211; Ve\u0107 vi\u0161e od tjedan dana svjedo\u010dimo nesnosnim vru\u0107inama koje se pribli\u017eavaju 40 stupnjeva Celzijusa, a meteorolozi ih nazivaju toplinskim valovima. S obzirom na to da su sve \u010de\u0161\u0107i i traju sve dulje diljem zemlje, oni postaju trajnija realnost, a ne prolazna neda\u0107a. Aktivisti Greenpeacea poslali su u utorak sa zagreba\u010dkih krovova poruku uz simboli\u010dan rekvizit, koji u odnos stavlja fosilna goriva i aktualne vru\u0107ine. Pozvali su Vladu da ubla\u017eavanje klimatskih promjena i njezinih posljedica uvrsti me\u0111u svoje prioritete.&nbsp;&nbsp;<\/strong><\/p>\n\n<figure class=\"wp-block-image size-large\"><img loading=\"lazy\" decoding=\"async\" width=\"1024\" height=\"682\" src=\"https:\/\/www.greenpeace.org\/static\/planet4-croatia-stateless\/2024\/07\/73259a99-greenpeace_ratko-mavar-5-1024x682.jpg\" alt=\"\" class=\"wp-image-3797\" srcset=\"https:\/\/www.greenpeace.org\/static\/planet4-croatia-stateless\/2024\/07\/73259a99-greenpeace_ratko-mavar-5-1024x682.jpg 1024w, https:\/\/www.greenpeace.org\/static\/planet4-croatia-stateless\/2024\/07\/73259a99-greenpeace_ratko-mavar-5-300x200.jpg 300w, https:\/\/www.greenpeace.org\/static\/planet4-croatia-stateless\/2024\/07\/73259a99-greenpeace_ratko-mavar-5-768x512.jpg 768w, https:\/\/www.greenpeace.org\/static\/planet4-croatia-stateless\/2024\/07\/73259a99-greenpeace_ratko-mavar-5-510x340.jpg 510w, https:\/\/www.greenpeace.org\/static\/planet4-croatia-stateless\/2024\/07\/73259a99-greenpeace_ratko-mavar-5.jpg 1181w\" sizes=\"auto, (max-width: 1024px) 100vw, 1024px\" \/><\/figure>\n\n<p>Prema informacijama koje smo dobili od DHMZ-a, aktualni je toplinski val u Hrvatskoj po\u010deo u ponedjeljak, 8. srpnja na Jadranu, a u utorak 9. srpnja u ostalim dijelovima zemlje. Njegovo se trajanje o\u010dekuje u kopnenim predjelima do potkraj tjedna kada je mogu\u0107 dotok manje toplog zraka do na\u0161ih krajeva. Na Jadranu, posebice u Dalmaciji, vjerojatno \u0107e se nastaviti i dulje.<\/p>\n\n<figure class=\"wp-block-image size-large\"><img loading=\"lazy\" decoding=\"async\" width=\"1024\" height=\"682\" src=\"https:\/\/www.greenpeace.org\/static\/planet4-croatia-stateless\/2024\/07\/05df8c73-greenpeace_ratko-mavar-4-1024x682.jpg\" alt=\"\" class=\"wp-image-3798\" srcset=\"https:\/\/www.greenpeace.org\/static\/planet4-croatia-stateless\/2024\/07\/05df8c73-greenpeace_ratko-mavar-4-1024x682.jpg 1024w, https:\/\/www.greenpeace.org\/static\/planet4-croatia-stateless\/2024\/07\/05df8c73-greenpeace_ratko-mavar-4-300x200.jpg 300w, https:\/\/www.greenpeace.org\/static\/planet4-croatia-stateless\/2024\/07\/05df8c73-greenpeace_ratko-mavar-4-768x512.jpg 768w, https:\/\/www.greenpeace.org\/static\/planet4-croatia-stateless\/2024\/07\/05df8c73-greenpeace_ratko-mavar-4-510x340.jpg 510w, https:\/\/www.greenpeace.org\/static\/planet4-croatia-stateless\/2024\/07\/05df8c73-greenpeace_ratko-mavar-4.jpg 1181w\" sizes=\"auto, (max-width: 1024px) 100vw, 1024px\" \/><\/figure>\n\n<p>Hrvatska Vlada do sada je uglavnom deklarativno klimatske promjene postavljala kao problem na globalnim politi\u010dkim pozornicama. Primjerice, pro\u0161log je tjedna predsjednik Vlade Andrej Plenkovi\u0107 upoznao izvr\u0161nog potpredsjednika Europske komisije Maro\u0161a \u0160ef\u010dovi\u010da s prioritetima Vlade, a na vrh je smjestio zelenu tranziciju. Njegova Vlada istovremeno podr\u017eava pro\u0161irenje LNG terminala i druge plinske infrastrukture, projekte vrijedne stotine milijuna eura. Fosilna industrija je najve\u0107i generator klimatskih promjena i krajnje je vrijeme da se dobrobit i zdravlje naroda stave ispred profita fosilnih kompanija.\u00a0<\/p>\n\n<figure class=\"wp-block-image size-large\"><img loading=\"lazy\" decoding=\"async\" width=\"1024\" height=\"682\" src=\"https:\/\/www.greenpeace.org\/static\/planet4-croatia-stateless\/2024\/07\/27eec8c2-greenpeace_ratko-mavar-1-1024x682.jpg\" alt=\"\" class=\"wp-image-3800\" srcset=\"https:\/\/www.greenpeace.org\/static\/planet4-croatia-stateless\/2024\/07\/27eec8c2-greenpeace_ratko-mavar-1-1024x682.jpg 1024w, https:\/\/www.greenpeace.org\/static\/planet4-croatia-stateless\/2024\/07\/27eec8c2-greenpeace_ratko-mavar-1-300x200.jpg 300w, https:\/\/www.greenpeace.org\/static\/planet4-croatia-stateless\/2024\/07\/27eec8c2-greenpeace_ratko-mavar-1-768x512.jpg 768w, https:\/\/www.greenpeace.org\/static\/planet4-croatia-stateless\/2024\/07\/27eec8c2-greenpeace_ratko-mavar-1-510x340.jpg 510w, https:\/\/www.greenpeace.org\/static\/planet4-croatia-stateless\/2024\/07\/27eec8c2-greenpeace_ratko-mavar-1.jpg 1181w\" sizes=\"auto, (max-width: 1024px) 100vw, 1024px\" \/><\/figure>\n\n<p>&#8211; Fosilna industrija ostvaruje ekstraprofite i planira izgradnju nove infrastrukture koja \u0107e nas \u2018zabetonirati\u2019 u fosilno doba, \u010dije nemilosrdne posljedice ve\u0107 itekako osje\u0107amo na vlastitoj ko\u017ei. Ve\u0107 desetlje\u0107ima fosilna industrija dobro zna da snosi najve\u0107u odgovornost za klimatsku krizu, no namjerno prikriva istinu i nastoji diskreditirati znanstvene dokaze, ne bi li nesmetano nastavila s prljavim poslovima koji joj donose enormne profite. Fosilne kompanije pori\u010du svoju odgovornost i ne pla\u0107aju nikakvu \u0161tetu, a tro\u0161kove i posljedice snose gra\u0111ani i dru\u0161tvo &#8211; svi mi. &nbsp; &#8211; istaknula je <strong>Petra Andri\u0107<\/strong>, programska voditeljica Greenpeacea u Hrvatskoj.&nbsp;&nbsp;<\/p>\n\n<p>Dok naftne i plinske kompanije zara\u0111uju oko 2,8 milijardi ameri\u010dkih dolara u prosjeku svaki dan u posljednjih 50 godina, najizlo\u017eenije zajednice i ljudi trpe gubitke uzrokovane toplinskim valovima, rekordnim poplavama, olujama, tu\u010dama, \u0161umskim po\u017earima, su\u0161ama koji uni\u0161tavaju domove i zdravlje ljudi te odnose \u017eivote. U Hrvatskoj \u0161tetu trpe poljoprivrednici, starije i bolesno stanovni\u0161tvo uz pove\u0107an broj lije\u010dni\u010dkih intervencija, ali i oni najmla\u0111i i radno aktivni pa je tako ve\u0107 najavljena odgoda po\u010detka \u0161kolske godine. Temperatura mora dosti\u017ee tridesetak stupnjeva u srpnju, a uhvatio nas je i val toplih, tropskih no\u0107i, kada je najni\u017ea temperatura 20 ili vi\u0161e stupnjeva, uslijed \u010dega mnogi i spavaju pod klima ure\u0111ajima.&nbsp;&nbsp;<\/p>\n\n<p>&#8211; Pozivamo hrvatsku Vladu da borbu protiv klimatskih promjena shvati kao stvarni prioritet i prije\u0111e s rije\u010di na djela. Umjesto u nove fosilne projekte, sva nova ulaganja trebaju se usmjeriti u energetsku u\u010dinkovitost i obnovljive izvore energije, pogotovo energiju sunca za koju u Hrvatskoj imamo ogromne potencijale &#8211; zaklju\u010dila je Andri\u0107.&nbsp;<\/p>\n\n<figure class=\"wp-block-image size-large\"><img loading=\"lazy\" decoding=\"async\" width=\"1024\" height=\"682\" src=\"https:\/\/www.greenpeace.org\/static\/planet4-croatia-stateless\/2024\/07\/e988254a-greenpeace_ratko-mavar-3-1024x682.jpg\" alt=\"\" class=\"wp-image-3799\" srcset=\"https:\/\/www.greenpeace.org\/static\/planet4-croatia-stateless\/2024\/07\/e988254a-greenpeace_ratko-mavar-3-1024x682.jpg 1024w, https:\/\/www.greenpeace.org\/static\/planet4-croatia-stateless\/2024\/07\/e988254a-greenpeace_ratko-mavar-3-300x200.jpg 300w, https:\/\/www.greenpeace.org\/static\/planet4-croatia-stateless\/2024\/07\/e988254a-greenpeace_ratko-mavar-3-768x512.jpg 768w, https:\/\/www.greenpeace.org\/static\/planet4-croatia-stateless\/2024\/07\/e988254a-greenpeace_ratko-mavar-3-510x340.jpg 510w, https:\/\/www.greenpeace.org\/static\/planet4-croatia-stateless\/2024\/07\/e988254a-greenpeace_ratko-mavar-3.jpg 1181w\" sizes=\"auto, (max-width: 1024px) 100vw, 1024px\" \/><\/figure>\n","protected":false},"excerpt":{"rendered":"<p>S obzirom na to da su sve \u010de\u0161\u0107i i traju sve dulje diljem zemlje, oni postaju trajnija realnost, a ne prolazna neda\u0107a. Aktivisti Greenpeacea poslali su u utorak sa zagreba\u010dkih krovova poruku uz simboli\u010dan rekvizit, koji u odnos stavlja fosilna goriva i aktualne vru\u0107ine. <\/p>\n","protected":false},"author":26,"featured_media":3797,"comment_status":"open","ping_status":"open","sticky":false,"template":"","format":"standard","meta":{"ep_exclude_from_search":false,"p4_og_title":"","p4_og_description":"","p4_og_image":"","p4_og_image_id":"","p4_seo_canonical_url":"","p4_campaign_name":"","p4_local_project":"","p4_basket_name":"","p4_department":"","footnotes":""},"categories":[29],"tags":[27,56,24,41],"p4-page-type":[14],"class_list":["post-3796","post","type-post","status-publish","format-standard","has-post-thumbnail","hentry","category-klima-i-energija","tag-fosilnagoriva","tag-fosilniplin","tag-klimatskepromjene","tag-zdravlje","p4-page-type-pr"],"_links":{"self":[{"href":"https:\/\/www.greenpeace.org\/croatia\/wp-json\/wp\/v2\/posts\/3796","targetHints":{"allow":["GET"]}}],"collection":[{"href":"https:\/\/www.greenpeace.org\/croatia\/wp-json\/wp\/v2\/posts"}],"about":[{"href":"https:\/\/www.greenpeace.org\/croatia\/wp-json\/wp\/v2\/types\/post"}],"author":[{"embeddable":true,"href":"https:\/\/www.greenpeace.org\/croatia\/wp-json\/wp\/v2\/users\/26"}],"replies":[{"embeddable":true,"href":"https:\/\/www.greenpeace.org\/croatia\/wp-json\/wp\/v2\/comments?post=3796"}],"version-history":[{"count":2,"href":"https:\/\/www.greenpeace.org\/croatia\/wp-json\/wp\/v2\/posts\/3796\/revisions"}],"predecessor-version":[{"id":3802,"href":"https:\/\/www.greenpeace.org\/croatia\/wp-json\/wp\/v2\/posts\/3796\/revisions\/3802"}],"wp:featuredmedia":[{"embeddable":true,"href":"https:\/\/www.greenpeace.org\/croatia\/wp-json\/wp\/v2\/media\/3797"}],"wp:attachment":[{"href":"https:\/\/www.greenpeace.org\/croatia\/wp-json\/wp\/v2\/media?parent=3796"}],"wp:term":[{"taxonomy":"category","embeddable":true,"href":"https:\/\/www.greenpeace.org\/croatia\/wp-json\/wp\/v2\/categories?post=3796"},{"taxonomy":"post_tag","embeddable":true,"href":"https:\/\/www.greenpeace.org\/croatia\/wp-json\/wp\/v2\/tags?post=3796"},{"taxonomy":"p4-page-type","embeddable":true,"href":"https:\/\/www.greenpeace.org\/croatia\/wp-json\/wp\/v2\/p4-page-type?post=3796"}],"curies":[{"name":"wp","href":"https:\/\/api.w.org\/{rel}","templated":true}]}}