{"id":3870,"date":"2024-09-20T10:13:18","date_gmt":"2024-09-20T08:13:18","guid":{"rendered":"https:\/\/www.greenpeace.org\/croatia\/?p=3870"},"modified":"2024-09-27T12:26:30","modified_gmt":"2024-09-27T10:26:30","slug":"ina-proglasena-krivom-za-ignoriranje-rjesenja-o-uklanjanju-ivane-d-iz-jadrana","status":"publish","type":"post","link":"https:\/\/www.greenpeace.org\/croatia\/ina-proglasena-krivom-za-ignoriranje-rjesenja-o-uklanjanju-ivane-d-iz-jadrana\/","title":{"rendered":"Ina progla\u0161ena krivom u slu\u010daju Ivane D"},"content":{"rendered":"\n<p><strong>Zagreb, 20. rujna 2024. &#8211; Op\u0107inski sud u Novom Zagrebu donio je nepravomo\u0107nu prekr\u0161ajnu presudu protiv Ine u vezi s plinskom platformom Ivanom D koja je prije gotovo \u010detiri godine potonula u sjevernom Jadranu.&nbsp;<\/strong><\/p>\n\n<figure class=\"wp-block-image size-large\"><img loading=\"lazy\" decoding=\"async\" width=\"1024\" height=\"683\" src=\"https:\/\/www.greenpeace.org\/static\/planet4-croatia-stateless\/2024\/09\/2a359cef-greenpeace-akcija-12_2023_bojanharonmarkicevic_04-1-1024x683.jpg\" alt=\"\" class=\"wp-image-3871\" srcset=\"https:\/\/www.greenpeace.org\/static\/planet4-croatia-stateless\/2024\/09\/2a359cef-greenpeace-akcija-12_2023_bojanharonmarkicevic_04-1-1024x683.jpg 1024w, https:\/\/www.greenpeace.org\/static\/planet4-croatia-stateless\/2024\/09\/2a359cef-greenpeace-akcija-12_2023_bojanharonmarkicevic_04-1-300x200.jpg 300w, https:\/\/www.greenpeace.org\/static\/planet4-croatia-stateless\/2024\/09\/2a359cef-greenpeace-akcija-12_2023_bojanharonmarkicevic_04-1-768x512.jpg 768w, https:\/\/www.greenpeace.org\/static\/planet4-croatia-stateless\/2024\/09\/2a359cef-greenpeace-akcija-12_2023_bojanharonmarkicevic_04-1-1536x1024.jpg 1536w, https:\/\/www.greenpeace.org\/static\/planet4-croatia-stateless\/2024\/09\/2a359cef-greenpeace-akcija-12_2023_bojanharonmarkicevic_04-1-2048x1366.jpg 2048w, https:\/\/www.greenpeace.org\/static\/planet4-croatia-stateless\/2024\/09\/2a359cef-greenpeace-akcija-12_2023_bojanharonmarkicevic_04-1-510x340.jpg 510w\" sizes=\"auto, (max-width: 1024px) 100vw, 1024px\" \/><figcaption class=\"wp-element-caption\"> \u00a9Bojan Haron Marki\u010devi\u0107_Greenpeace<\/figcaption><\/figure>\n\n<p><strong>Zbog nepostupanja po Rje\u0161enju Dr\u017eavnog inspektorata Republike Hrvatske (DIRH) iz rujna 2021. kojim je, izme\u0111u ostalog, nalo\u017eeno i uklanjanje platforme Ivane D s morskog dna u roku od godine dana, DIRH je nadle\u017enom Op\u0107inskom sudu podnio optu\u017eni prijedlog protiv Ine. Prekr\u0161ajnom presudom Op\u0107inskog suda Ina je progla\u0161ena krivom \u0161to nije postupila po DIRH-ovom Rje\u0161enju, \u010dime je prekr\u0161ila Zakon o Dr\u017eavnom inspektoratu, ali je istovremeno oslobo\u0111ena od optu\u017ebe da je prekr\u0161ila Zakon o sigurnosti pri odobalnom istra\u017eivanju i eksploataciji ugljikovodika, \u010dl.15, st.1 (investitor je du\u017ean ukloniti eksploatacijski objekt u roku od jedne godine od trenutka obustave izvo\u0111enja naftno-rudarskih radova).<\/strong><strong> <\/strong><strong>&nbsp;<\/strong><\/p>\n\n<p><strong>Pomalo paradoksalno, bez obzira \u0161to se radi o dva odvojena postupka Ina je na neki na\u010din za istu stvar istovremeno okrivljena i oslobo\u0111ena.<\/strong><\/p>\n\n<p>Op\u0107inski sud u Novom Zagrebu potvrdio je Greenpeaceu da je 18. travnja 2024. donesena i objavljena presuda kojom je okrivljenik progla\u0161en krivim \u0161to od 16. listopada 2022. do 20. lipnja 2023. nije izvr\u0161io dio izvr\u0161nog rje\u0161enja te je Ini izre\u010dena nov\u010dana kazna u iznosu od 10 tisu\u0107a eura koju je du\u017ena platiti po pravomo\u0107nosti presude. Isto vrijedi i za odgovornu osobu, Nikolu Mi\u0161eti\u0107a, operativnog direktora Istra\u017eivanja i proizvodnje nafte i plina, kojem je izre\u010dena kazna u visini 1.500 eura. Iako se radi o uistinu simboli\u010dnoj kazni za jednu fosilnu kompaniju, sud je u ovom slu\u010daju utvrdio da tvrtka u suvlasni\u0161tvu Republike Hrvatske, kr\u0161i zakone &#8211; Republike Hrvatske.<\/p>\n\n<p><\/p>\n\n<p>Greenpeace je do saznanja o sudskom postupku do\u0161ao putem MOL-ovog polugodi\u0161njeg financijskog izvje\u0161\u0107a<sup>1<\/sup> u kojem se spominju Inini pravni sporovi. Navode iz izvje\u0161\u0107a provjerili smo kod nadle\u017enih institucija, Op\u0107inskog suda u Novom Zagrebu te Dr\u017eavnog inspektorata koji su, za razliku od nadle\u017enog ministarstva, spremno i otvoreno objasnili detalje predmeta. Nadle\u017eno ministarstvo informacije o cijelom slu\u010daju javnosti daje na kapaljku, Greenpeace ve\u0107 skoro godinu dana \u010deka odgovore na pitanja o donesenim odlukama, rje\u0161enjima i pojedinostima, uklju\u010duju\u0107i podatke o sastavu i radu misterioznog Povjerenstva za istragu velike nesre\u0107e, osnovanog isklju\u010divo za slu\u010daj potonule platforme.&nbsp;<\/p>\n\n<figure class=\"wp-block-image size-large\"><img loading=\"lazy\" decoding=\"async\" width=\"1024\" height=\"683\" src=\"https:\/\/www.greenpeace.org\/static\/planet4-croatia-stateless\/2024\/09\/d5b9534e-greenpeace_podvodne-snimke-2022_martin-strmiska-1024x683.jpg\" alt=\"\" class=\"wp-image-3872\" srcset=\"https:\/\/www.greenpeace.org\/static\/planet4-croatia-stateless\/2024\/09\/d5b9534e-greenpeace_podvodne-snimke-2022_martin-strmiska-1024x683.jpg 1024w, https:\/\/www.greenpeace.org\/static\/planet4-croatia-stateless\/2024\/09\/d5b9534e-greenpeace_podvodne-snimke-2022_martin-strmiska-300x200.jpg 300w, https:\/\/www.greenpeace.org\/static\/planet4-croatia-stateless\/2024\/09\/d5b9534e-greenpeace_podvodne-snimke-2022_martin-strmiska-768x512.jpg 768w, https:\/\/www.greenpeace.org\/static\/planet4-croatia-stateless\/2024\/09\/d5b9534e-greenpeace_podvodne-snimke-2022_martin-strmiska-510x340.jpg 510w, https:\/\/www.greenpeace.org\/static\/planet4-croatia-stateless\/2024\/09\/d5b9534e-greenpeace_podvodne-snimke-2022_martin-strmiska.jpg 1199w\" sizes=\"auto, (max-width: 1024px) 100vw, 1024px\" \/><figcaption class=\"wp-element-caption\">\u00a9Martin Strmiska_Greenpeace<\/figcaption><\/figure>\n\n<p>Umjesto da postupi po zakonu i rje\u0161enju Dr\u017eavnog inspektorata, Ina izbjegava ogroman tro\u0161ak uklanjanja platforme, a dr\u017eava joj dugotrajnim i netransparentnim postupcima u tome poma\u017ee.<\/p>\n\n<p>Prema o\u010ditovanju Op\u0107inskog suda, Ina je oslobo\u0111ena krivnje jer iz \u010dinjeni\u010dnog opisa prekr\u0161aja nije razvidno vrijeme kada je trajno obustavljeno izvo\u0111enje naftno-rudarskih radova. Me\u0111utim, bez obzira na nepravomo\u0107nu i djelomi\u010dno osloba\u0111aju\u0107u prekr\u0161ajnu presudu, Ina i dalje nije oslobo\u0111ena obveze da ukloni Ivanu D jer je rje\u0161enje Dr\u017eavnog inspektorata o uklanjanju i dalje je na snazi. Obje strane postupka izjavile su \u017ealbu na predmetnu presudu Visokom Prekr\u0161ajnom sudu koji o istoj jo\u0161 nije odlu\u010dio.&nbsp;<\/p>\n\n<p>U me\u0111uvremenu Ina u javnosti plasira ideju da se Ivana D pretvori u umjetni greben koji \u0107e tobo\u017ee obogatiti morsku floru i faunu.&nbsp;<\/p>\n\n<p><em>&#8211; Fosilna industrija u Hrvatskoj pona\u0161a se kako \u017eeli, do sada bez ikakvih ozbiljnijih posljedica za sebe, dok su posljedice na okoli\u0161 stvarne, neprihvatljive i potencijalno nesagledive. Stoga tra\u017eimo od Ine da ukloni platformu Ivanu D iz na\u0161eg mora, a od Vlade da joj to naredi \u0161to prije!<\/em> <em>To o\u010dekuje i 76 posto stanovnika Hrvatske prema anketi agencije Promocija plus kao i vi\u0161e od 10 tisu\u0107a gra\u0111ana koji su potpisali Greenpeaceovu peticiju za uklanjanje stotine tona Ininog otpada iz Jadrana.<\/em> &#8211; istaknula je Petra Andri\u0107, voditeljica kampanje Greenpeacea u Hrvatskoj.\u00a0<\/p>\n\n<p class=\"has-small-font-size\">1)&nbsp;MOL-ovo izvje\u0161\u0107e, str 47-48: <a href=\"https:\/\/molgroup.info\/storage\/documents\/publications\/quarterly_reports\/2024\/molgroup-h1-report-202408-en.pdf\">https:\/\/molgroup.info\/storage\/documents\/publications\/quarterly_reports\/2024\/molgroup-h1-report-202408-en.pdf<\/a><\/p>\n","protected":false},"excerpt":{"rendered":"<p>Op\u0107inski sud u Novom Zagrebu donio je nepravomo\u0107nu prekr\u0161ajnu presudu protiv Ine u vezi s plinskom platformom Ivanom D koja je prije gotovo \u010detiri godine potonula u Jadranu.<\/p>\n","protected":false},"author":26,"featured_media":3871,"comment_status":"open","ping_status":"open","sticky":false,"template":"","format":"standard","meta":{"ep_exclude_from_search":false,"p4_og_title":"","p4_og_description":"","p4_og_image":"","p4_og_image_id":"","p4_seo_canonical_url":"","p4_campaign_name":"","p4_local_project":"","p4_basket_name":"","p4_department":"","footnotes":""},"categories":[29],"tags":[56,62],"p4-page-type":[14],"class_list":["post-3870","post","type-post","status-publish","format-standard","has-post-thumbnail","hentry","category-klima-i-energija","tag-fosilniplin","tag-ivanad","p4-page-type-pr"],"_links":{"self":[{"href":"https:\/\/www.greenpeace.org\/croatia\/wp-json\/wp\/v2\/posts\/3870","targetHints":{"allow":["GET"]}}],"collection":[{"href":"https:\/\/www.greenpeace.org\/croatia\/wp-json\/wp\/v2\/posts"}],"about":[{"href":"https:\/\/www.greenpeace.org\/croatia\/wp-json\/wp\/v2\/types\/post"}],"author":[{"embeddable":true,"href":"https:\/\/www.greenpeace.org\/croatia\/wp-json\/wp\/v2\/users\/26"}],"replies":[{"embeddable":true,"href":"https:\/\/www.greenpeace.org\/croatia\/wp-json\/wp\/v2\/comments?post=3870"}],"version-history":[{"count":4,"href":"https:\/\/www.greenpeace.org\/croatia\/wp-json\/wp\/v2\/posts\/3870\/revisions"}],"predecessor-version":[{"id":3883,"href":"https:\/\/www.greenpeace.org\/croatia\/wp-json\/wp\/v2\/posts\/3870\/revisions\/3883"}],"wp:featuredmedia":[{"embeddable":true,"href":"https:\/\/www.greenpeace.org\/croatia\/wp-json\/wp\/v2\/media\/3871"}],"wp:attachment":[{"href":"https:\/\/www.greenpeace.org\/croatia\/wp-json\/wp\/v2\/media?parent=3870"}],"wp:term":[{"taxonomy":"category","embeddable":true,"href":"https:\/\/www.greenpeace.org\/croatia\/wp-json\/wp\/v2\/categories?post=3870"},{"taxonomy":"post_tag","embeddable":true,"href":"https:\/\/www.greenpeace.org\/croatia\/wp-json\/wp\/v2\/tags?post=3870"},{"taxonomy":"p4-page-type","embeddable":true,"href":"https:\/\/www.greenpeace.org\/croatia\/wp-json\/wp\/v2\/p4-page-type?post=3870"}],"curies":[{"name":"wp","href":"https:\/\/api.w.org\/{rel}","templated":true}]}}