{"id":529,"date":"2018-12-03T00:00:00","date_gmt":"2018-12-02T23:00:00","guid":{"rendered":"https:\/\/master.k8s.p4.greenpeace.org\/croatia\/press\/529\/aktivistima-greenpeacea-odbijen-zahtjev-za-jamcevinom-prijeti-im-nekoliko-mjeseci-pritvora\/"},"modified":"2023-12-20T16:26:59","modified_gmt":"2023-12-20T14:26:59","slug":"aktivistima-greenpeacea-odbijen-zahtjev-za-jamcevinom-prijeti-im-nekoliko-mjeseci-pritvora","status":"publish","type":"post","link":"https:\/\/www.greenpeace.org\/croatia\/aktivistima-greenpeacea-odbijen-zahtjev-za-jamcevinom-prijeti-im-nekoliko-mjeseci-pritvora\/","title":{"rendered":"Aktivistima Greenpeacea odbijen zahtjev za jam\u010devinom &#8211; prijeti im nekoliko mjeseci pritvora"},"content":{"rendered":"<p class=\"leader\">12 aktivista Greenpeacea koji su u srijedu (28.11.) mirno prosvjedovali protiv eksploatacije ugljena ve\u0107 su \u0161esti dan zadr\u017eani u pritvoru u Slova\u010dkoj.<\/p>\n<div><img loading=\"lazy\" decoding=\"async\" class=\"alignnone wp-image-413 size-full\" src=\"https:\/\/www.greenpeace.org\/static\/planet4-croatia-stateless\/2019\/04\/7fc4d972-gp0stsrme_web_size.jpg\" alt=\"\" width=\"800\" height=\"533\" srcset=\"https:\/\/www.greenpeace.org\/static\/planet4-croatia-stateless\/2019\/04\/7fc4d972-gp0stsrme_web_size.jpg 800w, https:\/\/www.greenpeace.org\/static\/planet4-croatia-stateless\/2019\/04\/7fc4d972-gp0stsrme_web_size-300x200.jpg 300w, https:\/\/www.greenpeace.org\/static\/planet4-croatia-stateless\/2019\/04\/7fc4d972-gp0stsrme_web_size-768x512.jpg 768w, https:\/\/www.greenpeace.org\/static\/planet4-croatia-stateless\/2019\/04\/7fc4d972-gp0stsrme_web_size-510x340.jpg 510w\" sizes=\"auto, (max-width: 800px) 100vw, 800px\" \/><\/div>\n<p>Ra\u0161iriv\u0161i transparente na tornju rudnika pozvali su na okon\u010danje doba ugljena. Protiv njih podignute kaznene prijave te im prijeti \u010dak do pet godina zatvora. Odluka slova\u010dkog suda da aktiviste li\u0161i slobode do su\u0111enja neprihvatljiva je i skandalozna, poru\u010duje Greenpeace i poziva na me\u0111unarodnu solidarnost.<\/p>\n<p>\u201cSuo\u010davamo se s dosad najve\u0107im izazovom za \u010dovje\u010danstvo, a ljudi zahtijevaju i poduzimaju konkretne akcije. Vlade koje sudjeluju na klimatskoj konferenciji COP24 moraju jednom zauvijek stati uz te ljude i poduzeti nu\u017ene korake. Ovih 12 aktivista na miran je na\u010din prosvjedovalo protiv najprljavijeg fosilnog goriva i njihovo zadr\u017eavanje u pritvoru je sramota. Apeliramo na Slova\u010dku da ih se hitno pusti na slobodu\u201d, izjavila je Jennifer Morgan, izvr\u0161na direktorica Greenpeacea.<\/p>\n<p>Julia Sokolovi\u010dkova, Greenpeaceova politi\u010dka savjetnica dodaje: \u201cAktivisti Greenpeacea ne predstavljanju nikakvu prijetnju. Naprotiv, ugljen je taj koji prijeti i nama danas i budu\u0107im nara\u0161tajima. <span id=\"docs-internal-guid-6838de0b-7fff-1928-6343-d129ecbf8391\">Pozivamo da se zatvorene aktiviste odmah pusti na slobodu.<\/span> Trebalo bi ih hvaliti i podupirati, a ne zatvarati kao kriminalce.\u201d<\/p>\n","protected":false},"excerpt":{"rendered":"<div>\n\t12 aktivista Greenpeacea koji su u srijedu (28.11.) mirno prosvjedovali protiv eksploatacije ugljena ve\u0107 su \u0161esti dan zadr\u017eani u pritvoru u Slova\u010dkoj.\n<\/div>\n","protected":false},"author":20,"featured_media":413,"comment_status":"open","ping_status":"open","sticky":false,"template":"","format":"standard","meta":{"ep_exclude_from_search":false,"p4_og_title":"","p4_og_description":"","p4_og_image":"","p4_og_image_id":"","p4_seo_canonical_url":"","p4_campaign_name":"","p4_local_project":"","p4_basket_name":"","p4_department":"","footnotes":""},"categories":[29],"tags":[27],"p4-page-type":[14],"class_list":["post-529","post","type-post","status-publish","format-standard","has-post-thumbnail","hentry","category-klima-i-energija","tag-fosilnagoriva","p4-page-type-pr"],"_links":{"self":[{"href":"https:\/\/www.greenpeace.org\/croatia\/wp-json\/wp\/v2\/posts\/529","targetHints":{"allow":["GET"]}}],"collection":[{"href":"https:\/\/www.greenpeace.org\/croatia\/wp-json\/wp\/v2\/posts"}],"about":[{"href":"https:\/\/www.greenpeace.org\/croatia\/wp-json\/wp\/v2\/types\/post"}],"author":[{"embeddable":true,"href":"https:\/\/www.greenpeace.org\/croatia\/wp-json\/wp\/v2\/users\/20"}],"replies":[{"embeddable":true,"href":"https:\/\/www.greenpeace.org\/croatia\/wp-json\/wp\/v2\/comments?post=529"}],"version-history":[{"count":6,"href":"https:\/\/www.greenpeace.org\/croatia\/wp-json\/wp\/v2\/posts\/529\/revisions"}],"predecessor-version":[{"id":3488,"href":"https:\/\/www.greenpeace.org\/croatia\/wp-json\/wp\/v2\/posts\/529\/revisions\/3488"}],"wp:featuredmedia":[{"embeddable":true,"href":"https:\/\/www.greenpeace.org\/croatia\/wp-json\/wp\/v2\/media\/413"}],"wp:attachment":[{"href":"https:\/\/www.greenpeace.org\/croatia\/wp-json\/wp\/v2\/media?parent=529"}],"wp:term":[{"taxonomy":"category","embeddable":true,"href":"https:\/\/www.greenpeace.org\/croatia\/wp-json\/wp\/v2\/categories?post=529"},{"taxonomy":"post_tag","embeddable":true,"href":"https:\/\/www.greenpeace.org\/croatia\/wp-json\/wp\/v2\/tags?post=529"},{"taxonomy":"p4-page-type","embeddable":true,"href":"https:\/\/www.greenpeace.org\/croatia\/wp-json\/wp\/v2\/p4-page-type?post=529"}],"curies":[{"name":"wp","href":"https:\/\/api.w.org\/{rel}","templated":true}]}}