{"id":560,"date":"2017-09-16T00:00:00","date_gmt":"2017-09-15T23:00:00","guid":{"rendered":"https:\/\/master.k8s.p4.greenpeace.org\/croatia\/press\/560\/plaze-jadranskih-otoka-zatrpane-su-plastikom\/"},"modified":"2023-12-20T15:50:29","modified_gmt":"2023-12-20T13:50:29","slug":"plaze-jadranskih-otoka-zatrpane-su-plastikom","status":"publish","type":"post","link":"https:\/\/www.greenpeace.org\/croatia\/plaze-jadranskih-otoka-zatrpane-su-plastikom\/","title":{"rendered":"Pla\u017ee jadranskih otoka zatrpane su plastikom"},"content":{"rendered":"<h3 class=\"leader\">Greenpeaceovi volonteri su zajedno sa sirenom Sun\u010danom sudjelovali u \u010di\u0161\u0107enju pla\u017ee Grabova u Nacionalnom parku Mljet koja je posebno ugro\u017eena plasti\u010dnim otpadom. Ovime \u017eele ukazati na alarmantno one\u010di\u0161\u0107enje Jadrana plastikom te pozvati na odgovornost tvrtke koje na tr\u017ei\u0161te stavljaju velike koli\u010dine plastike za jednokratnu upotrebu.<\/h3>\n<div>\n<p><img loading=\"lazy\" decoding=\"async\" class=\"size-full wp-image-561 aligncenter\" src=\"https:\/\/www.greenpeace.org\/static\/planet4-croatia-stateless\/2019\/04\/6fc3f4e4-6fc3f4e4-greenpeace-hrvoje-\u0160imi\u0107-1.jpg\" alt=\"\" width=\"800\" height=\"533\" srcset=\"https:\/\/www.greenpeace.org\/static\/planet4-croatia-stateless\/2019\/04\/6fc3f4e4-6fc3f4e4-greenpeace-hrvoje-\u0160imi\u0107-1.jpg 800w, https:\/\/www.greenpeace.org\/static\/planet4-croatia-stateless\/2019\/04\/6fc3f4e4-6fc3f4e4-greenpeace-hrvoje-\u0160imi\u0107-1-300x200.jpg 300w, https:\/\/www.greenpeace.org\/static\/planet4-croatia-stateless\/2019\/04\/6fc3f4e4-6fc3f4e4-greenpeace-hrvoje-\u0160imi\u0107-1-768x512.jpg 768w, https:\/\/www.greenpeace.org\/static\/planet4-croatia-stateless\/2019\/04\/6fc3f4e4-6fc3f4e4-greenpeace-hrvoje-\u0160imi\u0107-1-510x340.jpg 510w\" sizes=\"auto, (max-width: 800px) 100vw, 800px\" \/><\/p>\n<p>Povodom Me\u0111unarodnog dana \u010di\u0161\u0107enja pla\u017ea, <a href=\"http:\/\/www.greenpeace.org\/croatia\/hr\/\"><strong>Greenpeace<\/strong><\/a>\u00a0je u suradnji s <a href=\"https:\/\/www.otoci.eu\/\"><strong>Pokretom otoka<\/strong><\/a>organizirao akcije \u010di\u0161\u0107enja na Mljetu, Bra\u010du, Pagu, \u0160olti i u Splitu. Osim samog \u010di\u0161\u0107enja, obavit \u0107e se i <strong>pregled plasti\u010dnog otpada<\/strong> kako bi se utvrdilo koje su to tvrtke najodgovornije za one\u010di\u0161\u0107enje mora apsurdnim koli\u010dinama plastike za jednokratnu upotrebu. Osim u Hrvatskoj, akcije \u010di\u0161\u0107enja i pregledi prikupljenog otpada organiziraju se i u drugim zemljama, kao \u0161to su \u00a0\u0160panjolska, Francuska, \u00a0Indonezija i Filipini.<\/p>\n<p>\u201c\u010ci\u0161\u0107enja pla\u017ea nu\u017ena su kako bi se sanirala ve\u0107 nastala \u0161teta, no rije\u010d je sizifovom poslu ako ne smanjimo kori\u0161tenje plastike. Ta borba na jadranskim pla\u017eama traje ve\u0107 godinama, ali bez obzira na izvanredne napore mje\u0161tana i volontera, \u010dini se da polako gubimo u toj utrci s vremenom \u0161to je vidljivo na primjeru pla\u017ee Grabova gdje smo zatekli uznemiruju\u0107 prizor. \u201d istaknula je <strong>Mihaela Bogelji\u0107<\/strong>, voditeljica Greenpeaceove\u00a0 kampanje.<\/p>\n<p><img loading=\"lazy\" decoding=\"async\" class=\"size-full wp-image-562 aligncenter\" src=\"https:\/\/www.greenpeace.org\/static\/planet4-croatia-stateless\/2019\/04\/1d7c002e-1d7c002e-greenpeace-sun\u010dana-paro-vidolin-2.jpg\" alt=\"\" width=\"800\" height=\"600\" srcset=\"https:\/\/www.greenpeace.org\/static\/planet4-croatia-stateless\/2019\/04\/1d7c002e-1d7c002e-greenpeace-sun\u010dana-paro-vidolin-2.jpg 800w, https:\/\/www.greenpeace.org\/static\/planet4-croatia-stateless\/2019\/04\/1d7c002e-1d7c002e-greenpeace-sun\u010dana-paro-vidolin-2-300x225.jpg 300w, https:\/\/www.greenpeace.org\/static\/planet4-croatia-stateless\/2019\/04\/1d7c002e-1d7c002e-greenpeace-sun\u010dana-paro-vidolin-2-768x576.jpg 768w, https:\/\/www.greenpeace.org\/static\/planet4-croatia-stateless\/2019\/04\/1d7c002e-1d7c002e-greenpeace-sun\u010dana-paro-vidolin-2-453x340.jpg 453w\" sizes=\"auto, (max-width: 800px) 100vw, 800px\" \/><\/p>\n<p>Greenpeaceu se na Mljetu pridru\u017eila i jadranska <a href=\"http:\/\/100posto.hr\/bubble\/lijepa-suncana-cisti-jadran-od-smeca-a-mrzi-kad-plaza-smrdi-po-opuscima\"><strong>sirena Sun\u010dana <\/strong><\/a>koja se priklju\u010dila borbi protiv plastike u moru, zala\u017eu\u0107i se za \u010dista mora i za\u0161titu morskih \u017eivotinja koje \u010desto stradavaju zbog gu\u0161enja ili zaplitanja u plasti\u010dni otpad.<\/p>\n<p>\u201cDolazim iz dubina kao glasnogovornica morskih bi\u0107a koja ne mogu govoriti. Jadran je tu za vas oduvijek. Jadransko more vas hrani i pru\u017ea osvje\u017eenje kada zapr\u017ei ljeto. Beskrajno plavo obzorje lije\u010di vam du\u0161u. Nemojte \u010dekati da \u010depovi boca i \u010dikovi zamijene pijesak pla\u017ee, a vre\u0107ice da zamijene morsku travu. Sve \u0107e to ponovno zavr\u0161iti u va\u0161em dvori\u0161tu i tanjuru. Znam da zajedno mo\u017eemo bolje. Sa\u010duvajmo \u010daroliju na\u0161ega mora i \u017eivot u njemu!\u201d \u2013 rekla je sirena <strong>Sun\u010dana Paro Vidolin<\/strong>.<\/p>\n<p>Znanstvenici procjenjuju da Mediteranom ve\u0107 sada pluta <a href=\"http:\/\/www.greenpeace.org\/croatia\/hr\/Kutak_za_medije\/priopcenja-za-medije\/Jadranski-otoci-gue-se-u-plastici\/\">1455 tona plastike<\/a>, \u010dime se Sredozemlje svrstava me\u0111u najugro\u017eenija morska podru\u010dja, zbog \u010dega se borbi za za\u0161titu mora od plastike pridru\u017eio i <a href=\"https:\/\/www.otoci.eu\/\"><strong>Pokret otoka<\/strong><\/a>.<\/p>\n<p><img loading=\"lazy\" decoding=\"async\" class=\"size-full wp-image-564 aligncenter\" src=\"https:\/\/www.greenpeace.org\/static\/planet4-croatia-stateless\/2019\/04\/aa0830ae-aa0830ae-greenpeace-ivan-\u0160eji\u0107-5.jpg\" alt=\"\" width=\"800\" height=\"533\" srcset=\"https:\/\/www.greenpeace.org\/static\/planet4-croatia-stateless\/2019\/04\/aa0830ae-aa0830ae-greenpeace-ivan-\u0160eji\u0107-5.jpg 800w, https:\/\/www.greenpeace.org\/static\/planet4-croatia-stateless\/2019\/04\/aa0830ae-aa0830ae-greenpeace-ivan-\u0160eji\u0107-5-300x200.jpg 300w, https:\/\/www.greenpeace.org\/static\/planet4-croatia-stateless\/2019\/04\/aa0830ae-aa0830ae-greenpeace-ivan-\u0160eji\u0107-5-768x512.jpg 768w, https:\/\/www.greenpeace.org\/static\/planet4-croatia-stateless\/2019\/04\/aa0830ae-aa0830ae-greenpeace-ivan-\u0160eji\u0107-5-510x340.jpg 510w\" sizes=\"auto, (max-width: 800px) 100vw, 800px\" \/><\/p>\n<p>\u201cOvakve su akcije potrebne jer je izuzetno va\u017eno probuditi svijest svakog pojedinca u zajednici, osobito stanovnika obalnih podru\u010dja, ali i njihovih gostiju, o va\u017enosti brige za okoli\u0161, smanjenju stvaranja plasti\u010dnog otpada, kao i redovitom \u010di\u0161\u0107enju zahva\u0107enih podru\u010dja. Proizvodnjom\u00a0 i kori\u0161tenjem\u00a0 plastike trujemo more i sva \u017eiva bi\u0107a u njemu koja potencijalno do\u0111u i na na\u0161 stol. Ciklus je zatvoren i kad bolje razmislimo na kraju jedemo vlastiti otpad. Krajnje je vrijeme da shvatimo da jedino preuzimanjem vlastite odgovornosti, kontinuiranom edukacijom i poticanjem pojedina\u010dnih akcija mo\u017eemo napraviti toliko nu\u017enu promjenu. Tko \u0107e ako ne mi? \u2013 izjavila je <strong>Maja Juri\u0161i\u0107,<\/strong> voditeljica inicijative <strong>Pokret otoka<\/strong>.<\/p>\n<p>Greenpeace poziva gra\u0111ane da potpi\u0161u<a href=\"http:\/\/www.greenpeace.org\/croatia\/hr\/Postani-aktivan\/Spasimo-Mediteran\/\">peticiju<\/a> protiv plastike za jednokratnu upotrebu te pro\u010ditaju izvje\u0161taj \u201e<a href=\"https:\/\/storage.googleapis.com\/planet4-croatia-stateless-release\/2019\/04\/Sredozemlje-zatrpano-plastikom-istra\u017eivanje-one\u010di\u0161\u0107enja-plastikom,-utjecaj-na-okoli\u0161-i-rje\u0161enja.pdf\">Sredozemlje zatrpano plastikom<\/a>\u201d koji pokazuje da je u svjetskim razmjerima i do 80% morskog otpada plastika. Ovom kampanjom \u017eelimo utjecati na europsko zakonodavstvo s ciljem dono\u0161enja djelotvornih mjera za suzbijanje one\u010di\u0161\u0107enja mora plastikom.<\/p>\n<p><img loading=\"lazy\" decoding=\"async\" class=\"size-full wp-image-565 aligncenter\" src=\"https:\/\/www.greenpeace.org\/static\/planet4-croatia-stateless\/2019\/04\/0e07bbb2-0e07bbb2-greenpeace-\u0160ime-fabris-3.jpg\" alt=\"\" width=\"800\" height=\"533\" srcset=\"https:\/\/www.greenpeace.org\/static\/planet4-croatia-stateless\/2019\/04\/0e07bbb2-0e07bbb2-greenpeace-\u0160ime-fabris-3.jpg 800w, https:\/\/www.greenpeace.org\/static\/planet4-croatia-stateless\/2019\/04\/0e07bbb2-0e07bbb2-greenpeace-\u0160ime-fabris-3-300x200.jpg 300w, https:\/\/www.greenpeace.org\/static\/planet4-croatia-stateless\/2019\/04\/0e07bbb2-0e07bbb2-greenpeace-\u0160ime-fabris-3-768x512.jpg 768w, https:\/\/www.greenpeace.org\/static\/planet4-croatia-stateless\/2019\/04\/0e07bbb2-0e07bbb2-greenpeace-\u0160ime-fabris-3-510x340.jpg 510w\" sizes=\"auto, (max-width: 800px) 100vw, 800px\" \/><\/p>\n<p>Od svoga dolaska u Hrvatsku, Greenpeace je vodio kampanje za odr\u017eivo ribarstvo, protiv TE Plomin C i eksploatacije nafte iz Jadrana u okviru koalicije \u201cSOS za Jadran\u201d te za kori\u0161tenje obnovljivih izvora energije. Nedavnom<a href=\"http:\/\/www.greenpeace.org\/croatia\/hr\/medijsko-srediste\/priopcenja-za-medije\/Greenpeace-turizam-treba-predvoditi-solarizaciju-Hrvatske1\/\">solarnom turnejom po Istri<\/a>, Greenpeace je zapo\u010deo kampanju promoviranja obnovljivih izvora u turizmu, s naglaskom na kori\u0161tenje solarne energije na Jadranu. Od ove godine vodimo <a href=\"http:\/\/www.greenpeace.org\/croatia\/hr\/Postani-aktivan\/Spasimo-Mediteran\/\">kampanju protiv plastike za jednokratnu upotrebu<\/a>.<\/p>\n<\/div>\n","protected":false},"excerpt":{"rendered":"<div>\n\tGreenpeaceovi volonteri su zajedno sa sirenom Sun\u010danom sudjelovali u \u010di\u0161\u0107enju pla\u017ee Grabova u Nacionalnom parku Mljet koja je posebno ugro\u017eena plasti\u010dnim otpadom. Ovime \u017eele ukazati na alarmantno one\u010di\u0161\u0107enje Jadrana plastikom te pozvati na odgovornost tvrtke koje na tr\u017ei\u0161te stavljaju velike koli\u010dine plastike za jednokratnu upotrebu.\n<\/div>\n","protected":false},"author":20,"featured_media":561,"comment_status":"open","ping_status":"open","sticky":false,"template":"","format":"standard","meta":{"ep_exclude_from_search":false,"p4_og_title":"","p4_og_description":"","p4_og_image":"","p4_og_image_id":"","p4_seo_canonical_url":"","p4_campaign_name":"","p4_local_project":"","p4_basket_name":"","p4_department":"","footnotes":""},"categories":[31],"tags":[22,25],"p4-page-type":[14],"class_list":["post-560","post","type-post","status-publish","format-standard","has-post-thumbnail","hentry","category-ne-plastici","tag-jednokratnaplastika","tag-jadranbezplastike","p4-page-type-pr"],"_links":{"self":[{"href":"https:\/\/www.greenpeace.org\/croatia\/wp-json\/wp\/v2\/posts\/560","targetHints":{"allow":["GET"]}}],"collection":[{"href":"https:\/\/www.greenpeace.org\/croatia\/wp-json\/wp\/v2\/posts"}],"about":[{"href":"https:\/\/www.greenpeace.org\/croatia\/wp-json\/wp\/v2\/types\/post"}],"author":[{"embeddable":true,"href":"https:\/\/www.greenpeace.org\/croatia\/wp-json\/wp\/v2\/users\/20"}],"replies":[{"embeddable":true,"href":"https:\/\/www.greenpeace.org\/croatia\/wp-json\/wp\/v2\/comments?post=560"}],"version-history":[{"count":4,"href":"https:\/\/www.greenpeace.org\/croatia\/wp-json\/wp\/v2\/posts\/560\/revisions"}],"predecessor-version":[{"id":3470,"href":"https:\/\/www.greenpeace.org\/croatia\/wp-json\/wp\/v2\/posts\/560\/revisions\/3470"}],"wp:featuredmedia":[{"embeddable":true,"href":"https:\/\/www.greenpeace.org\/croatia\/wp-json\/wp\/v2\/media\/561"}],"wp:attachment":[{"href":"https:\/\/www.greenpeace.org\/croatia\/wp-json\/wp\/v2\/media?parent=560"}],"wp:term":[{"taxonomy":"category","embeddable":true,"href":"https:\/\/www.greenpeace.org\/croatia\/wp-json\/wp\/v2\/categories?post=560"},{"taxonomy":"post_tag","embeddable":true,"href":"https:\/\/www.greenpeace.org\/croatia\/wp-json\/wp\/v2\/tags?post=560"},{"taxonomy":"p4-page-type","embeddable":true,"href":"https:\/\/www.greenpeace.org\/croatia\/wp-json\/wp\/v2\/p4-page-type?post=560"}],"curies":[{"name":"wp","href":"https:\/\/api.w.org\/{rel}","templated":true}]}}