{"id":577,"date":"2016-07-26T00:00:00","date_gmt":"2016-07-25T23:00:00","guid":{"rendered":"https:\/\/master.k8s.p4.greenpeace.org\/croatia\/press\/577\/greenpeace-u-istri-zapoceo-kampanju-solarizacije-turizma\/"},"modified":"2023-12-20T13:20:31","modified_gmt":"2023-12-20T11:20:31","slug":"greenpeace-u-istri-zapoceo-kampanju-solarizacije-turizma","status":"publish","type":"post","link":"https:\/\/www.greenpeace.org\/croatia\/greenpeace-u-istri-zapoceo-kampanju-solarizacije-turizma\/","title":{"rendered":"Greenpeace u Istri zapo\u010deo kampanju solarizacije turizma"},"content":{"rendered":"<h4 class=\"leader\">Desetodnevnom solarnom turnejom po Istri s ciljem promicanja kori\u0161tenja obnovljivih izvora energije, Greenpeace je Pore\u010du, Rovinju i Puli ukazao na brojne mogu\u0107nosti i pogodnosti kori\u0161tenja solarne energije u turizmu.<\/h4>\n<div><\/div>\n<div>\n<p>\u201cNa Jadranu brojimo prosje\u010dno 2600 sun\u010danih sati godi\u0161nje, a i dalje smo na samom za\u010delju po kori\u0161tenju sunca za proizvodnju energije. Turizam koji \u017eivotno ovisi o netaknutoj prirodi upravo \u017eivi zlatne trenutke poslovanja i sad je pravo vrijeme da se poka\u017ee odgovornost prema lokalnoj zajednici. Trebamo se \u0161to prije odmaknuti od prljavih fosilnih goriva i prije\u0107i na obnovljive izvore energije, a smatramo da su vode\u0107e turisti\u010dke tvrtke iz vi\u0161e razloga logi\u010dan odabir za prve velike korake u solarizaciji Jadrana: smje\u0161tene su na sun\u010danoj obali, imaju najve\u0107u potro\u0161nju struje ljeti, a studijom smo dokazali se investicije u fotonapone posebno isplate hotelima i kampovima. Rijetki su primjeri kad u pri\u010di nitko ne gubi, a svi dobivamo,\u201d izjavila je predstavnica kampanje Marija Tomac.<\/p>\n<p><img loading=\"lazy\" decoding=\"async\" class=\"size-full wp-image-579 aligncenter\" src=\"https:\/\/www.greenpeace.org\/static\/planet4-croatia-stateless\/2019\/04\/5d0ddd3b-5d0ddd3b-greenpeace-sun-plugged-by-hrvoje-\u0160imi\u0107-1.jpg\" alt=\"\" width=\"800\" height=\"533\" srcset=\"https:\/\/www.greenpeace.org\/static\/planet4-croatia-stateless\/2019\/04\/5d0ddd3b-5d0ddd3b-greenpeace-sun-plugged-by-hrvoje-\u0160imi\u0107-1.jpg 800w, https:\/\/www.greenpeace.org\/static\/planet4-croatia-stateless\/2019\/04\/5d0ddd3b-5d0ddd3b-greenpeace-sun-plugged-by-hrvoje-\u0160imi\u0107-1-300x200.jpg 300w, https:\/\/www.greenpeace.org\/static\/planet4-croatia-stateless\/2019\/04\/5d0ddd3b-5d0ddd3b-greenpeace-sun-plugged-by-hrvoje-\u0160imi\u0107-1-768x512.jpg 768w, https:\/\/www.greenpeace.org\/static\/planet4-croatia-stateless\/2019\/04\/5d0ddd3b-5d0ddd3b-greenpeace-sun-plugged-by-hrvoje-\u0160imi\u0107-1-510x340.jpg 510w\" sizes=\"auto, (max-width: 800px) 100vw, 800px\" \/><\/p>\n<p>Greenpeace je krajem 2015. objavio <a href=\"https:\/\/www.greenpeace.org\/croatia\/wp-content\/uploads\/2019\/04\/f0773bdf-f0773bdf-prelazak-hrvatske-na-obnovljive-izvore-energije.pdf\">stru\u010dnu analizu<\/a> koja pokazuje da do sredine stolje\u0107a Hrvatska mo\u017ee u potpunosti prije\u0107i na obnovljive izvore energije i pritom ostvariti znatne ekonomske i dru\u0161tvene koristi. Izra\u010duni u studiji potvr\u0111uju da se povrat ulaganja u solarnu energiju za turisti\u010dke subjekte mo\u017ee o\u010dekivati prosje\u010dno kroz 7.5 godina, nakon \u010dega sustav prakti\u010dki besplatno proizvodi struju i do 20 godina.<\/p>\n<p><img loading=\"lazy\" decoding=\"async\" class=\"size-full wp-image-582 aligncenter\" src=\"https:\/\/www.greenpeace.org\/static\/planet4-croatia-stateless\/2019\/04\/239a25e5-239a25e5-greenpeace-sun-plugged-by-nevio-smaji\u0107-3.jpg\" alt=\"\" width=\"800\" height=\"503\" srcset=\"https:\/\/www.greenpeace.org\/static\/planet4-croatia-stateless\/2019\/04\/239a25e5-239a25e5-greenpeace-sun-plugged-by-nevio-smaji\u0107-3.jpg 800w, https:\/\/www.greenpeace.org\/static\/planet4-croatia-stateless\/2019\/04\/239a25e5-239a25e5-greenpeace-sun-plugged-by-nevio-smaji\u0107-3-300x189.jpg 300w, https:\/\/www.greenpeace.org\/static\/planet4-croatia-stateless\/2019\/04\/239a25e5-239a25e5-greenpeace-sun-plugged-by-nevio-smaji\u0107-3-768x483.jpg 768w, https:\/\/www.greenpeace.org\/static\/planet4-croatia-stateless\/2019\/04\/239a25e5-239a25e5-greenpeace-sun-plugged-by-nevio-smaji\u0107-3-510x321.jpg 510w\" sizes=\"auto, (max-width: 800px) 100vw, 800px\" \/><\/p>\n<p>\u201cLjudi s kojima smo razgovarali u Pore\u010du, Rovinju i Puli bili su iskreno iznena\u0111eni kad su \u010duli da sunce, koje je za\u0161titni znak na\u0161eg turizma, ne koristimo za proizvodnju energije. Mnogi su potvrdili su da je u njihovim, manje sun\u010danim zemljama, solarna energija postala sastavni dio \u017eivota. Upravo \u010ditamo kako je ovo najbolja turisti\u010dka sezona u samostalnoj Hrvatskoj. Cijene solarne tehnologije drasti\u010dno su pale zadnjih deset godina pa ako turisti\u010dke tvrtke ne\u0107e sada ulagati u odr\u017eiva rje\u0161enja, ne znam kad \u0107e onda! Na njima le\u017ei posebna odgovornost jer si prve mogu priu\u0161titi investicije u odr\u017eivo i dru\u0161tveno odgovorno poslovanje. A svojim bi primjerom pomogle da takva ulaganja budu pristupa\u010dnija i malim iznajmljiva\u010dima i privatnim ku\u0107anstvima\u201d, zaklju\u010duje Tomac.<\/p>\n<p><img loading=\"lazy\" decoding=\"async\" class=\"size-full wp-image-580 aligncenter\" src=\"https:\/\/www.greenpeace.org\/static\/planet4-croatia-stateless\/2019\/04\/33c6794b-33c6794b-greenpeace-sun-plugged-by-hrvoje-\u0160imi\u0107-3.jpg\" alt=\"\" width=\"800\" height=\"533\" srcset=\"https:\/\/www.greenpeace.org\/static\/planet4-croatia-stateless\/2019\/04\/33c6794b-33c6794b-greenpeace-sun-plugged-by-hrvoje-\u0160imi\u0107-3.jpg 800w, https:\/\/www.greenpeace.org\/static\/planet4-croatia-stateless\/2019\/04\/33c6794b-33c6794b-greenpeace-sun-plugged-by-hrvoje-\u0160imi\u0107-3-300x200.jpg 300w, https:\/\/www.greenpeace.org\/static\/planet4-croatia-stateless\/2019\/04\/33c6794b-33c6794b-greenpeace-sun-plugged-by-hrvoje-\u0160imi\u0107-3-768x512.jpg 768w, https:\/\/www.greenpeace.org\/static\/planet4-croatia-stateless\/2019\/04\/33c6794b-33c6794b-greenpeace-sun-plugged-by-hrvoje-\u0160imi\u0107-3-510x340.jpg 510w\" sizes=\"auto, (max-width: 800px) 100vw, 800px\" \/><\/p>\n<\/div>\n<p><img loading=\"lazy\" decoding=\"async\" class=\"size-full wp-image-583 aligncenter\" src=\"https:\/\/www.greenpeace.org\/static\/planet4-croatia-stateless\/2019\/04\/fcf1210f-fcf1210f-greenpeace-sun-plugged-by-nevio-smaji\u0107-4.jpg\" alt=\"\" width=\"800\" height=\"462\" srcset=\"https:\/\/www.greenpeace.org\/static\/planet4-croatia-stateless\/2019\/04\/fcf1210f-fcf1210f-greenpeace-sun-plugged-by-nevio-smaji\u0107-4.jpg 800w, https:\/\/www.greenpeace.org\/static\/planet4-croatia-stateless\/2019\/04\/fcf1210f-fcf1210f-greenpeace-sun-plugged-by-nevio-smaji\u0107-4-300x173.jpg 300w, https:\/\/www.greenpeace.org\/static\/planet4-croatia-stateless\/2019\/04\/fcf1210f-fcf1210f-greenpeace-sun-plugged-by-nevio-smaji\u0107-4-768x444.jpg 768w, https:\/\/www.greenpeace.org\/static\/planet4-croatia-stateless\/2019\/04\/fcf1210f-fcf1210f-greenpeace-sun-plugged-by-nevio-smaji\u0107-4-510x295.jpg 510w\" sizes=\"auto, (max-width: 800px) 100vw, 800px\" \/><\/p>\n<div>\n<p>Vi\u0161e o kampanji mo\u017eete prona\u0107i na Facebook stranici <a href=\"https:\/\/web.facebook.com\/greenpeace.hr\/\">Greenpeace Hrvatska<\/a> ili koriste\u0107i hashtag \u00a0<a href=\"https:\/\/web.facebook.com\/search\/top\/?q=%23SolarizeMyHolidays&amp;init=mag_glass&amp;tas=0.3614324689711317&amp;search_first_focus=1469526404578\">#SolarizeMyHolidays<\/a><\/p>\n<hr \/>\n<\/div>\n","protected":false},"excerpt":{"rendered":"<div>\n\tDesetodnevnom solarnom turnejom po Istri s ciljem promicanja kori\u0161tenja obnovljivih izvora energije, Greenpeace je Pore\u010du, Rovinju i Puli ukazao na brojne mogu\u0107nosti i pogodnosti kori\u0161tenja solarne energije u turizmu.\n<\/div>\n","protected":false},"author":20,"featured_media":579,"comment_status":"open","ping_status":"open","sticky":false,"template":"","format":"standard","meta":{"ep_exclude_from_search":false,"p4_og_title":"","p4_og_description":"","p4_og_image":"","p4_og_image_id":"","p4_seo_canonical_url":"","p4_campaign_name":"","p4_local_project":"","p4_basket_name":"","p4_department":"","footnotes":""},"categories":[29],"tags":[27,23],"p4-page-type":[14],"class_list":["post-577","post","type-post","status-publish","format-standard","has-post-thumbnail","hentry","category-klima-i-energija","tag-fosilnagoriva","tag-obnovljiviizvori","p4-page-type-pr"],"_links":{"self":[{"href":"https:\/\/www.greenpeace.org\/croatia\/wp-json\/wp\/v2\/posts\/577","targetHints":{"allow":["GET"]}}],"collection":[{"href":"https:\/\/www.greenpeace.org\/croatia\/wp-json\/wp\/v2\/posts"}],"about":[{"href":"https:\/\/www.greenpeace.org\/croatia\/wp-json\/wp\/v2\/types\/post"}],"author":[{"embeddable":true,"href":"https:\/\/www.greenpeace.org\/croatia\/wp-json\/wp\/v2\/users\/20"}],"replies":[{"embeddable":true,"href":"https:\/\/www.greenpeace.org\/croatia\/wp-json\/wp\/v2\/comments?post=577"}],"version-history":[{"count":5,"href":"https:\/\/www.greenpeace.org\/croatia\/wp-json\/wp\/v2\/posts\/577\/revisions"}],"predecessor-version":[{"id":3440,"href":"https:\/\/www.greenpeace.org\/croatia\/wp-json\/wp\/v2\/posts\/577\/revisions\/3440"}],"wp:featuredmedia":[{"embeddable":true,"href":"https:\/\/www.greenpeace.org\/croatia\/wp-json\/wp\/v2\/media\/579"}],"wp:attachment":[{"href":"https:\/\/www.greenpeace.org\/croatia\/wp-json\/wp\/v2\/media?parent=577"}],"wp:term":[{"taxonomy":"category","embeddable":true,"href":"https:\/\/www.greenpeace.org\/croatia\/wp-json\/wp\/v2\/categories?post=577"},{"taxonomy":"post_tag","embeddable":true,"href":"https:\/\/www.greenpeace.org\/croatia\/wp-json\/wp\/v2\/tags?post=577"},{"taxonomy":"p4-page-type","embeddable":true,"href":"https:\/\/www.greenpeace.org\/croatia\/wp-json\/wp\/v2\/p4-page-type?post=577"}],"curies":[{"name":"wp","href":"https:\/\/api.w.org\/{rel}","templated":true}]}}