{"id":601,"date":"2016-08-09T00:00:00","date_gmt":"2016-08-08T23:00:00","guid":{"rendered":"https:\/\/master.k8s.p4.greenpeace.org\/croatia\/press\/601\/iz-prve-ruke-sun-plugged-turneja-istrom\/"},"modified":"2023-10-05T15:10:14","modified_gmt":"2023-10-05T13:10:14","slug":"iz-prve-ruke-sun-plugged-turneja-istrom","status":"publish","type":"post","link":"https:\/\/www.greenpeace.org\/croatia\/iz-prve-ruke-sun-plugged-turneja-istrom\/","title":{"rendered":"Iz prve ruke: Sun-Plugged turneja Istrom"},"content":{"rendered":"<p class=\"leader\">Kako je sve po\u010delo: inspirirana netaknutom prirodom s bogatom morskom i kopnenom florom i faunom, te \u017eeljom za \u010distom, sigurnom i svijetlom budu\u0107nosti uklju\u010dila sam se u turneju Greenpeacea Hrvatska po Istri s ciljem za\u0161tite na\u0161eg jadranskog raja, promoviraju\u0107i obnovljive izvore energije.<br \/>\nPoznati smo kao tre\u0107i u svijetu po \u010disto\u0107i mora. Totalni spoj odmora i u\u017eivanja, istra\u017eivanja prirodnih ljepota, te gu\u0161tanje u plodovima autohtonih (starih, doma\u0107ih) biljnih vrsta (kao \u0161to su maslina i vinova loza) i svog ostalog vo\u0107a i povr\u0107a kojima odgovara na\u0161a mediteranska klima.<br \/>\nPrvi kontakt za mene s tako jednostavnim pristupom elektri\u010dnoj energiji. Sun\u010deva energija je besplatna. Uhuuu\u2026<\/p>\n<div><\/div>\n<div><img loading=\"lazy\" decoding=\"async\" class=\"size-full wp-image-602 aligncenter\" src=\"https:\/\/www.greenpeace.org\/static\/planet4-croatia-stateless\/2019\/04\/220f12fb-220f12fb-tour-504.jpg\" alt=\"\" width=\"800\" height=\"499\" srcset=\"https:\/\/www.greenpeace.org\/static\/planet4-croatia-stateless\/2019\/04\/220f12fb-220f12fb-tour-504.jpg 800w, https:\/\/www.greenpeace.org\/static\/planet4-croatia-stateless\/2019\/04\/220f12fb-220f12fb-tour-504-300x187.jpg 300w, https:\/\/www.greenpeace.org\/static\/planet4-croatia-stateless\/2019\/04\/220f12fb-220f12fb-tour-504-768x479.jpg 768w, https:\/\/www.greenpeace.org\/static\/planet4-croatia-stateless\/2019\/04\/220f12fb-220f12fb-tour-504-510x318.jpg 510w\" sizes=\"auto, (max-width: 800px) 100vw, 800px\" \/><\/div>\n<div>\n<p><strong>ZAGREB<\/strong><\/p>\n<p><em>\u2026Jutrooo je! Unutar sebe osje\u0107am uzbu\u0111enje, kao malo dijete prije polaska na izlet\u2026<\/em><\/p>\n<p>Kre\u0107emo kombijem, putem uzimamo mobilnu solarnu prikolicu, zajedni\u010dkim snagama je spajamo za kombi i idemo po ostatak ekipe i ostalu opremu potrebnu da sve \u0161tima kao sat. Slijedi skupno pakiranje i strpljivo slaganje, provjeravanje opreme, upoznavanje novih ljudi iz razli\u010ditih krajeva Hrvatske s kojima \u0107emo u 10\u2013ak dana turneje promovirati ono \u0161to nam je svima najpotrebnije, a to je \u010dista Energija. Sigurna sam da \u0107e ovo biti zanimljivo i edukativno iskustvo za sve nas. Napu\u0161tamo vru\u0107inu\u00a0 zagreba\u010dkog asfalta\u2026. Uska\u010demo u kombi i idemo prema Istri, \u017eeljni mirisa bora i mora. Spremni smo za solarno punjenje na\u0161ih baterija!<\/p>\n<p><img loading=\"lazy\" decoding=\"async\" class=\"size-full wp-image-603 aligncenter\" src=\"https:\/\/www.greenpeace.org\/static\/planet4-croatia-stateless\/2019\/04\/ca96b2f4-ca96b2f4-tour-105.jpg\" alt=\"\" width=\"800\" height=\"414\" srcset=\"https:\/\/www.greenpeace.org\/static\/planet4-croatia-stateless\/2019\/04\/ca96b2f4-ca96b2f4-tour-105.jpg 800w, https:\/\/www.greenpeace.org\/static\/planet4-croatia-stateless\/2019\/04\/ca96b2f4-ca96b2f4-tour-105-300x155.jpg 300w, https:\/\/www.greenpeace.org\/static\/planet4-croatia-stateless\/2019\/04\/ca96b2f4-ca96b2f4-tour-105-768x397.jpg 768w, https:\/\/www.greenpeace.org\/static\/planet4-croatia-stateless\/2019\/04\/ca96b2f4-ca96b2f4-tour-105-510x264.jpg 510w\" sizes=\"auto, (max-width: 800px) 100vw, 800px\" \/><strong>\u00a0<\/strong><\/p>\n<p><strong>PORE\u010c \u2013 PARENZO <\/strong><\/p>\n<p><em>\u2026Istra, more, masline, Sunce i makadami\u2026<\/em><\/p>\n<p><strong>1. dan Sun \u2013 Plugged<\/strong><\/p>\n<p>Na \u0161tandu imamo sve, punjenje mobitela i ostalih ure\u0111aja, Wi-Fi i ono \u0161to je najzanimljivije mali ledomat koji doslovno punjen energijom Sunca baca kockice leda, dodu\u0161e je 9 kockica na 13 minuta, ali vremena imamo J i to sve uz pomo\u0107 Sun\u010deve Energije. Woooow! Postavljamo solarnu prikolicu, razvla\u010dimo \u0161ator ispod kojeg stavljamo stolove s gadgetima, peticijom podr\u0161ke obnovljivim izvorima, spajamo kabele s utorima za slobodno punjenje mobitela, imamo i balon\u010di\u0107e s porukama. Pu\u0161tamo struju i kre\u0107emo u komunikaciju s ljudima. Turisti i doma\u0107ini isto \u017eele prelazak na energiju pogonjenu prirodnim i obnovljivim na\u010dinima. Komentiramo da je nafti i ugljenu mjesto u zemlji, te da reagiramo svi skupa dok jo\u0161 mo\u017eemo kako bi budu\u0107im generacijama ostavili nadu za bolji i mirniji svijet, bez naru\u0161avanja stani\u0161ta drugih \u017divih Bi\u0107a s kojima bi trebali \u017eivjeti u skladu.<\/p>\n<p><img loading=\"lazy\" decoding=\"async\" class=\"size-full wp-image-604 aligncenter\" src=\"https:\/\/www.greenpeace.org\/static\/planet4-croatia-stateless\/2019\/04\/589fb4da-589fb4da-tour-139.jpg\" alt=\"\" width=\"800\" height=\"533\" srcset=\"https:\/\/www.greenpeace.org\/static\/planet4-croatia-stateless\/2019\/04\/589fb4da-589fb4da-tour-139.jpg 800w, https:\/\/www.greenpeace.org\/static\/planet4-croatia-stateless\/2019\/04\/589fb4da-589fb4da-tour-139-300x200.jpg 300w, https:\/\/www.greenpeace.org\/static\/planet4-croatia-stateless\/2019\/04\/589fb4da-589fb4da-tour-139-768x512.jpg 768w, https:\/\/www.greenpeace.org\/static\/planet4-croatia-stateless\/2019\/04\/589fb4da-589fb4da-tour-139-510x340.jpg 510w\" sizes=\"auto, (max-width: 800px) 100vw, 800px\" \/><\/p>\n<p><strong>2. dan Sun \u2013 Plugged + Beatbox SURKA<\/strong><\/p>\n<p>Dojmove od ju\u010der prepri\u010davamo uz doru\u010dak s lokalne tr\u017enice, uz mirise vo\u0107a, povr\u0107a uzgojenih na OPG-u nekoliko kilometara od nas\u2026<\/p>\n<p>Kre\u0107emo u novi dan. Me\u0111u nama vlada uzbu\u0111enje zbog koncerta SURKA BEATBOX na \u010distu Energiju Sunca, oda\u0161iljemo dalje pozitivne vibracije.<\/p>\n<p>Iz sata u sat koli\u010dina ljudi se pove\u0107ava, potpisuju se peticije na sve strane, sti\u017eu slike s porukama \u201eSUN\u010cANI JADRAN PUNI MOJE BATERIJE\u201c; \u201eIDEMO NA 100% OBNOVLJIVU HRVATSKU\u201c; \u201ePROTECT OUR SOLAR PARADISE \u2013 GO SOLAR\u201c, sve pod oznakom #SolarizeMyHolidays. \u00a0Zaklju\u010dujem da svi \u017eelimo isto: \u010distu okolinu, za\u0161titu prirodnog bogatstva koje nam je dato i pravo je vrijeme da se na\u0161 novac kojim upravlja Vlada ulo\u017ei u obnovljive izvore energije, a ne u prljave projekte kao \u0161to su nafta i ugljen. Ulaganjem u obnovljive izvore energije ula\u017eemo u na\u0161u budu\u0107nost. Ljudi postaju svjesni.<\/p>\n<p><strong>I do\u0161la je ta ve\u010der.<\/strong> Kre\u0107emo u pripremanje solarne prikolice kako bi pod punim baterijama uz zvukove beatboxa uljep\u0161ali no\u0107 svima koji se na\u0111u u tom trenutku.<\/p>\n<p>Pazi sad, zvukovi beatboxa, rasvjeta i ozvu\u010denja za minimalno 500 ljudi i to sve na Energiju Sunca sakupljenu u baterije, preko invertera do zvuka i svjetla. Brzinom svjetlosti riva se napunila uz ritmove najboljeg na\u0161eg \u00a0beatboxera SURKE; uz afri\u010dke ritmove, ukulelea i trube. Neki od nas su redari, drugi su za \u0161tandom sa peticijama, Nevio snima u\u017earenu atmosferu. Preeeedobro, osje\u0107aj neopisiv. Djeca, velika djeca J, mla\u0111i i stariji zajedno u\u017eivaju uz svirku na izvor struje iz Sunca. \u0160ta re\u0107i vi\u0161e \ud83d\ude42<\/p>\n<p><img loading=\"lazy\" decoding=\"async\" class=\"size-full wp-image-605 aligncenter\" src=\"https:\/\/www.greenpeace.org\/static\/planet4-croatia-stateless\/2019\/04\/3eb0f470-3eb0f470-tour-69.jpg\" alt=\"\" width=\"800\" height=\"432\" srcset=\"https:\/\/www.greenpeace.org\/static\/planet4-croatia-stateless\/2019\/04\/3eb0f470-3eb0f470-tour-69.jpg 800w, https:\/\/www.greenpeace.org\/static\/planet4-croatia-stateless\/2019\/04\/3eb0f470-3eb0f470-tour-69-300x162.jpg 300w, https:\/\/www.greenpeace.org\/static\/planet4-croatia-stateless\/2019\/04\/3eb0f470-3eb0f470-tour-69-768x415.jpg 768w, https:\/\/www.greenpeace.org\/static\/planet4-croatia-stateless\/2019\/04\/3eb0f470-3eb0f470-tour-69-510x275.jpg 510w\" sizes=\"auto, (max-width: 800px) 100vw, 800px\" \/><\/p>\n<p><strong>ROVINJ \u2013 ROVIGNO<\/strong><\/p>\n<p><em>\u2026jutarnji krik galebova, toplina grada, zavu\u010dene prirodne pla\u017ee\u2026<\/em><\/p>\n<p>Dolazimo u Rovinj. Imamo slobodno popodne pa idemo po prijatelja koji \u017eivi u Plominu. Pogled na predivno plavo more u prirodnom kanjonu Plomin luke, a s druge strane ogromno postrojenje za proizvodnju elektri\u010dne energije na ugljen. Doslovno me sram i pitam se za\u0161to ljudi razmi\u0161ljaju samo o profitu, a o\u010dito je da, kako ka\u017ee Nikola Tesla: \u201eEnergija dobivena razaranjem prirodnih elemenata zlo\u010din je protiv prirode i izazvat \u0107e katastrofu\u201c. Jednostavno volim Nikolu Teslu! Zajedno komentiramo da su neusporedivo va\u017eniji \u017eivoti nego ovakvi prljavi poslovi. Izbora imaju, a to je ulaganje u energiju koja doslovno pluta svuda oko nas.<\/p>\n<p><strong>1. dan Sun \u2013 Plugged Mali Mol <\/strong><\/p>\n<p>Ve\u0107ina ljudi mi je rekla kako ljetuju na Jadranu ve\u0107 godinama i stalno se vra\u0107aju. \u010cisto more, zrak, upijanje Sunca i opu\u0161teni na\u010din \u017eivota je san svakog \u010dovjeka. Ka\u017eu da dolaze tu napuniti svoje baterije. Mnogo njih je podrijetlom iz Hrvatske, ali su zbog posla odabrali oti\u0107i vani. Tamo su zasnovali svoju obitelj, ali ka\u017eu kako su prolazili jako te\u0161ke emotivne periode, jer su svjesni da napu\u0161taju ovaj Raj zbog utrke za novcem. Dok smo skupljali peticiju podr\u0161ke pitala sam svakog turista \u0161to misli o Jadranu i obali, nisam dobila niti jedan negativan komentar. Svi su odu\u0161evljeni, skupa sa mnom, jer osje\u0107am jaku povezanost s morem i prirodom. Iskreno pru\u017eaju potporu, \u017eele uspjeh ovoj kampanji, kao i svi mi.<\/p>\n<p><strong>2. dan Sun-Plugged Mali Mol <\/strong><\/p>\n<p>Nakon ru\u010dka, spremamo se i kre\u0107emo prema Malom Molu. Danas smo par metara dalje od ju\u010dera\u0161nje lokacije. I opet iznova \u0161ator, kabeli i sve ostalo potrebno. Sad smo ve\u0107 uigrani i to ide brzo. Kre\u0107emo na nekoliko strana. Pridru\u017euje nam se troje lokalnih volontera.<\/p>\n<p>Ljudi u Rovinju ima neusporedivo vi\u0161e nego u Pore\u010du i njihova energija daje mi jo\u0161 vi\u0161e motivacije, ali i svima drugima. Osjeti se \u00a0J Apsolutno ne stajemo sa pri\u010danjem, toliko ljudi nam pru\u017ea potporu da nam se svima ve\u0107 po malo petlja jezik. Danas nam je zadnji dan u Rovinju. Spremamo stvari i idemo prema smje\u0161taju, zadnji dan u apartmanima tako\u0111er. Od sutra smo na Seasplash festivalu u dnevnom kampu i jedva \u010dekam spavati na zemlji jer za mene je to pravi refil i odmor za du\u0161u i tijelo.<\/p>\n<p><strong>SEASPLASH FESTIVAL PULA<\/strong><\/p>\n<p><em>\u2026Zvijezde, pu\u010dina, more, \u0161koljke, priroda i dru\u0161tvo\u2026<\/em><\/p>\n<p>U Istri je sve blizu. Oko 11 sati smo napustili smje\u0161taj u Rovinju i za sat vremena smo ve\u0107 tu u Puli, to\u010dnije u \u0160tinjanu ispod tvr\u0111ave Punta Christo. Odr\u017eava se 14. po redu Seasplash festival.<\/p>\n<p>Do\u0161li smo dva dana prije samog po\u010detka festivala i da budem iskrena odmaranje u sjeni bora i u blizini mora za mene je ne\u0161to neprocjenjivo. Ve\u010der se spustila, mjese\u010dina, pustili smo glazbu na zvu\u010dniku na bateriju napunjenu na solarnoj prikolici i sad se svi skupa dru\u017eimo i pri\u010damo. Divotica. Hrvoje govori kako je ponekad potrebno se pomaknuti od svega, od buke, od ljudi i samo u\u017eivati u trenutku. Sla\u017eem se, to je \u010dar.<\/p>\n<p><strong>Sun-Plugged Seasplash festival<\/strong><\/p>\n<p>Sino\u0107 \u00a0je bila tonska proba sound sistema za razli\u010dite vrste glazbe. Rekli su mi da je bilo tako sna\u017eno da je zemlja vibrirala.. Hmm, ja sam spavala dubokim snom i tu i tamo ubacila svoje ritmove iz sna (nadam se da nisam bila preglasna). Opu\u0161teno skroz\u2026<\/p>\n<p>Postavili smo sve i pu\u0161tamo struju. Ljudi su nas vrlo brzo zaokupirali svojim mobitelima. Svi produ\u017eni kabeli s uti\u010dnicama su se popunili. Ostavljali su svoje ure\u0111aje, neki su ih i potpuno zaboravili, \u0161to mi je bilo drago jer ljudima treba odmor od tehnologije.<\/p>\n<p>Najvi\u0161e mi se svidio trenutak kad je Don Letts imao nastup na dnevnom stageu na Beach Splashu, pa je do\u0161ao do nas, potpisao peticiju, slikao se i rekao da moramo od sebe krenuti, paziti da ne ostavljamo za sobom sme\u0107e u prirodi. Sla\u017eem se s njim jer sam bila na dosta festivala prija\u0161njih godina i definitivno bi svi trebali paziti na to. Zato ljudi moji uvijek bilo gdje da se nalazite u prirodi skupite svoje sme\u0107e za sobom\u2026<\/p>\n<p>Toliko se toga dogodilo u ovih 10-ak dana, toliko kvalitetnih ljudi sam upoznala i ba\u0161 mi je drago \u0161ta smo me\u0111usobno podijelili na\u0161e vrijeme. Jer jedino je to i bitno. Na\u0161a planeta nema toliko vremena za \u010dekanje, ljudi se trebaju aktivirati za za\u0161titu prirode jer kad se sjetite da zemlji (tlu) trebaju milijuni godina da iz kamena i minerala nastane plodna zemlja, onda bi je trebali paziti za budu\u0107e nara\u0161taje \u2026 Fala svima od srca!<\/p>\n<hr \/>\n<p><em>Autorica: Sanja Gracin, volonterka Greenpeacea Hrvatske.<\/em><\/p>\n<\/div>\n","protected":false},"excerpt":{"rendered":"<div>\n\tKako je sve po\u010delo: inspirirana netaknutom prirodom s bogatom morskom i  kopnenom florom i faunom, te \u017eeljom za \u010distom, sigurnom i svijetlom budu\u0107nosti uklju\u010dila sam se u turneju Greenpeacea Hrvatska po Istri s ciljem za\u0161tite na\u0161eg jadranskog raja, promoviraju\u0107i obnovljive izvore energije.<br \/>\nPoznati smo kao tre\u0107i u svijetu po \u010disto\u0107i mora. Totalni spoj odmora i u\u017eivanja, istra\u017eivanja prirodnih ljepota, te gu\u0161tanje u  plodovima  autohtonih (starih, doma\u0107ih) biljnih vrsta (kao \u0161to su maslina i vinova loza) i svog ostalog vo\u0107a i povr\u0107a kojima odgovara na\u0161a mediteranska klima.<br \/>\nPrvi kontakt za mene s tako jednostavnim pristupom elektri\u010dnoj energiji. Sun\u010deva energija je besplatna. Uhuuu&#8230;\n<\/div>\n","protected":false},"author":20,"featured_media":602,"comment_status":"open","ping_status":"open","sticky":false,"template":"","format":"standard","meta":{"ep_exclude_from_search":false,"p4_og_title":"","p4_og_description":"","p4_og_image":"","p4_og_image_id":"","p4_seo_canonical_url":"","p4_campaign_name":"","p4_local_project":"","p4_basket_name":"","p4_department":"","footnotes":""},"categories":[29],"tags":[23,27],"p4-page-type":[16],"class_list":["post-601","post","type-post","status-publish","format-standard","has-post-thumbnail","hentry","category-klima-i-energija","tag-obnovljiviizvori","tag-fosilnagoriva","p4-page-type-blog"],"_links":{"self":[{"href":"https:\/\/www.greenpeace.org\/croatia\/wp-json\/wp\/v2\/posts\/601","targetHints":{"allow":["GET"]}}],"collection":[{"href":"https:\/\/www.greenpeace.org\/croatia\/wp-json\/wp\/v2\/posts"}],"about":[{"href":"https:\/\/www.greenpeace.org\/croatia\/wp-json\/wp\/v2\/types\/post"}],"author":[{"embeddable":true,"href":"https:\/\/www.greenpeace.org\/croatia\/wp-json\/wp\/v2\/users\/20"}],"replies":[{"embeddable":true,"href":"https:\/\/www.greenpeace.org\/croatia\/wp-json\/wp\/v2\/comments?post=601"}],"version-history":[{"count":5,"href":"https:\/\/www.greenpeace.org\/croatia\/wp-json\/wp\/v2\/posts\/601\/revisions"}],"predecessor-version":[{"id":3320,"href":"https:\/\/www.greenpeace.org\/croatia\/wp-json\/wp\/v2\/posts\/601\/revisions\/3320"}],"wp:featuredmedia":[{"embeddable":true,"href":"https:\/\/www.greenpeace.org\/croatia\/wp-json\/wp\/v2\/media\/602"}],"wp:attachment":[{"href":"https:\/\/www.greenpeace.org\/croatia\/wp-json\/wp\/v2\/media?parent=601"}],"wp:term":[{"taxonomy":"category","embeddable":true,"href":"https:\/\/www.greenpeace.org\/croatia\/wp-json\/wp\/v2\/categories?post=601"},{"taxonomy":"post_tag","embeddable":true,"href":"https:\/\/www.greenpeace.org\/croatia\/wp-json\/wp\/v2\/tags?post=601"},{"taxonomy":"p4-page-type","embeddable":true,"href":"https:\/\/www.greenpeace.org\/croatia\/wp-json\/wp\/v2\/p4-page-type?post=601"}],"curies":[{"name":"wp","href":"https:\/\/api.w.org\/{rel}","templated":true}]}}