{"id":644,"date":"2016-03-25T00:00:00","date_gmt":"2016-03-24T23:00:00","guid":{"rendered":"https:\/\/master.k8s.p4.greenpeace.org\/croatia\/press\/644\/ugljen-trosi-pitku-vodu-i-unistava-zdravlje\/"},"modified":"2023-10-05T14:30:55","modified_gmt":"2023-10-05T12:30:55","slug":"ugljen-trosi-pitku-vodu-i-unistava-zdravlje","status":"publish","type":"post","link":"https:\/\/www.greenpeace.org\/croatia\/ugljen-trosi-pitku-vodu-i-unistava-zdravlje\/","title":{"rendered":"Ugljen tro\u0161i pitku vodu i uni\u0161tava zdravlje"},"content":{"rendered":"<h3 class=\"leader\">U ovom tjednu obilje\u017eavamo Svjetski dan voda. Uslijed globalnog porasta stanovni\u0161tva i sve ekstremnijih su\u0161a izazvanih klimatskim promjenama, voda postaje sve ugro\u017eenije prirodno bogatstvo. Jedan od oblika nerazumne potro\u0161nje vode je njezina upotreba za rad termoelektrana na ugljen.<\/h3>\n<div>\n<p><img loading=\"lazy\" decoding=\"async\" class=\"size-full wp-image-832\" src=\"https:\/\/www.greenpeace.org\/static\/planet4-croatia-stateless\/2016\/03\/bac72110-coal-plant3.jpg\" alt=\"\" width=\"800\" height=\"533\" srcset=\"https:\/\/www.greenpeace.org\/static\/planet4-croatia-stateless\/2016\/03\/bac72110-coal-plant3.jpg 800w, https:\/\/www.greenpeace.org\/static\/planet4-croatia-stateless\/2016\/03\/bac72110-coal-plant3-300x200.jpg 300w, https:\/\/www.greenpeace.org\/static\/planet4-croatia-stateless\/2016\/03\/bac72110-coal-plant3-768x512.jpg 768w, https:\/\/www.greenpeace.org\/static\/planet4-croatia-stateless\/2016\/03\/bac72110-coal-plant3-510x340.jpg 510w\" sizes=\"auto, (max-width: 800px) 100vw, 800px\" \/><\/p>\n<p>Najnovije <a href=\"http:\/\/www.greenpeace.org\/archive-international\/en\/publications\/Campaign-reports\/Climate-Reports\/The-Great-Water-Grab\/\" target=\"_blank\" rel=\"noopener noreferrer\">Greenpeaceovo izvje\u0161\u0107e<\/a> pokazuje da ne\u0161to vi\u0161e od 8 tisu\u0107a termoelektrana na ugljen, koliko ih je danas svijetu, tro\u0161i koli\u010dinu vode dostatnu da podmiri osnovne potrebe milijarde stanovnika. I u na\u0161em slu\u010daju, postoje\u0107i blokovi TE Plomin tro\u0161e pitku vodu iz izvora Bubi\u0107 jama, dok se gra\u0111ani Labin\u0161tine moraju zadovoljiti manje kvalitetnom vodom iz drugih izvora.<\/p>\n<h2>Zaustavimo Plomin C<\/h2>\n<p>Prekomjerna potro\u0161nja vode tek je jedno od brojnih nali\u010dja termoelektrana na ugljen, pa tako i <a href=\"http:\/\/www.greenpeace.org\/croatia\/hr\/about-us1\/ugljen\/\" target=\"_blank\" rel=\"noopener noreferrer\">projekta Plomin C<\/a>. \u0160tetnim emisijama mikroskopskih \u010destica ta bi elektrana tijekom 40 godina rada prouzro\u010dila 1000 slu\u010dajeva prijevremene smrti, odnosno 25 takvih slu\u010dajeva svake godine. Nadalje, struja koja bi se tamo proizvodila bila bi barem dvostruko skuplja od struje koja se danas mo\u017ee kupiti na tr\u017ei\u0161tu, a ugljen koji bi je proizvodio bio bi potpunosti uvozni jer Hrvatska svog ugljena nema. Dok Labin\u0161tini i Istri donosi zaga\u0111enje i veliku \u0161tetu po zdravlje ljudi, uvozni ugljen istovremeno ostavlja duboke o\u017eiljke na lokalnim zajednicama u zemljama gdje se iskapa. Na koncu, Plominu C jednoglasno su se usprotivili gra\u0111ani Labin\u0161tine \u2013 prije to\u010dno godinu dana <a href=\"http:\/\/www.vecernji.hr\/hrvatska\/istra-na-labinstini-danas-referendum-o-termoelektrani-plomin-c-997614\" target=\"_blank\" rel=\"noopener noreferrer\">94% njih reklo je NE <\/a>termoelektrani na ugljen.<\/p>\n<h2>Kina zaustavlja gradnju novih postrojenja na ugljen<\/h2>\n<p>Nasre\u0107u, termoelektrane na ugljen sve su vi\u0161e stvar pro\u0161losti, i u Europi i u svijetu. Kineska nacionalna energetska uprava ovih je dana nalo\u017eila vlastima u provincijama da <a href=\"http:\/\/energydesk.greenpeace.org\/2016\/03\/24\/china-crackdown-new-coal-power-plants\/\" target=\"_blank\" rel=\"noopener noreferrer\">obustave projekte elektrana na ugljen<\/a>, \u0161to bi moglo zaustaviti \u010dak 250 novih projekata. Pro\u0161le godine u Europskoj uniji, zatvoreno je gotovo dvaput vi\u0161e termoelektrana na ugljen nego \u0161to ih je otvoreno dok golema ve\u0107ina novootvorenih proizvodnih kapaciteta otpada na obnovljive izvore energije, u prvom redu vjetar i sunce.<\/p>\n<h2>NE ugljenu \u2013 DA obnovljivim izvorima<\/h2>\n<p>Najave nove Vlade o dono\u0161enju moratorija na termoelektrane svakako treba pozdraviti. Ali i pozvati nadle\u017ene da od \u0161tetnih projekata, kao \u0161to je Plomin C, treba trajno odustati i sna\u017eno zapo\u010deti eru obnovljivih izvora, ponajprije solara za koje hrvatska obala i hrvatski turizam imaju neiscrpne potencijale.<\/p>\n<hr \/>\n<p style=\"text-align: left;\"><em>Pi\u0161e Zoran Tomi\u0107, Greenpeace Hrvatska<\/em><\/p>\n<\/div>\n","protected":false},"excerpt":{"rendered":"<div>\n\tU ovom tjednu obilje\u017eavamo Svjetski dan voda. Uslijed globalnog porasta stanovni\u0161tva i sve ekstremnijih su\u0161a izazvanih klimatskim promjenama, voda postaje sve ugro\u017eenije prirodno bogatstvo. Jedan od oblika nerazumne potro\u0161nje vode je njezina upotreba za rad termoelektrana na ugljen.\n<\/div>\n","protected":false},"author":1,"featured_media":645,"comment_status":"open","ping_status":"open","sticky":false,"template":"","format":"standard","meta":{"ep_exclude_from_search":false,"p4_og_title":"","p4_og_description":"","p4_og_image":"","p4_og_image_id":"","p4_seo_canonical_url":"","p4_campaign_name":"","p4_local_project":"","p4_basket_name":"","p4_department":"","footnotes":""},"categories":[29],"tags":[27],"p4-page-type":[16],"class_list":["post-644","post","type-post","status-publish","format-standard","has-post-thumbnail","hentry","category-klima-i-energija","tag-fosilnagoriva","p4-page-type-blog"],"_links":{"self":[{"href":"https:\/\/www.greenpeace.org\/croatia\/wp-json\/wp\/v2\/posts\/644","targetHints":{"allow":["GET"]}}],"collection":[{"href":"https:\/\/www.greenpeace.org\/croatia\/wp-json\/wp\/v2\/posts"}],"about":[{"href":"https:\/\/www.greenpeace.org\/croatia\/wp-json\/wp\/v2\/types\/post"}],"author":[{"embeddable":true,"href":"https:\/\/www.greenpeace.org\/croatia\/wp-json\/wp\/v2\/users\/1"}],"replies":[{"embeddable":true,"href":"https:\/\/www.greenpeace.org\/croatia\/wp-json\/wp\/v2\/comments?post=644"}],"version-history":[{"count":4,"href":"https:\/\/www.greenpeace.org\/croatia\/wp-json\/wp\/v2\/posts\/644\/revisions"}],"predecessor-version":[{"id":3308,"href":"https:\/\/www.greenpeace.org\/croatia\/wp-json\/wp\/v2\/posts\/644\/revisions\/3308"}],"wp:featuredmedia":[{"embeddable":true,"href":"https:\/\/www.greenpeace.org\/croatia\/wp-json\/wp\/v2\/media\/645"}],"wp:attachment":[{"href":"https:\/\/www.greenpeace.org\/croatia\/wp-json\/wp\/v2\/media?parent=644"}],"wp:term":[{"taxonomy":"category","embeddable":true,"href":"https:\/\/www.greenpeace.org\/croatia\/wp-json\/wp\/v2\/categories?post=644"},{"taxonomy":"post_tag","embeddable":true,"href":"https:\/\/www.greenpeace.org\/croatia\/wp-json\/wp\/v2\/tags?post=644"},{"taxonomy":"p4-page-type","embeddable":true,"href":"https:\/\/www.greenpeace.org\/croatia\/wp-json\/wp\/v2\/p4-page-type?post=644"}],"curies":[{"name":"wp","href":"https:\/\/api.w.org\/{rel}","templated":true}]}}