{"id":651,"date":"2015-12-03T00:00:00","date_gmt":"2015-12-02T23:00:00","guid":{"rendered":"https:\/\/master.k8s.p4.greenpeace.org\/croatia\/press\/651\/klimatski-pregovori-u-parizu\/"},"modified":"2023-10-05T14:28:20","modified_gmt":"2023-10-05T12:28:20","slug":"klimatski-pregovori-u-parizu","status":"publish","type":"post","link":"https:\/\/www.greenpeace.org\/croatia\/klimatski-pregovori-u-parizu\/","title":{"rendered":"Klimatski pregovori u Parizu"},"content":{"rendered":"<h3 class=\"leader\">Nikada se nije pod istim krovom okupilo toliko svjetskih \u010delnika koliko u ponedjeljak ovdje u Parizu, na globalnim pregovorima o klimi. I svi su govorili o potrebi za liderstvom, rje\u0161avanju problema klimatskih promjena, o tome kako svojoj djeci ne smijemo ostaviti planet nepogodan za \u017eivot. Mnogi od njih izgovarali su velike rije\u010di. Francuski predsjednik Fran\u00e7ois Hollande s pravom je ozna\u010dio ugljen, naftu i plin energentima pro\u0161losti (pritom je zaboravio spomenuti i nuklearnu energiju). I mnogi su rekli kako je budu\u0107nost u obnovljivim izvorima.<\/h3>\n<div>\n<p><img loading=\"lazy\" decoding=\"async\" class=\"aligncenter wp-image-652 size-full\" src=\"https:\/\/www.greenpeace.org\/static\/planet4-croatia-stateless\/2019\/04\/c6f14bc1-c6f14bc1-cop21.jpg\" alt=\"\" width=\"800\" height=\"557\" srcset=\"https:\/\/www.greenpeace.org\/static\/planet4-croatia-stateless\/2019\/04\/c6f14bc1-c6f14bc1-cop21.jpg 800w, https:\/\/www.greenpeace.org\/static\/planet4-croatia-stateless\/2019\/04\/c6f14bc1-c6f14bc1-cop21-300x209.jpg 300w, https:\/\/www.greenpeace.org\/static\/planet4-croatia-stateless\/2019\/04\/c6f14bc1-c6f14bc1-cop21-768x535.jpg 768w, https:\/\/www.greenpeace.org\/static\/planet4-croatia-stateless\/2019\/04\/c6f14bc1-c6f14bc1-cop21-488x340.jpg 488w\" sizes=\"auto, (max-width: 800px) 100vw, 800px\" \/><\/p>\n<p>Kada je Greenpeace po\u010deo govoriti o \u201cuglji\u010dnom bud\u017eetu\u201d koji \u010dovje\u010danstvo ne smije prema\u0161iti, vlade jo\u0161 uvijek nisu prihva\u0107ale \u010dinjenicu da <a href=\"http:\/\/www.theguardian.com\/environment\/2015\/mar\/10\/keep-fossil-fuels-in-the-ground-to-stop-climate-change\" target=\"_blank\" rel=\"noopener noreferrer\">fosilna goriva moraju ostati u zemlji<\/a>. Ove je godine Barack Obama opravdavao odluku o odbacivanju naftovoda Keystone XL \u010dinjenicom da vi\u0161e<a href=\"http:\/\/www.houstonchronicle.com\/local\/gray-matters\/article\/Keystone-6625749.php\" target=\"_blank\" rel=\"noopener noreferrer\">\u00a0ne smijemo sagorjeti niti sva fosilna goriva koja su ve\u0107 prona\u0111ena<\/a> a kamoli ona iz novih izvora.<\/p>\n<p>Ove je po\u010detak. Snaga ljudi pobje\u0111uje. Ali najve\u0107i zaga\u0111iva\u010di jo\u0161 uvijek ne pokazuju pravo liderstvo. Svi oni, bilo da je rije\u010d o SAD-u, Njema\u010dkoj, Kini ili Indiji, imali bi\u00a0<a href=\"http:\/\/www.greenpeace.org\/archive-international\/en\/press\/releases\/Greenpeace-expects-big-action-from-the-big-economies-at-the-Climate-Summit\/\" target=\"_blank\" rel=\"noopener noreferrer\">koristi kad bi se odlu\u010dili na stvarnu energetsku revoluciju<\/a>. \u010cak ni njema\u010dka kancelarka Angela Merkel \u2013 koja je u svom pari\u0161kom obra\u0107anju barem nagovijestila kraj fosilne ere \u2013 nije zahtijevala ono \u0161to nam zaista treba: vlade predane cilju od <a href=\"http:\/\/www.greenpeace.org\/archive-international\/en\/news\/Blogs\/makingwaves\/in-3-steps-COP21\/blog\/54904\/\" target=\"_blank\" rel=\"noopener noreferrer\">100% obnovljivih izvora do 2050<\/a>.<\/p>\n<p>Ali ovdje u Parizu ima i stvarnih lidera, njih koji di\u017eu glas kako za vlastiti tako i za opstanak \u010dovje\u010danstva. \u00a030. studenog 43 najizlo\u017eenije zemlje \u2013 zemlje koje \u0107e biti najte\u017ee pogo\u0111ene klimatskim promjenama \u2013 pozvale su na zaustavljanje zagrijavanja na 1.5 \u00b0C u odnosu na predindustrijsko doba, prag koji ne smijemo prije\u0107i \u017eelimo li da opstanu pacifi\u010dke zemlje kao i mnoge me\u0111u najnerazvijenijima.<\/p>\n<p><em><a href=\"http:\/\/www.thecvf.org\/\">Klimatski forum ranjivih<\/a> <\/em>u svojoj deklaraciji tako\u0111er poziva na \u201c<a href=\"https:\/\/www.greenpeace.org\/croatia\/wp-content\/uploads\/2019\/04\/9c143276-9c143276-adopted_for_distrib-manila-paris-declaration1.pdf\">100% obnovljivu proizvodnju energije do 2050<\/a>\u201c, zahtijevaju\u0107i istinsku akciju i pristaju\u0107i \u201c<a href=\"https:\/\/www.greenpeace.org\/croatia\/wp-content\/uploads\/2019\/04\/9c143276-9c143276-adopted_for_distrib-manila-paris-declaration1.pdf\">poja\u010dati vlastite nacionalne planove kako bi utjecali na pove\u0107anje preuzetih obveza svih zemalja<\/a>.\u201d<\/p>\n<p>Zemlje kao \u0161to su Filipini, Kiribati i Maroko \u2013 doma\u0107in klimatskim pregovorima idu\u0107e godine \u2013 pokazuju istinsko liderstvo. Posramljuju bogatije zemlje. A te imu\u0107nije zemlje sada trebaju odgovoriti na poziv ve\u0107ine ranjivih i pru\u017eiti stvarnu podr\u0161ku. Trebaju krenuti od preuzimanja \u201cve\u0107ih obveza\u201d koje izlo\u017eene dr\u017eave od njih tra\u017ee: obvezati se jo\u0161 ovdje u Parizu na prelazak na 100% obnovljivih izvora koji \u0107e vrijediti za sve.<\/p>\n<p>Obnovljivi izvori su rje\u0161enje. Postupno izbacivanje fosilnih goriva nu\u017ean je preduvjet za <a href=\"https:\/\/www.greenpeace.org\/croatia\/wp-content\/uploads\/2019\/04\/3aceef07-3aceef07-the-solution-to-the-climate-crisis.pdf\">100% obnovljivu budu\u0107nost<\/a> kakvu \u017eelimo. Stoga podr\u017eavamo i pacifi\u010dke zemlje na \u010delu s <a href=\"http:\/\/www.tai.org.au\/content\/international-open-letter-calls-moratorium-new-coal-mines\">Kiribatijem koje pozivaju na hitno zatvaranje svih rudnika ugljena<\/a>. Upotreba ugljena <a href=\"https:\/\/www.greenpeace.org\/croatia\/wp-content\/uploads\/2019\/04\/89566cf1-89566cf1-coals-decline-report-press-new.pdf\">nepovratno opada<\/a> svugdje u svijetu. Ali jo\u0161 uvijek ubija mnoge ljude i treba ga \u0161to prije izbaciti iz upotrebe. To je mogu\u0107e \u2013 solarna energija ve\u0107 <a href=\"http:\/\/energydesk.greenpeace.org\/2015\/12\/01\/india-coal-solar-war\/\">dobiva bitku, \u010dini se \u010dak i u Indiji<\/a>.<\/p>\n<p>Greenpeace ostaje solidaran s tim istinskim vo\u0111ama tijekom ove klimatske konferencije koja se naziva i <a href=\"http:\/\/www.greenpeace.org\/archive-international\/en\/campaigns\/climate-change\/negotiations\/COP21-Paris\/\">COP21<\/a>. I glasno\u00a0\u0107emo govoriti protiv svih zaga\u0111iva\u010da. Nadasve je cini\u010dno da kompanije kao \u0161to su <a href=\"http:\/\/www.theguardian.com\/environment\/2015\/dec\/01\/paris-climate-summit-survey-reveals-greenwash-of-corporate-sponsors\">Engie i EDF sponzoriraju ovu konferenciju<\/a>. Ti energetski dinosauri jo\u0161 uvijek dr\u017ee termoelektrane na ugljen i zaustavljaju <a href=\"http:\/\/www.greenpeace.org\/archive-international\/en\/campaigns\/climate-change\/negotiations\/COP21-Paris\/\">energetsku revoluciju<\/a> tako \u0161to bacaju novac na opasnu i skupu nuklearnu energiju. Zaga\u0111iva\u010de trebamo izbaciti iz ovih klimatskih pregovora.<\/p>\n<p>Objavljeno: <a href=\"http:\/\/www.theguardian.com\/environment\/2015\/dec\/02\/paris-climate-talks-the-poorest-countries-are-putting-the-richest-to-shame\">The Guardian<\/a><\/p>\n<\/div>\n","protected":false},"excerpt":{"rendered":"<div>\n\tNikada se nije pod istim krovom okupilo toliko svjetskih \u010delnika koliko u ponedjeljak ovdje u Parizu, na globalnim pregovorima o klimi. I svi su govorili o potrebi za liderstvom, rje\u0161avanju problema klimatskih promjena, o tome kako svojoj djeci ne smijemo ostaviti planet nepogodan za \u017eivot. Mnogi od njih izgovarali su velike rije\u010di. Francuski predsjednik Fran\u00e7ois Hollande s pravom je ozna\u010dio ugljen, naftu i plin energentima pro\u0161losti (pritom je zaboravio spomenuti i nuklearnu energiju). I mnogi su rekli kako je budu\u0107nost u obnovljivim izvorima.\n<\/div>\n","protected":false},"author":20,"featured_media":652,"comment_status":"open","ping_status":"open","sticky":false,"template":"","format":"standard","meta":{"ep_exclude_from_search":false,"p4_og_title":"","p4_og_description":"","p4_og_image":"","p4_og_image_id":"","p4_seo_canonical_url":"","p4_campaign_name":"","p4_local_project":"","p4_basket_name":"","p4_department":"","footnotes":""},"categories":[29],"tags":[23,27],"p4-page-type":[16],"class_list":["post-651","post","type-post","status-publish","format-standard","has-post-thumbnail","hentry","category-klima-i-energija","tag-obnovljiviizvori","tag-fosilnagoriva","p4-page-type-blog"],"_links":{"self":[{"href":"https:\/\/www.greenpeace.org\/croatia\/wp-json\/wp\/v2\/posts\/651","targetHints":{"allow":["GET"]}}],"collection":[{"href":"https:\/\/www.greenpeace.org\/croatia\/wp-json\/wp\/v2\/posts"}],"about":[{"href":"https:\/\/www.greenpeace.org\/croatia\/wp-json\/wp\/v2\/types\/post"}],"author":[{"embeddable":true,"href":"https:\/\/www.greenpeace.org\/croatia\/wp-json\/wp\/v2\/users\/20"}],"replies":[{"embeddable":true,"href":"https:\/\/www.greenpeace.org\/croatia\/wp-json\/wp\/v2\/comments?post=651"}],"version-history":[{"count":4,"href":"https:\/\/www.greenpeace.org\/croatia\/wp-json\/wp\/v2\/posts\/651\/revisions"}],"predecessor-version":[{"id":3305,"href":"https:\/\/www.greenpeace.org\/croatia\/wp-json\/wp\/v2\/posts\/651\/revisions\/3305"}],"wp:featuredmedia":[{"embeddable":true,"href":"https:\/\/www.greenpeace.org\/croatia\/wp-json\/wp\/v2\/media\/652"}],"wp:attachment":[{"href":"https:\/\/www.greenpeace.org\/croatia\/wp-json\/wp\/v2\/media?parent=651"}],"wp:term":[{"taxonomy":"category","embeddable":true,"href":"https:\/\/www.greenpeace.org\/croatia\/wp-json\/wp\/v2\/categories?post=651"},{"taxonomy":"post_tag","embeddable":true,"href":"https:\/\/www.greenpeace.org\/croatia\/wp-json\/wp\/v2\/tags?post=651"},{"taxonomy":"p4-page-type","embeddable":true,"href":"https:\/\/www.greenpeace.org\/croatia\/wp-json\/wp\/v2\/p4-page-type?post=651"}],"curies":[{"name":"wp","href":"https:\/\/api.w.org\/{rel}","templated":true}]}}