{"id":66120,"date":"2025-05-23T10:39:38","date_gmt":"2025-05-23T08:39:38","guid":{"rendered":"https:\/\/www.greenpeace.org\/croatia\/?p=66120"},"modified":"2025-06-03T17:11:03","modified_gmt":"2025-06-03T15:11:03","slug":"100-obnovljivo-do-2030-plan-za-zelenu-tranziciju-hrvatske-elektroenergetike","status":"publish","type":"post","link":"https:\/\/www.greenpeace.org\/croatia\/100-obnovljivo-do-2030-plan-za-zelenu-tranziciju-hrvatske-elektroenergetike\/","title":{"rendered":"100% obnovljivo do 2030. &#8211; Plan za zelenu tranziciju hrvatske elektroenergetike"},"content":{"rendered":"\n<h2 class=\"wp-block-heading\">Poziv na predstavljanje studije i panel-raspravu<\/h2>\n\n<p><br>Greenpeace u Hrvatskoj poziva Vas na predstavljanje studije \u201c<em>100% obnovljivo do 2030. &#8211; Plan za zelenu tranziciju hrvatske elektroenergetike<\/em>\u201d koje \u0107e se odr\u017eati u <strong>\u010detvrtak, 5. lipnja 2025. <\/strong>(Svjetski dan za\u0161tite okoli\u0161a)<strong> <\/strong>s po\u010detkom<strong> u 10 sati u Novinarskom domu<\/strong> (Perkov\u010deva 2) u Zagrebu.<\/p>\n\n<p>Nakon predstavljanja studije bit \u0107e odr\u017eana <strong>panel-rasprava<\/strong> na temu prelaska na 100% obnovljivu elektri\u010dnu energiju u Hrvatskoj, s naglaskom na glavne korake i preporuke za ostvarenje te vizije. Program u Novinarskom domu uklju\u010duje i dru\u017eenje uz ru\u010dak.&nbsp;<\/p>\n\n<p>Studiju je izradio stru\u010dni tim pod vodstvom prof. dr. sc. Gorana Kraja\u010di\u0107a sa FSB-a.&nbsp;<\/p>\n\n<p>Program doga\u0111anja je u nastavku.<\/p>\n\n<p><br><strong>Ljubazno molimo da se za sudjelovanje prijavite do 2. lipnja <\/strong><a href=\"https:\/\/docs.google.com\/forms\/d\/e\/1FAIpQLScSCbjo7IVGcfuU_tZiM5WOlx1AX7-F_2se1eDo5Q3fcRAh8g\/viewform?usp=header\"><strong>putem ovog obrasca<\/strong><\/a><strong>.<\/strong><br><br><\/p>\n\n<p><strong>PROGRAM<\/strong><\/p>\n\n<p>9:30 &#8211; 10:00<br><strong>Registracije i kava dobrodo\u0161lice<\/strong><\/p>\n\n<p>10:00 &#8211; 10:15<strong><br>Uvodna rije\u010d<\/strong><br>Zoran Tomi\u0107, izvr\u0161ni direktor, Greenpeace HR<\/p>\n\n<p>10:15 &#8211; 11:00<br><strong>Predstavljanje studije <\/strong>\u201c100% obnovljivo do 2030. &#8211; Plan za zelenu tranziciju hrvatske elektroenergetike\u201d<br>dr. sc. Goran Kraja\u010di\u0107, izv. prof., voditelj studije (FSB)<br>Doris Beljan mag. ing. mech., koautorica (FSB)<\/p>\n\n<p>11:00 &#8211; 12:00<br><strong>Panel-rasprava<\/strong><br>Prelazak na 100% obnovljivu elektri\u010dnu energiju u Republici Hrvatskoj &#8211; glavni koraci, prilike i izazovi<\/p>\n\n<p>Panelisti:<br>dr. sc. Goran Kraja\u010di\u0107, izv. prof., voditelj studije (FSB)<\/p>\n\n<p>Mario Stipeti\u0107, MZOZT, ravnatelj Uprave za klimatsku tranziciju<\/p>\n\n<p>Du\u0161ica Radoj\u010di\u0107, dipl. pol. (Hrvatski sabor, predsjednica Odbora za za\u0161titu okoli\u0161a i prirode)<\/p>\n\n<p>prof. dr. sc. Davor \u0160krlec (FER)<\/p>\n\n<p>Melani Furlan, mag. ing. el. techn. (Zelena energetska zadruga)<\/p>\n\n<p>Nina Domazet, MBA (HGK)<\/p>\n\n<p>Moderator: doc. dr. sc. Robert Pa\u0161i\u010dko (UNDP)<\/p>\n\n<p>12:00 &#8211; 13:00<br><strong>Ru\u010dak i dru\u017eenje<\/strong><\/p>\n","protected":false},"excerpt":{"rendered":"<p>Poziv na predstavljanje studije i panel-raspravu 5. lipnja u Novinarskom domu u Zagrebu.<\/p>\n","protected":false},"author":26,"featured_media":66124,"comment_status":"open","ping_status":"open","sticky":false,"template":"","format":"standard","meta":{"ep_exclude_from_search":false,"p4_og_title":"","p4_og_description":"","p4_og_image":"","p4_og_image_id":"","p4_seo_canonical_url":"","p4_campaign_name":"","p4_local_project":"","p4_basket_name":"","p4_department":"","footnotes":""},"categories":[29],"tags":[27,56,24,23],"p4-page-type":[46],"class_list":["post-66120","post","type-post","status-publish","format-standard","has-post-thumbnail","hentry","category-klima-i-energija","tag-fosilnagoriva","tag-fosilniplin","tag-klimatskepromjene","tag-obnovljiviizvori","p4-page-type-vijest"],"_links":{"self":[{"href":"https:\/\/www.greenpeace.org\/croatia\/wp-json\/wp\/v2\/posts\/66120","targetHints":{"allow":["GET"]}}],"collection":[{"href":"https:\/\/www.greenpeace.org\/croatia\/wp-json\/wp\/v2\/posts"}],"about":[{"href":"https:\/\/www.greenpeace.org\/croatia\/wp-json\/wp\/v2\/types\/post"}],"author":[{"embeddable":true,"href":"https:\/\/www.greenpeace.org\/croatia\/wp-json\/wp\/v2\/users\/26"}],"replies":[{"embeddable":true,"href":"https:\/\/www.greenpeace.org\/croatia\/wp-json\/wp\/v2\/comments?post=66120"}],"version-history":[{"count":7,"href":"https:\/\/www.greenpeace.org\/croatia\/wp-json\/wp\/v2\/posts\/66120\/revisions"}],"predecessor-version":[{"id":66137,"href":"https:\/\/www.greenpeace.org\/croatia\/wp-json\/wp\/v2\/posts\/66120\/revisions\/66137"}],"wp:featuredmedia":[{"embeddable":true,"href":"https:\/\/www.greenpeace.org\/croatia\/wp-json\/wp\/v2\/media\/66124"}],"wp:attachment":[{"href":"https:\/\/www.greenpeace.org\/croatia\/wp-json\/wp\/v2\/media?parent=66120"}],"wp:term":[{"taxonomy":"category","embeddable":true,"href":"https:\/\/www.greenpeace.org\/croatia\/wp-json\/wp\/v2\/categories?post=66120"},{"taxonomy":"post_tag","embeddable":true,"href":"https:\/\/www.greenpeace.org\/croatia\/wp-json\/wp\/v2\/tags?post=66120"},{"taxonomy":"p4-page-type","embeddable":true,"href":"https:\/\/www.greenpeace.org\/croatia\/wp-json\/wp\/v2\/p4-page-type?post=66120"}],"curies":[{"name":"wp","href":"https:\/\/api.w.org\/{rel}","templated":true}]}}